{"id":9959,"date":"2025-12-15T20:10:22","date_gmt":"2025-12-15T20:10:22","guid":{"rendered":"https:\/\/pueblosencamino.org\/?p=9959"},"modified":"2025-12-15T20:13:25","modified_gmt":"2025-12-15T20:13:25","slug":"no-quiero-la-guerra","status":"publish","type":"post","link":"https:\/\/pueblosencamino.org\/?p=9959","title":{"rendered":"No quiero la guerra"},"content":{"rendered":"\n<p>Violeta Kiwe Rozental Almendra tiene 11 a\u00f1os y vive en el Norte del Cauca, regi\u00f3n asolada por la guerra que recluta, amenaza, ataca y mata ni\u00f1as, ni\u00f1os y adolescentes en edad escolar. Preocupada por esto y frente al hecho de que Colombia es el pa\u00eds con mayor violencia contra las escuelas en el continente y el cuarto, detr\u00e1s de Gaza, Ucrania y el Congo en el mundo, decidi\u00f3 entrevistar maestras y maestros ind\u00edgenas que s\u00ed sufren y act\u00faan para proteger las escuelas y la infancia. Decidida a que esta realidad y sus esfuerzos se conozcan para que las escuelas dejen de ser v\u00edctimas y se conviertan en fuerzas de paz y libertad, comparte estas voces y luchas porque ella NO QUIERE LA GUERRA.<\/p>\n\n\n\n<p>Les invitamos a escuchar con el coraz\u00f3n los siguientes episodios radiales:<\/p>\n\n\n\n<p><strong>Episodio I<\/strong><\/p>\n\n\n\n<figure class=\"wp-block-embed is-type-video is-provider-youtube wp-block-embed-youtube wp-embed-aspect-16-9 wp-has-aspect-ratio\"><div class=\"wp-block-embed__wrapper\">\n<iframe loading=\"lazy\" title=\"No quiero la guerra\/Episodio I\" width=\"800\" height=\"450\" src=\"https:\/\/www.youtube.com\/embed\/KO5QmjNjPQ8?feature=oembed\" frameborder=\"0\" allow=\"accelerometer; autoplay; clipboard-write; encrypted-media; gyroscope; picture-in-picture; web-share\" referrerpolicy=\"strict-origin-when-cross-origin\" allowfullscreen><\/iframe>\n<\/div><\/figure>\n\n\n\n<p><strong>Episodio II<\/strong><\/p>\n\n\n\n<figure class=\"wp-block-embed is-type-video is-provider-youtube wp-block-embed-youtube wp-embed-aspect-16-9 wp-has-aspect-ratio\"><div class=\"wp-block-embed__wrapper\">\n<iframe loading=\"lazy\" title=\"No quiero la guerra\/Episodio II\" width=\"800\" height=\"450\" src=\"https:\/\/www.youtube.com\/embed\/MnzUCdhqs8M?feature=oembed\" frameborder=\"0\" allow=\"accelerometer; autoplay; clipboard-write; encrypted-media; gyroscope; picture-in-picture; web-share\" referrerpolicy=\"strict-origin-when-cross-origin\" allowfullscreen><\/iframe>\n<\/div><\/figure>\n\n\n\n<p>Pueblos en Camino, diciembre de 2025.<\/p>\n","protected":false},"excerpt":{"rendered":"<p>Violeta Kiwe Rozental Almendra tiene 11 a\u00f1os y vive en el Norte del Cauca, regi\u00f3n asolada por la guerra que<\/p>\n","protected":false},"author":10,"featured_media":9960,"comment_status":"open","ping_status":"closed","sticky":false,"template":"","format":"standard","meta":{"colormag_page_container_layout":"default_layout","colormag_page_sidebar_layout":"default_layout","ngg_post_thumbnail":0,"footnotes":""},"categories":[17,25,93,26],"tags":[1536,584,182,1537,1371],"class_list":["post-9959","post","type-post","status-publish","format-standard","has-post-thumbnail","hentry","category-c16-dominacion-global","category-c11-planes-de-vida","category-destacados","category-c13-resistencias-y-luchas-sociales","tag-guerra-en-el-cauca","tag-narcotrafico","tag-pueblo-nasa","tag-reclutamiento-de-ninez","tag-violeta-kiwe"],"_links":{"self":[{"href":"https:\/\/pueblosencamino.org\/index.php?rest_route=\/wp\/v2\/posts\/9959","targetHints":{"allow":["GET"]}}],"collection":[{"href":"https:\/\/pueblosencamino.org\/index.php?rest_route=\/wp\/v2\/posts"}],"about":[{"href":"https:\/\/pueblosencamino.org\/index.php?rest_route=\/wp\/v2\/types\/post"}],"author":[{"embeddable":true,"href":"https:\/\/pueblosencamino.org\/index.php?rest_route=\/wp\/v2\/users\/10"}],"replies":[{"embeddable":true,"href":"https:\/\/pueblosencamino.org\/index.php?rest_route=%2Fwp%2Fv2%2Fcomments&post=9959"}],"version-history":[{"count":3,"href":"https:\/\/pueblosencamino.org\/index.php?rest_route=\/wp\/v2\/posts\/9959\/revisions"}],"predecessor-version":[{"id":9963,"href":"https:\/\/pueblosencamino.org\/index.php?rest_route=\/wp\/v2\/posts\/9959\/revisions\/9963"}],"wp:featuredmedia":[{"embeddable":true,"href":"https:\/\/pueblosencamino.org\/index.php?rest_route=\/wp\/v2\/media\/9960"}],"wp:attachment":[{"href":"https:\/\/pueblosencamino.org\/index.php?rest_route=%2Fwp%2Fv2%2Fmedia&parent=9959"}],"wp:term":[{"taxonomy":"category","embeddable":true,"href":"https:\/\/pueblosencamino.org\/index.php?rest_route=%2Fwp%2Fv2%2Fcategories&post=9959"},{"taxonomy":"post_tag","embeddable":true,"href":"https:\/\/pueblosencamino.org\/index.php?rest_route=%2Fwp%2Fv2%2Ftags&post=9959"}],"curies":[{"name":"wp","href":"https:\/\/api.w.org\/{rel}","templated":true}]}}