{"id":9561,"date":"2022-07-10T11:19:34","date_gmt":"2022-07-10T11:19:34","guid":{"rendered":"https:\/\/pueblosencamino.org\/?p=9561"},"modified":"2022-07-10T13:31:16","modified_gmt":"2022-07-10T13:31:16","slug":"la-emergencia-del-nosotrxs-2","status":"publish","type":"post","link":"https:\/\/pueblosencamino.org\/?p=9561","title":{"rendered":"La emergencia del Nosotrxs!!!"},"content":{"rendered":"\n<p><strong>Seminario 6: La emergencia del Nosotrxs!!!. <\/strong><\/p>\n\n\n\n<p><strong>Los levantamientos populares. Lo que est\u00e1 pendiente \u00bfO est\u00e1 empeorando?<\/strong><\/p>\n\n\n\n<p><strong><a href=\"https:\/\/pueblosencamino.org\/?p=9524\">Escuche el Panel de apertura<\/a><\/strong><\/p>\n\n\n\n<p><strong>23 de junio de 2022<\/strong><\/p>\n\n\n\n<p><strong>C\u00e1tedra Jorge Alonso 2022<\/strong><\/p>\n\n\n\n<figure class=\"wp-block-embed is-type-video is-provider-youtube wp-block-embed-youtube wp-embed-aspect-16-9 wp-has-aspect-ratio\"><div class=\"wp-block-embed__wrapper\">\n<iframe loading=\"lazy\" title=\"#EnVivo Seminario: La Emergencia del Nosotrxs\" width=\"800\" height=\"450\" src=\"https:\/\/www.youtube.com\/embed\/GVogng2HLsM?feature=oembed\" frameborder=\"0\" allow=\"accelerometer; autoplay; clipboard-write; encrypted-media; gyroscope; picture-in-picture\" allowfullscreen><\/iframe>\n<\/div><\/figure>\n\n\n\n<p>Nuestra voz de aliento, solidaridad; nuestro coraz\u00f3n y presencia a distancia con la lucha y el levantamiento ahora mismo en pie en el Ecuador. Sobra lo dem\u00e1s. Proclaman lo que est\u00e1 pendiente y no toleran lo que est\u00e1 empeorando. Su gesto\/nuestro lo dice todo. Fuera la dictadura. Que viva la lucha de los pueblos del Ecuador que nos inspiran y muestran el camino. Est\u00e1 de pie, se ha levantado y baila para expulsar a los armados. As\u00ed celebra el Inti Raymi en Ecuador esta hermana que de este modo danza la presencia insurrecta del nosotrxs. V\u00e9anla ac\u00e1: <\/p>\n\n\n\n<p><a href=\"https:\/\/www.facebook.com\/jorge.r.mayorga\/videos\/1062683691345418\/\">https:\/\/www.facebook.com\/jorge.r.mayorga\/videos\/1062683691345418\/<\/a><\/p>\n\n\n\n<p>Imposible, in\u00fatil, inoficioso intentar esbozar lo que se comparti\u00f3 hoy. Pertenece a un ser de otro modo ac\u00e1 mismo y ahora, un estar resistiendo\/re-existiendo y tambi\u00e9n haciendo respetar el gestar y el parir: el goce. Liberar la vida de la trampa que la encierra, desprivatizar los cuerpos, alimentar-nos con la Madre Tierra, no en p\u00e9ndulos izquierda-derecha, porque la vida no es en p\u00e9ndulos pero s\u00ed, en cambio, en el fluir entre lo peque\u00f1o y lo grande en el que se desvanece el falso dilema de izquierdas que negaron la crianza y derechas que niegan la vida, porque entre lo local-territorial y cotidiano; lo peque\u00f1o y el re-conocimiento y superaci\u00f3n\/resistencia del orden dominante no hay que escoger sino hacer. Volver al tiempo del hacer de la tierra. Develar y no caer en la trampa de los triunfalismos electorales: \u00a1s\u00f3lo el pueblo salva al pueblo! Usos y costumbres, memoria concreta desde un pueblo Maya. Tejido de resistencias y de autonom\u00edas. Tres dilemas frente a un contexto adverso que nos habita y somete:<\/p>\n\n\n\n<p>1. Abandonar definitivamente el vaiv\u00e9n de la historia que captura toda insurgencia<\/p>\n\n\n\n<p>2. Abandonar las grandes narrativas y vanguardias que niegan lo local territorial teji\u00e9ndose frente a la relaci\u00f3n dominante a consciencia<\/p>\n\n\n\n<p>3. Recuperar-reconfigurar nuestro hacer comunidad<\/p>\n\n\n\n<p>Pensarnos las infancias y las crianzas: Maternar la sabidur\u00eda popular.<\/p>\n\n\n\n<p>Orden de las intervenciones<\/p>\n\n\n\n<p>1. Las comadres p\u00farpuras (presentaci\u00f3n colectiva a cargo de la Comadre Antumbra y la Comadre \u00darsula Remedios): Luchas por una vida digna y por la construcci\u00f3n del poder popular aut\u00f3nomo.<\/p>\n\n\n\n<p>2. Javier Antonio Arbel\u00e1ez (presentaci\u00f3n individual): Soberan\u00eda alimentaria y recuperaci\u00f3n de conocimientos ligados a las semillas, Colombia.<\/p>\n\n\n\n<p>3. Rolando Magana Canul (Presentaci\u00f3n individual): La recuperaci\u00f3n de la identidad maya en las luchas por la defensa del territorio.<\/p>\n\n\n\n<p>4. Jos\u00e9 \u00c1ngel Quintero Weir: La emergencia del Nosotrxs: provocaciones para abrir el debate. (Su intervenci\u00f3n se orienta a sintetizar los puntos abordados en las presentaciones precedentes y en abrir el debate a partir del lanzamiento de preguntas o \u201cprovocaciones\u201d)<\/p>\n\n\n\n<p>Rese\u00f1as biogr\u00e1ficas<\/p>\n\n\n\n<p>1. Las comadres purpura son un colectivo cuyas preocupaciones principales son las luchas concretas por una vida digna y la construcci\u00f3n de una forma pol\u00edtica que sea expresi\u00f3n de una forma distinta de relacionarnos para desmontar las pr\u00e1cticas tradicionales de los partidos y la burocracia. Este colectivo reivindica el goce y el cuidado mutuo como una pr\u00e1ctica pol\u00edtica de amor, afecto y mananidad. La Comadre Antumbra es: artivista, creadora, sentipensante, aprendiz de bruja, trabajadora, cuidadora, luchadora y so\u00f1adora, sin pelos en la lengua, con los pies y las manos en la tierra y con un eclipse en la mirada. La Comadre \u00darsula Remedios: pertenece a un grupo popular aut\u00f3nomo, contracultural, despatriarcal de feministas insurgentes y urbanas, nos activamos pol\u00edtica y art\u00edsticamente en Venezuela articul\u00e1ndonos con distintas realidades y luchas del mundo. Desde el activismo como forma de denuncia social ambas comadres buscan posicionar la problematizaci\u00f3n del machismo en la sociedad venezolana y sus consecuencias en la vida de las mujeres, as\u00ed como el fortalecimiento de una sociedad cr\u00edtica y aut\u00f3noma frente al poder estatal, pol\u00edtico y econ\u00f3mico.<\/p>\n\n\n\n<p>2. Javier Antonio Arbel\u00e1ez. Su hoja de vida son sus manos callosas que no vemos. Se define como neo-campesino, custodio de semillas, vive en Colombia, en su finca en el departamento del Quind\u00edo y vive sabroso.<\/p>\n\n\n\n<p>3. Rolando Iv\u00e1n Maga\u00f1a Canul. Antrop\u00f3logo de origen maya-yucateco. Una persona motivada en su trabajo por el compromiso y la solidaridad con los movimientos sociales y las luchas ind\u00edgenas por la defensa del buen vivir, los saberes tradicionales, la vida digna y la autodeterminaci\u00f3n. Su objetivo de vida es contribuir a crear puentes entre diferentes pueblos o naciones ind\u00edgenas que luchan contra la desigualdad, el racismo, el colonialismo y el despojo de sus territorios en cualquier rinc\u00f3n del mundo.<\/p>\n\n\n\n<p>4. Jos\u00e9 \u00c1ngel Quintero Weir es Mayor ind\u00edgena A\u00f1u, lago de Maracaibo de lo que llaman Venezuela. Sabio, maestro, acad\u00e9mico, escritor, activista.<\/p>\n\n\n\n<p><strong>Pueblos en Camino<\/strong><\/p>\n\n\n\n<p>Las y los invitamos a sentipensar y con\/moverse con la palabra y la acci\u00f3n de compa\u00f1erxs, procesos, movimientos, colectivos, voluntades, compromisos desaf\u00edos que hicieron parte de la C\u00e1tedra Jorge Alonso 2022. Ac\u00e1 puede ver todos los seminarios realizados desde el 12 de mayo hasta el 30 de junio.<\/p>\n\n\n\n<p><strong>Seminario 1:<\/strong>&nbsp;<a href=\"https:\/\/pueblosencamino.org\/?p=9534\">Libertad y Estado no pueden coexistir<\/a><\/p>\n\n\n\n<p><strong>Seminario 2:<\/strong>&nbsp;<a href=\"https:\/\/pueblosencamino.org\/?p=9528\">Exterminar todos los Brutos<\/a><\/p>\n\n\n\n<p><strong>Seminario 3:<\/strong>&nbsp;<a href=\"https:\/\/pueblosencamino.org\/?p=9531\">La Libertad de las Mujeres es la libertad de la humanidad. El desaf\u00edo de reconocer y poner fin al patriarcado\u201d<\/a><\/p>\n\n\n\n<p><strong>Seminario 4:<\/strong>&nbsp;<a href=\"https:\/\/pueblosencamino.org\/?p=9558\">Mafiosidad fascista: del orden liberal al orden del terror<\/a><\/p>\n\n\n\n<p><strong>Seminario 5<\/strong>:&nbsp;<a href=\"https:\/\/pueblosencamino.org\/?p=9540\">Levantarnos es Parar y Ponernos de Pie<\/a><\/p>\n\n\n\n<p><strong>Seminario 6:<\/strong>&nbsp;<a href=\"https:\/\/pueblosencamino.org\/?p=9561\">La emergencia del Nosotrxs!!!<\/a><\/p>\n\n\n\n<p><strong>Seminario 7:<\/strong>&nbsp;<a href=\"https:\/\/pueblosencamino.org\/?p=9566\">Ponernos de pie: Lo que enfrentamos y nos desaf\u00eda<\/a><\/p>\n\n\n\n<p><\/p>\n","protected":false},"excerpt":{"rendered":"<p>Seminario 6: La emergencia del Nosotrxs!!!. Los levantamientos populares. Lo que est\u00e1 pendiente \u00bfO est\u00e1 empeorando? Escuche el Panel de<\/p>\n","protected":false},"author":3,"featured_media":9562,"comment_status":"open","ping_status":"closed","sticky":false,"template":"","format":"standard","meta":{"colormag_page_container_layout":"default_layout","colormag_page_sidebar_layout":"default_layout","ngg_post_thumbnail":0,"footnotes":""},"categories":[25,93,38,29,28,26],"tags":[1404,636,1403,177,941,1405],"class_list":["post-9561","post","type-post","status-publish","format-standard","has-post-thumbnail","hentry","category-c11-planes-de-vida","category-destacados","category-c36-lecciones-aprendidas","category-c12-planes-y-proyectos-de-vida","category-c14-economias-alternativas-y-solidarias","category-c13-resistencias-y-luchas-sociales","tag-antonio-arbelaez","tag-catedra-jorge-alonso","tag-comadres-purpuras","tag-jose-angel-quintero-weir","tag-la-emergencia-del-nosotrxs","tag-rolando-magana"],"_links":{"self":[{"href":"https:\/\/pueblosencamino.org\/index.php?rest_route=\/wp\/v2\/posts\/9561","targetHints":{"allow":["GET"]}}],"collection":[{"href":"https:\/\/pueblosencamino.org\/index.php?rest_route=\/wp\/v2\/posts"}],"about":[{"href":"https:\/\/pueblosencamino.org\/index.php?rest_route=\/wp\/v2\/types\/post"}],"author":[{"embeddable":true,"href":"https:\/\/pueblosencamino.org\/index.php?rest_route=\/wp\/v2\/users\/3"}],"replies":[{"embeddable":true,"href":"https:\/\/pueblosencamino.org\/index.php?rest_route=%2Fwp%2Fv2%2Fcomments&post=9561"}],"version-history":[{"count":3,"href":"https:\/\/pueblosencamino.org\/index.php?rest_route=\/wp\/v2\/posts\/9561\/revisions"}],"predecessor-version":[{"id":9588,"href":"https:\/\/pueblosencamino.org\/index.php?rest_route=\/wp\/v2\/posts\/9561\/revisions\/9588"}],"wp:featuredmedia":[{"embeddable":true,"href":"https:\/\/pueblosencamino.org\/index.php?rest_route=\/wp\/v2\/media\/9562"}],"wp:attachment":[{"href":"https:\/\/pueblosencamino.org\/index.php?rest_route=%2Fwp%2Fv2%2Fmedia&parent=9561"}],"wp:term":[{"taxonomy":"category","embeddable":true,"href":"https:\/\/pueblosencamino.org\/index.php?rest_route=%2Fwp%2Fv2%2Fcategories&post=9561"},{"taxonomy":"post_tag","embeddable":true,"href":"https:\/\/pueblosencamino.org\/index.php?rest_route=%2Fwp%2Fv2%2Ftags&post=9561"}],"curies":[{"name":"wp","href":"https:\/\/api.w.org\/{rel}","templated":true}]}}