{"id":9534,"date":"2022-07-07T01:37:41","date_gmt":"2022-07-07T01:37:41","guid":{"rendered":"https:\/\/pueblosencamino.org\/?p=9534"},"modified":"2022-07-13T15:49:58","modified_gmt":"2022-07-13T15:49:58","slug":"libertad-y-estado-no-pueden-coexistir","status":"publish","type":"post","link":"https:\/\/pueblosencamino.org\/?p=9534","title":{"rendered":"Libertad y Estado no pueden coexistir"},"content":{"rendered":"\n<div class=\"wp-block-group is-layout-flow wp-block-group-is-layout-flow\">\n<p><strong>Seminario 1: Libertad y Estado no pueden coexistir<\/strong><\/p>\n\n\n\n<p><strong>Levantamientos Populares. Lo que sigue estando pendiente o \u00bfEst\u00e1 empeorando?<\/strong><\/p>\n\n\n\n<p><strong><a href=\"https:\/\/pueblosencamino.org\/?p=9524\">Escuche el Panel de apertura<\/a><\/strong><\/p>\n\n\n\n<p><strong>Mayo 19 de 2002<\/strong>.<\/p>\n\n\n\n<p><strong>C\u00e1tedra Jorge Alonso<\/strong>.<\/p>\n\n\n\n<figure class=\"wp-block-embed is-type-video is-provider-youtube wp-block-embed-youtube wp-embed-aspect-16-9 wp-has-aspect-ratio\"><div class=\"wp-block-embed__wrapper\">\n<iframe loading=\"lazy\" title=\"Seminario: La libertad y el estado son incompatibles\" width=\"800\" height=\"450\" src=\"https:\/\/www.youtube.com\/embed\/K9Crm3mjhBw?start=124&#038;feature=oembed\" frameborder=\"0\" allow=\"accelerometer; autoplay; clipboard-write; encrypted-media; gyroscope; picture-in-picture\" allowfullscreen><\/iframe>\n<\/div><\/figure>\n<\/div>\n\n\n\n<p><a href=\"https:\/\/twitter.com\/catedraalonso\/status\/1527318236236111873?s=24&amp;t=P5KERvFVJWtPW-FE8ejXdQ&amp;fbclid=IwAR3WJGQJwl3MU0rJ-2GvglVSrC56CDzwBDCJUp4oQHW6He5BXowYhyj35T0\" rel=\"noreferrer noopener\" target=\"_blank\">https:\/\/twitter.com\/catedra&#8230;\/status\/1527318236236111873&#8230;<\/a> que sucedi\u00f3 al panel de apertura del 12 de mayo y al que seguir\u00e1n seminarios todos los jueves a las 11 am hora de M\u00e9xico hasta el \u00faltimo jueves de junio. La transmisi\u00f3n por YouTube fue bloqueada, pero puede verse en estos v\u00ednculos. En la p\u00e1gina de la C\u00e1tedra encontrar\u00e1n el programa y las grabaciones de estos eventos: <a href=\"http:\/\/www.catedraalonso-ciesas.udg.mx\/noticias\/levantamientos-populares-lo-que-sigue-estando-pendiente-%C2%BFo-est%C3%A1-empeorando?fbclid=IwAR09DpeYJUYJTtNgDibBJ99UT7FgDcw38fC7GvbGx5t2F3_zfxfmlP9Y75w\" rel=\"noreferrer noopener\" target=\"_blank\">http:\/\/www.catedraalonso-ciesas.udg.mx\/&#8230;\/levantamientos&#8230;<\/a><\/p>\n\n\n\n<p>Les invitamos a escuchar esta palabra que viene de procesos y territorios, de luchas, b\u00fasquedas y reflexiones tejidas al hacer y que provocan y pretenden aportar desde una cr\u00edtica ante el espejo a nuestra relaci\u00f3n con los estados, con el estado al que seguimos someti\u00e9ndonos, al que seguimos naturalizando y que nos sigue dominando. Nos levantamos para buscar salidas y libertad en Chile, Ecuador, Colombia, Hait\u00ed, Per\u00fa, Guatemala\u2026en todas partes y en \u00faltima instancia los levantamientos buscaron salidas hacia adentro; estatales, institucionalre.<\/p>\n\n\n\n<p>Erol Polat explica y recuerda porqu\u00e9 el pueblo kurdo no busca tener un estado. Busca liberarse tambi\u00e9n de los estados y de caer en esa trampa. Es un proceso de aprendizaje en la lucha y este proceso logra resumirlo en unos minutos como aporte desde la experiencia y el saber.<\/p>\n\n\n\n<p>Juan Carlos la Rosa Velasco, a partir de las luchas colectivas contra el estado rentista, el modelo venezolano capitalista, colonial y patriarcal, desde la comunidad de El Naranjal y la comunidad El Agua Nos Une, describe el colapso del estado desde Venezuela. Proceso que desnuda al poder y las fantas\u00edas, ilusiones y condiciones que impone y quedan a la vista.<\/p>\n\n\n\n<p>Manuel Rozental recoge en im\u00e1genes la trampa de la salida hacia adentro hacia la toma del poder y la reiteraci\u00f3n de la ilusi\u00f3n del estado. Cita entre otrxs a William C. Anderson activista negro que se form\u00f3 limpiando ba\u00f1os cuando dice \u201c\u2026en lugar de pedir y esperar que el estado cambie, cuando deber\u00edamos ciertamente saber ya que no lo har\u00e1. El estado no es para nosotrxs.\u201d<\/p>\n\n\n\n<p><a href=\"https:\/\/twitter.com\/i\/broadcasts\/1BRJjnXZgABJw\">https:\/\/twitter.com\/i\/broadcasts\/1BRJjnXZgABJw<\/a><\/p>\n\n\n\n<p>Se puede superar este orden injusto de dominio, pero no a trav\u00e9s del estado que le sirve y lo reproduce.<\/p>\n\n\n\n<p><strong>Pueblos en Camino<\/strong><\/p>\n\n\n\n<p>Las y los invitamos a sentipensar y con\/moverse con la palabra y la acci\u00f3n de compa\u00f1erxs, procesos, movimientos, colectivos, voluntades, compromisos desaf\u00edos que hicieron parte de la C\u00e1tedra Jorge Alonso 2022. Ac\u00e1 puede ver todos los seminarios realizados desde el 12 de mayo hasta el 30 de junio.<\/p>\n\n\n\n<p><strong>Seminario 1:<\/strong>&nbsp;<a href=\"https:\/\/pueblosencamino.org\/?p=9534\">Libertad y Estado no pueden coexistir<\/a><\/p>\n\n\n\n<p><strong>Seminario 2:<\/strong>&nbsp;<a href=\"https:\/\/pueblosencamino.org\/?p=9528\">Exterminar todos los Brutos<\/a><\/p>\n\n\n\n<p><strong>Seminario 3:<\/strong>&nbsp;<a href=\"https:\/\/pueblosencamino.org\/?p=9531\">La Libertad de las Mujeres es la libertad de la humanidad. El desaf\u00edo de reconocer y poner fin al patriarcado\u201d<\/a><\/p>\n\n\n\n<p><strong>Seminario 4:<\/strong> <a href=\"https:\/\/pueblosencamino.org\/?p=9558\">Mafiosidad fascista: del orden liberal al orden del terror<\/a><\/p>\n\n\n\n<p><strong>Seminario 5<\/strong>:&nbsp;<a href=\"https:\/\/pueblosencamino.org\/?p=9540\">Levantarnos es Parar y Ponernos de Pie<\/a><\/p>\n\n\n\n<p><strong>Seminario 6:<\/strong> <a href=\"https:\/\/pueblosencamino.org\/?p=9561\">La emergencia del Nosotrxs!!!<\/a><\/p>\n\n\n\n<p><strong>Seminario 7:<\/strong> <a href=\"https:\/\/pueblosencamino.org\/?p=9566\">Ponernos de pie: Lo que enfrentamos y nos desaf\u00eda<\/a><\/p>\n\n\n\n<p><\/p>\n\n\n\n<p><\/p>\n\n\n\n<p><\/p>\n","protected":false},"excerpt":{"rendered":"<p>Seminario 1: Libertad y Estado no pueden coexistir Levantamientos Populares. Lo que sigue estando pendiente o \u00bfEst\u00e1 empeorando? Escuche el<\/p>\n","protected":false},"author":3,"featured_media":9535,"comment_status":"open","ping_status":"closed","sticky":false,"template":"","format":"standard","meta":{"colormag_page_container_layout":"default_layout","colormag_page_sidebar_layout":"default_layout","ngg_post_thumbnail":0,"footnotes":""},"categories":[35,37,93,38],"tags":[636,1396,450,195,363],"class_list":["post-9534","post","type-post","status-publish","format-standard","has-post-thumbnail","hentry","category-c2-como-asi","category-c35-contradiciones","category-destacados","category-c36-lecciones-aprendidas","tag-catedra-jorge-alonso","tag-erol-polat","tag-juan-carlos-la-rosa","tag-libertad","tag-manuel-rozental"],"_links":{"self":[{"href":"https:\/\/pueblosencamino.org\/index.php?rest_route=\/wp\/v2\/posts\/9534","targetHints":{"allow":["GET"]}}],"collection":[{"href":"https:\/\/pueblosencamino.org\/index.php?rest_route=\/wp\/v2\/posts"}],"about":[{"href":"https:\/\/pueblosencamino.org\/index.php?rest_route=\/wp\/v2\/types\/post"}],"author":[{"embeddable":true,"href":"https:\/\/pueblosencamino.org\/index.php?rest_route=\/wp\/v2\/users\/3"}],"replies":[{"embeddable":true,"href":"https:\/\/pueblosencamino.org\/index.php?rest_route=%2Fwp%2Fv2%2Fcomments&post=9534"}],"version-history":[{"count":7,"href":"https:\/\/pueblosencamino.org\/index.php?rest_route=\/wp\/v2\/posts\/9534\/revisions"}],"predecessor-version":[{"id":9599,"href":"https:\/\/pueblosencamino.org\/index.php?rest_route=\/wp\/v2\/posts\/9534\/revisions\/9599"}],"wp:featuredmedia":[{"embeddable":true,"href":"https:\/\/pueblosencamino.org\/index.php?rest_route=\/wp\/v2\/media\/9535"}],"wp:attachment":[{"href":"https:\/\/pueblosencamino.org\/index.php?rest_route=%2Fwp%2Fv2%2Fmedia&parent=9534"}],"wp:term":[{"taxonomy":"category","embeddable":true,"href":"https:\/\/pueblosencamino.org\/index.php?rest_route=%2Fwp%2Fv2%2Fcategories&post=9534"},{"taxonomy":"post_tag","embeddable":true,"href":"https:\/\/pueblosencamino.org\/index.php?rest_route=%2Fwp%2Fv2%2Ftags&post=9534"}],"curies":[{"name":"wp","href":"https:\/\/api.w.org\/{rel}","templated":true}]}}