{"id":915,"date":"2014-05-30T18:15:39","date_gmt":"2014-05-30T18:15:39","guid":{"rendered":"http:\/\/pueblosencamino.org\/wp\/?p=915"},"modified":"2014-05-30T18:15:39","modified_gmt":"2014-05-30T18:15:39","slug":"copinh-fortaleciendonos-en-la-unidad-la-lucha-y-esperanza","status":"publish","type":"post","link":"https:\/\/pueblosencamino.org\/?p=915","title":{"rendered":"COPINH: \u201cFortaleci\u00e9ndonos en la Unidad, la Lucha y Esperanza\u201d"},"content":{"rendered":"<div style=\"text-align: justify;\"> \t<em><span style=\"font-size:14px;\">\u201c\u2026 El COPINH, ratifica su decisi\u00f3n de luchar por la construcci\u00f3n de un proceso que nos descolonice, que luche por la soberan\u00edas, dignidad, diversidad, unidad de posiciones por la emancipaci\u00f3n de los pueblos, por un mundo con equidad, libertad, dignidad y paz con justicia, por nuestra Madre Tierra, teniendo presente siempre nuestra memoria hist\u00f3rica de que somos Pueblo Lenca, somos Lempira, somos su rebeld\u00eda, que seguiremos con nuestro proceso hist\u00f3rico, revitalizando el COPINH, con lealtad, sin permitir m\u00e1s traiciones, luchando con determinaci\u00f3n, con alegr\u00eda y esperanza.\u201d<\/span><\/em><\/div>\n<p>  <!--more-->  <\/p>\n<div style=\"text-align: justify;\"> \t&nbsp;<\/div>\n<div style=\"text-align: justify;\"> \t<img loading=\"lazy\" decoding=\"async\" class=\" size-full wp-image-914\" alt=\"\" src=\"http:\/\/pueblosencamino.org\/wp\/wp-content\/uploads\/2014\/05\/Copinh.jpg\" style=\"width: 650px; height: 435px;\" width=\"886\" height=\"593\" \/><\/div>\n<div style=\"text-align: justify;\">\n<div style=\"text-align: center;\"> \t\t&nbsp;<\/div>\n<div style=\"text-align: center;\"> \t\t<strong><span style=\"font-size:18px;\">Declaraci\u00f3n 10ma de la Asamblea General Ordinaria del Consejo C\u00edvico de Organizaciones Populares e Ind\u00edgenas de Honduras-COPINH&nbsp;<\/span><\/strong><\/div>\n<div style=\"text-align: center;\"> \t\t<strong><span style=\"font-size:18px;\">\u201cFortaleci\u00e9ndonos en la Unidad, la Lucha y Esperanza\u201d<\/span><\/strong><\/div>\n<div style=\"text-align: center;\"> \t\t&nbsp;<\/div>\n<\/p><\/div>\n<div style=\"text-align: justify;\"> \t<span style=\"font-size:14px;\">Nosotras y nosotros delegados y delegadas convocados a la 10MA. ASAMBLEA GENERAL ORDINARIA \u201cFORTALECI\u00c9NDONOS EN LA UNIDAD, LA LUCHA Y ESPERANZA\u201d realizada del 27, 28 Y 29 de mayo del presente a\u00f1o, en Centro de Encuentros y Amistad Utop\u00eda del Consejo C\u00edvico de Organizaci\u00f3n Populares e Ind\u00edgenas de Honduras y ante la presencia de m\u00e1s 700 representantes de 25 municipios de los departamentos de Intibuc\u00e1, Lempira, La Paz, Santa B\u00e1rbara y parte de Comayagua declaramos ante la opini\u00f3n p\u00fablica nacional e internacional, lo siguiente:<\/span><\/div>\n<div style=\"text-align: justify;\"> \t&nbsp;<\/div>\n<div style=\"text-align: justify;\"> \t<span style=\"font-size:14px;\">Despu\u00e9s de amplios y profundos debates sobre nuestros problemas y desaf\u00edos, sue\u00f1os y esperanzas, hemos logrado acuerdos de suma importancia para las luchas y vida de nuestra organizaci\u00f3n y que a pesar de los problemas que nos han afectado los \u00faltimos a\u00f1os, nos hemos abrazado fraternalmente para pensar y sentir unidos y unidas nuestro futuro como comunidades, como pueblos y como partes de nuestra Madre Naturaleza. Hemos logrado tambi\u00e9n acuerdos que fortalecen nuestros objetivos y misiones y los caminos que hemos decidido andar, ratificando nuestro compromiso anticapitalista, anti patriarcal y anti racista.<\/span><\/div>\n<div style=\"text-align: justify;\"> \t&nbsp;<\/div>\n<div style=\"text-align: justify;\"> \t<span style=\"font-size:14px;\">Los debates tambi\u00e9n nos han permitido entender desde la verdad colectiva, que estamos bajo una permanente y terrible amenaza por parte de quienes ven en nuestros territorios una posibilidad de ampliar sus ego\u00edstas y criminales negocios. Pero nuestra pl\u00e1tica de hermanos y hermanas nos hizo entender adem\u00e1s, que son los poderosos, esos que nos gobiernan desde sus instituciones, los que nos explotan desde sus empresas o los que nos reprimen desde sus ej\u00e9rcitos y polic\u00edas, los que nos han declarado la guerra para acaparar y quedarse con el agua, el bosque, los territorios y los bienes de la naturaleza.<\/span><\/div>\n<div style=\"text-align: justify;\"> \t<span style=\"font-size:14px;\">Hablar nos hizo bien para comprender que no tenemos gobierno que nos proteja y entender que no tenemos gobierno para la pobrer\u00eda. Que es un gobierno de los ricos que dirige sus co\u00f1ones y armas de guerra para aplastar nuestros leg\u00edtimos reclamos y doblegar nuestros sue\u00f1os.<\/span><\/div>\n<div style=\"text-align: justify;\"> \t&nbsp;<\/div>\n<div style=\"text-align: justify;\"> \t<span style=\"font-size:14px;\">Hablar nos hizo entender que tenemos raz\u00f3n y que la raz\u00f3n se vuelve una fuente inagotable de fuerza y poder del pueblo. Que nuestra raz\u00f3n y lucha nos ha permitido ir dando saltos pol\u00edticos importantes para el proceso organizativo de reafirmaci\u00f3n y revitalizaci\u00f3n de nuestra cultura, espiritualidad y patrimonio ancestral, de reconocer nuestra coincidencia y posici\u00f3n en la defensa de tierras, territorial, de bienes comunes, de la salud, educaci\u00f3n, del derecho a la democratizaci\u00f3n de la comunicaci\u00f3n, de la juventud, de la diversidad sexual y el proceso anti patriarcal.<\/span><\/div>\n<div style=\"text-align: justify;\"> \t&nbsp;<\/div>\n<div style=\"text-align: justify;\"> \t<span style=\"font-size:14px;\">La raz\u00f3n y la verdad colectiva nos ha permitido entender que debemos avanzar organizativamente en fortalecer la conciencia anti patriarcal y crear nuevas espacios que nos ayuden a hacer justicia ante la exclusi\u00f3n hist\u00f3rica de la mujer Lenca y por eso hemos decidi\u00f3 crear la Asamblea Extraordinaria de Mujeres en todos los niveles, con autonom\u00eda y amplios mandatos, que elegir\u00e1 un Consejo de Mujeres y que ayudar\u00e1 a afirmar la propuesta pol\u00edtica, la formaci\u00f3n y la movilizaci\u00f3n por los derechos de las mujeres Lencas. Tambi\u00e9n la raz\u00f3n y la verdad colectiva no ayud\u00f3 entender la importancia de crear la coordinaci\u00f3n de la diversidad sexual, para acompa\u00f1ar las pol\u00edticas de respeto a las diversidades y la lucha contra la homofobia, lesbofobia, transfobia, en la organizaci\u00f3n y en la sociedad, esto como una ejemplo hist\u00f3rico del pueblo Lenca por hacer justicia ante las y los que han sido invisibilizados por su opciones sexual dentro de nuestro propio pueblo.<\/span><\/div>\n<div style=\"text-align: justify;\"> \t&nbsp;<\/div>\n<div style=\"text-align: justify;\"> \t<span style=\"font-size:14px;\">Hermanas y hermanos del pueblo hondure\u00f1o y el mundo:<\/span><\/div>\n<div style=\"text-align: justify;\"> \t&nbsp;<\/div>\n<div style=\"text-align: justify;\"> \t<span style=\"font-size:14px;\">Despu\u00e9s de amplios e importantes debates como organizaci\u00f3n hemos logrado salir fortalecidos y fortalecidas, m\u00e1s unidos que nunca, con l\u00edneas claras de acci\u00f3n para hacerle frente a las diversas amenazas, pero tambi\u00e9n para avanzar en los cambios y en la construcci\u00f3n de nuestros propios sue\u00f1os.<\/span><\/div>\n<div style=\"text-align: justify;\"> \t&nbsp;<\/div>\n<div style=\"text-align: justify;\"> \t<span style=\"font-size:14px;\">Esa unidad se ve reflejada en la solidaridad con nuestros hermanos y hermanas de San Francisco de Opalaca y R\u00edo Blanco ante los recientes asesinatos de compa\u00f1eros que ofrendaron su vida por un pa\u00eds m\u00e1s justo y por defender los principios inclaudicables de la organizaci\u00f3n. Esa unidad se hace patente ante el compromiso de acompa\u00f1ar las luchas de resistencias en todas y cada una de las comunidades y municipios afectados por las mineras, represas, empresas madereras y otros proyectos de privatizaci\u00f3n, destrucci\u00f3n y saqueo. El compromiso de unidad es resistir, luchar y vencer a los agresores.&nbsp;<\/span><\/div>\n<div style=\"text-align: justify;\"> \t&nbsp;<\/div>\n<div style=\"text-align: justify;\"> \t<span style=\"font-size:14px;\">El COPINH, ratifica su decisi\u00f3n de luchar por la construcci\u00f3n de un proceso que nos descolonice, que luche por la soberan\u00edas, dignidad, diversidad, unidad de posiciones por la emancipaci\u00f3n de los pueblos, por un mundo con equidad, libertad, dignidad y paz con justicia, por nuestra Madre Tierra, teniendo presente siempre nuestra memoria hist\u00f3rica de que somos Pueblo Lenca, somos Lempira, somos su rebeld\u00eda, que seguiremos con nuestro proceso hist\u00f3rico, revitalizando el COPINH, con lealtad, sin permitir m\u00e1s traiciones, luchando con determinaci\u00f3n, con alegr\u00eda y esperanza.<\/span><\/div>\n<div style=\"text-align: justify;\"> \t&nbsp;<\/div>\n<div style=\"text-align: justify;\"> \t<span style=\"font-size:14px;\">\u00a1Con la fuerza ancestral de Iselaca, Lempira, Mota y Etempica se levantan nuestras voces llenas de vida, justicia, dignidad, libertad y paz!<\/span><\/div>\n<div style=\"text-align: justify;\"> \t&nbsp;<\/div>\n<div style=\"text-align: justify;\"> \t<strong><span style=\"font-size:14px;\">COPINH<\/span><\/strong><\/div>\n<div style=\"text-align: justify;\"> \t<strong><span style=\"font-size:14px;\">Coordinaci\u00f3n General del COPINH 2014-2016:<\/span><\/strong><\/div>\n<div style=\"text-align: justify;\"> \t&nbsp;<\/div>\n<div style=\"text-align: justify;\"> \t<span style=\"font-size:14px;\">1. Coordinaci\u00f3n General: Bertha Isabel C\u00e1ceres Flores<\/span><\/div>\n<div style=\"text-align: justify;\"> \t<span style=\"font-size:14px;\">2. Coordinaci\u00f3n de Organizaci\u00f3n: Tomas G\u00f3mez Membre\u00f1o<\/span><\/div>\n<div style=\"text-align: justify;\"> \t<span style=\"font-size:14px;\">3. Coordinaci\u00f3n de Actas: Jos\u00e9 Asenci\u00f3n Mart\u00ednez<\/span><\/div>\n<div style=\"text-align: justify;\"> \t<span style=\"font-size:14px;\">4. Coordinaci\u00f3n de Formaci\u00f3n Pol\u00edtica y Educaci\u00f3n: Jos\u00e9 Hubaldo Pineda<\/span><\/div>\n<div style=\"text-align: justify;\"> \t<span style=\"font-size:14px;\">5. Coordinaci\u00f3n de Gesti\u00f3n y Relaciones Internacionales: J. Santos Sorto<\/span><\/div>\n<div style=\"text-align: justify;\"> \t<span style=\"font-size:14px;\">6. Coordinaci\u00f3n de Finanzas: Lilian Esperanza L\u00f3pez Ben\u00edtez<\/span><\/div>\n<div style=\"text-align: justify;\"> \t<span style=\"font-size:14px;\">7. Coordinaci\u00f3n de Fiscal\u00eda: Francisco G\u00e1mez G\u00e1mez<\/span><\/div>\n<div style=\"text-align: justify;\"> \t<span style=\"font-size:14px;\">8. Coordinaci\u00f3n de Comunicaci\u00f3n: Eugenio Mej\u00eda Morales<\/span><\/div>\n<div style=\"text-align: justify;\"> \t<span style=\"font-size:14px;\">9. Coordinaci\u00f3n de Cultura y Patrimonio Ancestral: Jer\u00f3nimo Guevara<\/span><\/div>\n<div style=\"text-align: justify;\"> \t<span style=\"font-size:14px;\">10. Coordinaci\u00f3n de Tierra, Territorio y Medio Ambiente: Jes\u00fas Rodr\u00edguez<\/span><\/div>\n<div style=\"text-align: justify;\"> \t<span style=\"font-size:14px;\">11. Coordinaci\u00f3n de la Juventud: Kevin Alberto Mendoza<\/span><\/div>\n<div style=\"text-align: justify;\"> \t<span style=\"font-size:14px;\">12. Coordinaci\u00f3n de las Mujeres: Mar\u00eda Santos Dom\u00ednguez<\/span><\/div>\n<div style=\"text-align: justify;\"> \t<span style=\"font-size:14px;\">13. Coordinaci\u00f3n de Salud: Jos\u00e9 Ovidio Mu\u00f1oz<\/span><\/div>\n<div style=\"text-align: justify;\"> \t<span style=\"font-size:14px;\">14. Coordinaci\u00f3n de la Diversidad Sexual: Jos\u00e9 Gaspar S\u00e1nchez<\/span><\/div>\n<div style=\"text-align: justify;\"> \t<span style=\"font-size:14px;\">15. Coordinaci\u00f3n de Asuntos Legales: Sotero Chavarr\u00eda F\u00fanez.<\/span><\/div>\n<div style=\"text-align: justify;\"> \t<span style=\"font-size:14px;\">16. Coordinaci\u00f3n del Consejo de ANCIANAS Y ANCIANOS: Maria Pascuala Vasquez<\/span><\/div>\n<div style=\"text-align: justify;\"> \t&nbsp;<\/div>\n<div style=\"text-align: justify;\"> \t<strong><span style=\"font-size:14px;\">Fuente: <a href=\"http:\/\/www.copinh.org\/article\/declaracion-10ma-asamblea-general-ordinaria-del-co\/\">Consejo C\u00edvico de Organizaciones Populares e Ind\u00edgenas de Honduras<\/a><\/span><\/strong><\/div>\n<div style=\"text-align: justify;\"> \t<a href=\"http:\/\/www.copinh.org\/article\/declaracion-10ma-asamblea-general-ordinaria-del-co\/\"><strong><span style=\"font-size:14px;\">COPINH&nbsp;<\/span><\/strong><\/a><\/div>\n","protected":false},"excerpt":{"rendered":"<p>\u201c\u2026 El COPINH, ratifica su decisi\u00f3n de luchar por la construcci\u00f3n de un proceso que nos descolonice, que luche por<\/p>\n","protected":false},"author":3,"featured_media":914,"comment_status":"open","ping_status":"closed","sticky":false,"template":"","format":"standard","meta":{"colormag_page_container_layout":"default_layout","colormag_page_sidebar_layout":"default_layout","ngg_post_thumbnail":0,"footnotes":""},"categories":[26],"tags":[],"class_list":["post-915","post","type-post","status-publish","format-standard","has-post-thumbnail","hentry","category-c13-resistencias-y-luchas-sociales"],"_links":{"self":[{"href":"https:\/\/pueblosencamino.org\/index.php?rest_route=\/wp\/v2\/posts\/915","targetHints":{"allow":["GET"]}}],"collection":[{"href":"https:\/\/pueblosencamino.org\/index.php?rest_route=\/wp\/v2\/posts"}],"about":[{"href":"https:\/\/pueblosencamino.org\/index.php?rest_route=\/wp\/v2\/types\/post"}],"author":[{"embeddable":true,"href":"https:\/\/pueblosencamino.org\/index.php?rest_route=\/wp\/v2\/users\/3"}],"replies":[{"embeddable":true,"href":"https:\/\/pueblosencamino.org\/index.php?rest_route=%2Fwp%2Fv2%2Fcomments&post=915"}],"version-history":[{"count":0,"href":"https:\/\/pueblosencamino.org\/index.php?rest_route=\/wp\/v2\/posts\/915\/revisions"}],"wp:featuredmedia":[{"embeddable":true,"href":"https:\/\/pueblosencamino.org\/index.php?rest_route=\/wp\/v2\/media\/914"}],"wp:attachment":[{"href":"https:\/\/pueblosencamino.org\/index.php?rest_route=%2Fwp%2Fv2%2Fmedia&parent=915"}],"wp:term":[{"taxonomy":"category","embeddable":true,"href":"https:\/\/pueblosencamino.org\/index.php?rest_route=%2Fwp%2Fv2%2Fcategories&post=915"},{"taxonomy":"post_tag","embeddable":true,"href":"https:\/\/pueblosencamino.org\/index.php?rest_route=%2Fwp%2Fv2%2Ftags&post=915"}],"curies":[{"name":"wp","href":"https:\/\/api.w.org\/{rel}","templated":true}]}}