{"id":8552,"date":"2020-06-12T16:58:21","date_gmt":"2020-06-12T16:58:21","guid":{"rendered":"http:\/\/pueblosencamino.org\/?p=8552"},"modified":"2020-06-12T16:58:26","modified_gmt":"2020-06-12T16:58:26","slug":"el-olvido-en-tiempo-real-testimonios-del-estado-de-desprecio-en-el-campo-y-la-ciudad","status":"publish","type":"post","link":"https:\/\/pueblosencamino.org\/?p=8552","title":{"rendered":"El olvido en tiempo real: Testimonios del Estado de Desprecio en el campo y la ciudad."},"content":{"rendered":"\n<p>Santiago del Estero y Buenos Aires, Argentina. Tiempos de cuarentena y pandemia. Dos testimonios actuales. <\/p>\n\n\n\n<p>Maribel Morales, Atuniyku del Ayllu Yacu Chiri, es una dirigente ind\u00edgena Diaguita-Cacano de Santiago del Estero, sometida ella y tambi\u00e9n su pueblo al abuso que de nuevo sufre desde el machismo y el patriarcado en carne propia.<br><br>Mientras tanto, al mismo tiempo, un ni\u00f1o <em>en situaci\u00f3n de calle<\/em> cae enfermo en Buenos Aires y todo el desprecio institucional en proceso de deterioro queda expuesto en su via crucis. Un testimonio desde las y los trabajadores del Centro Integral de Ayuda a Ni\u00f1as y Ni\u00f1os en Situaci\u00f3n de Calle (CAINA) del gran Buenos Aires, Argentina.<\/p>\n\n\n\n<p>Los protocolos y procedimientos de rigor son una farsa. La farsa es el proceder establecido y ahora, a trav\u00e9s del proceder de estado a la vista en estos y tantos hechos se desnuda la farsa de los protocolos de propaganda. Ni\u00f1as, ni\u00f1os y adolescentes en condici\u00f3n de calle como norma. Explotadxs, se ponen ahora en riesgo lxs trabajadores que a ni\u00f1as, ni\u00f1os y adolescentes les dan refugio, les acompa\u00f1an, les protegen en Centros de Atenci\u00f3n que han venido siendo desmantelados y desfinanciados. Centros que a\u00fan funcionan por el compromiso en condiciones de explotaci\u00f3n de quienes all\u00ed trabajan por entrega y quienes nos comparten este testimonio en tiempo real. <\/p>\n\n\n\n<p>Se pone en mayor riesgo Maribel Morales la dirigente ind\u00edgena expuesta a la violencia de un hombre, de la polic\u00eda, del Estado que aumentan por el valor de denunciar y exigir sus derechos. <\/p>\n\n\n\n<p>Insistimos desde un breve comentario abajo, que nada de esto y mucho m\u00e1s en todas partes es la ausencia del estado: <strong><em>es la normalidad del Estado del Olvido<\/em><\/strong>. Es desde y tambi\u00e9n la Argentina urbana y rural, pero al mismo tiempo, ahora mismo, es la ley del despojo. Es el orden que hoy se ajusta y se encubre sometiendo como siempre y m\u00e1s que nunca el olvido a la ganancia y a la servidumbre. <strong>\u00bfD\u00f3nde Estamos? En Tiempo Real. Pueblos en Camino<\/strong><\/p>\n\n\n\n<figure class=\"wp-block-image size-large\"><img loading=\"lazy\" decoding=\"async\" width=\"1024\" height=\"579\" src=\"http:\/\/pueblosencamino.org\/wp-content\/uploads\/2020\/06\/Calle-BAires-1-1024x579.jpg\" alt=\"\" class=\"wp-image-8554\" srcset=\"https:\/\/pueblosencamino.org\/wp-content\/uploads\/2020\/06\/Calle-BAires-1-1024x579.jpg 1024w, https:\/\/pueblosencamino.org\/wp-content\/uploads\/2020\/06\/Calle-BAires-1-300x170.jpg 300w, https:\/\/pueblosencamino.org\/wp-content\/uploads\/2020\/06\/Calle-BAires-1-768x435.jpg 768w, https:\/\/pueblosencamino.org\/wp-content\/uploads\/2020\/06\/Calle-BAires-1.jpg 1147w\" sizes=\"auto, (max-width: 1024px) 100vw, 1024px\" \/><figcaption>Ni\u00f1as, Ni\u00f1os y Adolescentes en situaci\u00f3n de calle en el invierno de Buenos Aires. Info-news, Junio de 2018 <a href=\"https:\/\/www.infonews.com\/derechos-ninos-ninas-y-adolescentes\/frio-y-desamparo-reclamo-al-gobierno-porteno-los-ninos-y-ninas-situacion-calle-n272733\">https:\/\/www.infonews.com\/derechos-ninos-ninas-y-adolescentes\/frio-y-desamparo-reclamo-al-gobierno-porteno-los-ninos-y-ninas-situacion-calle-n272733<\/a><\/figcaption><\/figure>\n\n\n\n<p class=\"has-text-align-center has-large-font-size\">Santiago del Estero:<br><strong>Violencia de g\u00e9nero contra dirigente ind\u00edgena<\/strong><\/p>\n\n\n\n<p><strong>Privada de su derecho a vivir una vida sin violencia, con mecanismos de acceso a la justicia cargados de violencia institucional, Maribel Eloisa Morales, Atuniyku (autoridad tradicional) de la comunidad ind\u00edgena \u201cAyllu Yacu Chiri\u201d (diaguita cacano), Santiago del Estero.<\/strong><\/p>\n\n\n\n<figure class=\"wp-block-image size-large\"><img loading=\"lazy\" decoding=\"async\" width=\"768\" height=\"1024\" src=\"http:\/\/pueblosencamino.org\/wp-content\/uploads\/2020\/06\/Maribel-Morales-Sgo-768x1024.jpg\" alt=\"\" class=\"wp-image-8560\" srcset=\"https:\/\/pueblosencamino.org\/wp-content\/uploads\/2020\/06\/Maribel-Morales-Sgo.jpg 768w, https:\/\/pueblosencamino.org\/wp-content\/uploads\/2020\/06\/Maribel-Morales-Sgo-225x300.jpg 225w\" sizes=\"auto, (max-width: 768px) 100vw, 768px\" \/><\/figure>\n\n\n\n<p>Maribel Morales ha vivido graves situaciones de&nbsp;<strong>violencia f\u00edsica, psicol\u00f3gica y patrimonial<\/strong>, tambi\u00e9n bajo la modalidad de&nbsp;<strong>violencia institucional<\/strong>, por su lucha en defensa de los derechos territoriales de su comunidad y su familia.<\/p>\n\n\n\n<p>El pasado jueves 28 de mayo Maribel Morales denunci\u00f3 en la&nbsp;<strong>Seccional 20\u00b0 de Polic\u00eda de Villa Atamisqui<\/strong>, Santiago del Estero, a R\u00edchard Ledesma por el delito de usurpaci\u00f3n y estrago rural de su cerco de siembra y, amenazas de violencia f\u00edsica contra su persona. La misma denuncia fue presentada el mismo d\u00eda ante el&nbsp;<strong>Ministerio P\u00fablico Fiscal<\/strong>&nbsp;de la provincia (N\u00b0 519\/2020), bajo la modalidad que ofrece la p\u00e1gina web oficial (mecanismo para presentaci\u00f3n de denuncias establecido por Fiscal\u00eda en el marco del aislamiento social obligatorio). La denuncia en sede policial fue tomada ese d\u00eda por el Oficial Ayudante Leguizam\u00f3n, quien se present\u00f3 en el lugar de los hechos y le comunic\u00f3 a Ledesma que pesaba una orden de restricci\u00f3n contra \u00e9l que le imped\u00eda acercarse a Morales y que deb\u00eda cesar con sus actos usurpatorios.<\/p>\n\n\n\n<p>Sin embargo, esta denuncia fue registrada en la polic\u00eda, seg\u00fan informaci\u00f3n que la misma polic\u00eda brindan, como realizada el d\u00eda s\u00e1bado 30, dos d\u00edas despu\u00e9s de los hechos, por el supuesto delito de amenazas contra Maribel Morales, ordenando la fiscal&nbsp;<strong>Lorena Nieva<\/strong>&nbsp;la prohibici\u00f3n de acercamiento del imputado Ledesma; sin consignar el delito de usurpaci\u00f3n y estrago, tambi\u00e9n se habr\u00eda alterado la verdad al informar que el polic\u00eda que habr\u00eda recibido la denuncia ese s\u00e1bado era Miguel Bravo, falseando as\u00ed el d\u00eda, el nombre del personal policial y sesgando los delitos denunciados.<\/p>\n\n\n\n<p>El domingo 31 Morales se dirige junto a miembros de su familia a su cerco de siembra y descubre al denunciado Ledesma y cuatro hombres m\u00e1s levantando un cercado de ramas dentro de su posesi\u00f3n. En respuesta al reclamo realizado por Morales para que deje de empostar, Ledesma se abalanza contra ella y con la concurrencia de su esposa y otras mujeres de su familia, la agreden violentamente tir\u00e1ndola al piso y golpe\u00e1ndola con golpes de pu\u00f1o, patadas y con garrotes. Mientras era castigada f\u00edsicamente Richard Ledesma le gritaba&nbsp;<em>\u201c\u00a1te voy a hacer c., as\u00ed ya quedo preso de una sola vez!\u201d<\/em>. Tambi\u00e9n fue agredida Y\u00e9nifer Peralta, hija de Maribel Morales cuando intent\u00f3 defender a su madre. Ante estos hechos se dirige a la polic\u00eda de Villa Atamisqui a radicar una nueva denuncia, en esa ocasi\u00f3n es atendida por el Oficial Ayudante Bravo quien le dice que en ese momento no le tomar\u00e1n la denuncia y que,&nbsp;<em>\u201c\u2026cuando puedan hacer funcionar el m\u00f3vil&nbsp;<\/em>(policial)<em>\u2026\u201d<\/em>&nbsp;se dirigir\u00e1n al lugar. Por las evidentes muestras de inacci\u00f3n policial Maribel Morales regresa a donde continuaban impunemente trabajando el grupo de hombres dirigido por Ledesma para defender su derecho y es brutalmente agredida por segunda vez, ella y su hija. Los agresores cesan con la golpiza cuando divisan que se aproxima un patrullero con cinco polic\u00edas, entre ellos el citado oficial Bravo y, quien se present\u00f3 como&nbsp;<strong>Jefe de la Seccional 20\u00b0<\/strong>, quien mostrando molestia exclam\u00f3&nbsp;<em>\u201c\u2026nos hacen perder el tiempo\u2026\u201d<\/em>, traz\u00f3 arbitraria y autoritariamente una l\u00ednea en el suelo con su pie estableciendo una nuevo deslinde sin ning\u00fan fundamento, autoriz\u00f3 a Ledesma a continuar con el empostado y orden\u00f3 a Maribel Morales que regrese a su casa.&nbsp;<\/p>\n\n\n\n<p>Herida y dolorida por los golpes recibidos Morales se dirige al&nbsp;<strong>Hospital de Villa Atamisqui<\/strong>&nbsp;donde constatan las agresiones y, con el certificado otorgado por el centro de salud vuelve a la Seccional 20\u00b0 donde es atendida nuevamente por el oficial Bravo, le recibe la denuncia pero se niega a otorgarle una constancia argumentando desconocer el nombre del fiscal de turno.<\/p>\n\n\n\n<p>Seg\u00fan informaci\u00f3n dada por la misma polic\u00eda la denuncia es asentada ese domingo 31, pero consignan que la misma fue tomada por el oficial Leguizam\u00f3n, caratulada como&nbsp;<strong><em>\u201clesiones leves\u201d<\/em><\/strong>, entre los agresores de Morales se incluyen solamente los nombres de las mujeres y no figura la presencia ni el accionar de R\u00edchard Ledesma. No se informa a la&nbsp;<strong>fiscal Nieva<\/strong>, quien hab\u00eda librado contra Ledesma una prohibici\u00f3n de acercamiento y, en su lugar se instruye como una denuncia nueva en el \u00e1mbito de la fiscal\u00eda de&nbsp;<strong>Miguel \u00c1ngel Torresi<\/strong>. Al d\u00eda siguiente, el polic\u00eda Bravo se hace presente en el domicilio de Maribel Morales para informarle que por orden del&nbsp;<strong>fiscal Torresi<\/strong>&nbsp;tiene&nbsp;<strong><em>\u201cprohibido acercarse\u201d<\/em><\/strong>&nbsp;a sus agresores. Sorprendida por el accionar judicial le manifiesta a Bravo que tiene derecho a no firmar esa notificaci\u00f3n y que se presentar\u00e1 ante el fiscal cuando \u00e9ste la cite. Bravo le expresa que si no firma&nbsp;<em>\u201c\u2026est\u00e1 cometiendo un grave delito\u2026\u201d<\/em>.<\/p>\n\n\n\n<p>Estos hechos fueron informados al&nbsp;<strong>Ministerio de las Mujeres, G\u00e9neros y Diversidad<\/strong>&nbsp;y, al&nbsp;<strong>Instituto Nacional de Asuntos Ind\u00edgenas<\/strong>. Actualmente Morales sigue sin poder ir a su cerco de siembra, donde se cultivan los alimentos para la subsistencia b\u00e1sica de su familia; R\u00edchard Ledesma contin\u00faa impunemente usurpando su territorio sin que la justicia haya hecho nada por la violaci\u00f3n de la orden de restricci\u00f3n.<\/p>\n\n\n\n<p>No es la primera vez que Maribel Morales, Atuniyku del Ayllu Yacu Chiri sufre este tipo de violencia institucional y psicol\u00f3gica, por su condici\u00f3n de ind\u00edgena y de mujer. Ya anteriormente vivi\u00f3 episodios similares cuando su comunidad fue privada de agua para consumo humano por el Municipio de Villa Atamisqui, cuando miembros de su comunidad fueron dejados sin trabajo por denunciar esta situaci\u00f3n, cuando el mismo municipio intent\u00f3 realizar un concurso de pesca en el territorio comunitario sin solicitar el correspondiente permiso, cuando se denunci\u00f3 el estado deplorable de la posta sanitaria, cuando se impide que se destruya el bosque nativo, etc.<\/p>\n\n\n\n<p><strong>Uni\u00f3n Solidaria de Comunidades<\/strong><br><strong>Del Pueblo Diaguita Cacano<\/strong><br><strong>Santiago del Estero &#8211; Argentina<\/strong><br><strong>Fuente:&nbsp;<a>Diaguita Cacano<\/a>&nbsp;usc_cacanos@hotmail.com<br>Indymedia Argentina<br>9 de junio de 2020<br><a href=\"https:\/\/argentina.indymedia.org\/2020\/06\/09\/violencia-de-genero-contra-dirigente-indigena\/\">https:\/\/argentina.indymedia.org\/2020\/06\/09\/violencia-de-genero-contra-dirigente-indigena\/<\/a><\/strong><\/p>\n\n\n\n<p class=\"has-text-align-center has-medium-font-size\"><strong>1ER CASO CONFIRMADO DE COVID-19 EN EL CAINA: <br>EXIGIMOS QUE SE RESPETE NUESTRO ENCUADRE INSTITUCIONAL PARA EVITAR M\u00c1S CONTAGIOS<\/strong><\/p>\n\n\n\n<p>Una persona que trabaja en un C.A.I.N.A envi\u00f3 este correo personal a compa\u00f1erxs, relatando la situaci\u00f3n que luego se reporta en m\u00e1s detalle. \u00c9sta persona est\u00e1 esperando ahora el resultado de las pruebas (hisopado, cultivo nato-far\u00edngeo) del COVID 19. Hasta ahora no presenta s\u00edntomas:<\/p>\n\n\n\n<p>\u00ab<em>Recibimos a un chiquillo de la calle el s\u00e1bado a las 3 de la ma\u00f1ana despu\u00e9s de que estuvo 9 horas afuera a la intemperie esperando que quienes deb\u00edan llevarlo al hisopado aparecieran. Luego de que fue a hacerse el hisopado lo mandaron para el CAINA donde trabajamos. Lo atendimos con la humanidad que nos caracteriza. El s\u00e1bado a la tarde nos llamaron para avisarnos que hab\u00eda dado positivo. Se desat\u00f3 la hecatombe. Mucha de la gente que va actualmente a trabajar lo hace en condiciones p\u00e9simas de trabajo y contractuales. Ante el miedo muchos se fueron, otros valientes y decididos nos quedamos con los dem\u00e1s pibes alojados. La guardia del turno de noche tampoco se present\u00f3. Hicimos lo que pudimos para contener la situaci\u00f3n pero fueron horas de horror y espanto. Llevamos 4 d\u00edas esperando una llamada para hacernos un hisopado. Por ahora yo no tengo sintomatolog\u00eda alguna salvo una terrible indignaci\u00f3n y una tristeza profunda en el alma<\/em>.\u00bb<\/p>\n\n\n\n<figure class=\"wp-block-image size-large\"><img loading=\"lazy\" decoding=\"async\" width=\"804\" height=\"1024\" src=\"http:\/\/pueblosencamino.org\/wp-content\/uploads\/2020\/06\/CAINA-COVID-804x1024.jpeg\" alt=\"\" class=\"wp-image-8553\" srcset=\"https:\/\/pueblosencamino.org\/wp-content\/uploads\/2020\/06\/CAINA-COVID-804x1024.jpeg 804w, https:\/\/pueblosencamino.org\/wp-content\/uploads\/2020\/06\/CAINA-COVID-236x300.jpeg 236w, https:\/\/pueblosencamino.org\/wp-content\/uploads\/2020\/06\/CAINA-COVID-768x978.jpeg 768w, https:\/\/pueblosencamino.org\/wp-content\/uploads\/2020\/06\/CAINA-COVID.jpeg 1005w\" sizes=\"auto, (max-width: 804px) 100vw, 804px\" \/><\/figure>\n\n\n\n<p>El viernes 5 de junio se dio ingreso al CAINA a un adolescente, sin contar con los resultados del Test realizado para descartar Covid-19 (hisopado). Dicho ingreso fue concretado a partir de la presi\u00f3n y exigencia por parte de las autoridades del Ministerio de Desarrollo Humano y H\u00e1bitat (GCBA), quienes desoyeron nuestras demandas como colectivo de Trabajadorxs, desconociendo adem\u00e1s el encuadre institucional establecido para cuidar tanto a les ni\u00f1es y adolescentes alojades como a les trabajadores, que<em><strong> exige contar con el resultado negativo del test para garantizar ingresos cuidados<\/strong><\/em>. Al d\u00eda siguiente, efectores de Salud se comunicaron para informarnos que <em><strong>el resultado del Test era positivo<\/strong><\/em>. Esta intervenci\u00f3n negligente expuso a todo el personal y poblaci\u00f3n alojada a un alto riesgo de contagio. Al momento de publicar este comunicado, a\u00fan nos encontramos intentando que las autoridades garanticen los hisopados (cultivos nasofar\u00edngeos-pruebas diagn\u00f3sticas de COVID 19) para todas aquellas personas que se vieron afectadas por esta situaci\u00f3n. <\/p>\n\n\n\n<figure class=\"wp-block-image size-large\"><img loading=\"lazy\" decoding=\"async\" width=\"960\" height=\"640\" src=\"http:\/\/pueblosencamino.org\/wp-content\/uploads\/2020\/06\/paradores_0.jpeg\" alt=\"\" class=\"wp-image-8555\" srcset=\"https:\/\/pueblosencamino.org\/wp-content\/uploads\/2020\/06\/paradores_0.jpeg 960w, https:\/\/pueblosencamino.org\/wp-content\/uploads\/2020\/06\/paradores_0-300x200.jpeg 300w, https:\/\/pueblosencamino.org\/wp-content\/uploads\/2020\/06\/paradores_0-768x512.jpeg 768w\" sizes=\"auto, (max-width: 960px) 100vw, 960px\" \/><figcaption>Cuarentena por coronavirus: \u00abEst\u00e1n en riesgo ni\u00f1as y ni\u00f1os en situaci\u00f3n de calle\u00bb albergados en paradores. <a href=\"https:\/\/www.pagina12.com.ar\/259810-cuarentena-por-coronavirus-estan-en-riesgo-ninas-y-ninos-en-\">https:\/\/www.pagina12.com.ar\/259810-cuarentena-por-coronavirus-estan-en-riesgo-ninas-y-ninos-en-<\/a><\/figcaption><\/figure>\n\n\n\n<p>La <strong><a href=\"https:\/\/www.tiempoar.com.ar\/nota\/denuncian-que-hay-apenas-70-camas-para-mas-de-800-chicos-en-situacion-de-calle\">situaci\u00f3n actual del CAINA<\/a><\/strong> (Centro de Atenci\u00f3n Integral a la Ni\u00f1ez y Adolescencia, dependiente de la Direcci\u00f3n de Ni\u00f1ez y Adolescencia de la Secretar\u00eda de Desarrollo Social del Gobierno de la Ciudad de Buenos Aires) es <em><strong><a href=\"https:\/\/www.pagina12.com.ar\/259810-cuarentena-por-coronavirus-estan-en-riesgo-ninas-y-ninos-en-\">cr\u00edtica. Desde el comienzo de la pandemia<\/a><\/strong><\/em> entendimos la necesidad de discutir y readecuar el dispositivo para poder continuar garantizando y restituyendo derechos de la poblaci\u00f3n con la que trabajamos. En reiteradas oportunidades demandamos a la Direcci\u00f3n General de Ni\u00f1ez y Adolescencia la apertura de un dispositivo acorde a las caracter\u00edsticas de la misma, con personal adecuado, donde se protocolice un circuito de testeo y espera de resultados previo a cada ingreso. <em><strong>La respuesta de las autoridades fue colocar una pared de madera -que ni siquiera llega al techo-<\/strong><\/em> dividiendo el edificio del CAINA a la mitad, determinando un \u00e1rea para la labor \u201cconvivencial\u201d y otra para el per\u00edodo de \u201caislamiento\u201d. Esto implic\u00f3 adem\u00e1s desdoblar el ya escaso personal para desarrollar las tareas pertinentes a cada \u00e1rea: ya <strong><em>con el licenciamiento de grupos de riesgo el mismo se vio reducido al tercio de su dotaci\u00f3n original, situaci\u00f3n que se agrav\u00f3 con el correr de las semanas y la aparici\u00f3n de casos sospechosos y positivos<\/em><\/strong>.<\/p>\n\n\n\n<figure class=\"wp-block-image size-large\"><img loading=\"lazy\" decoding=\"async\" width=\"740\" height=\"494\" src=\"http:\/\/pueblosencamino.org\/wp-content\/uploads\/2020\/06\/CAINA-fachada.jpg\" alt=\"\" class=\"wp-image-8556\" srcset=\"https:\/\/pueblosencamino.org\/wp-content\/uploads\/2020\/06\/CAINA-fachada.jpg 740w, https:\/\/pueblosencamino.org\/wp-content\/uploads\/2020\/06\/CAINA-fachada-300x200.jpg 300w\" sizes=\"auto, (max-width: 740px) 100vw, 740px\" \/><figcaption>edificios que el GCBA puede demoler para ampliar la Av. Paseo Col\u00f3n y hacer la obra del Metro Bus en la zona.<\/figcaption><\/figure>\n\n\n\n<p>Consideramos urgente que se implementen acciones concretas para prevenir nuevos contagios evitables, y garantizar condiciones dignas de alojamiento y contenci\u00f3n para les ni\u00f1es y adolescentes: En primer lugar, el compromiso por parte de las autoridades del Ministerio de respetar y abonar al cumplimiento del Protocolo de Salud establecido para efectuar ingresos cuidados. Esto permitir\u00e1 detectar tambi\u00e9n r\u00e1pidamente casos positivos, y motorizar en esos casos una atenci\u00f3n integral acorde a sus necesidades en las instituciones correspondientes. Debe construirse una articulaci\u00f3n constante y eficaz con efectores de Salud. Garantizar el testeo inmediato ante casos sospechosos y de contactos estrechos, tanto para la poblaci\u00f3n como para los y las trabajadoras. Adem\u00e1s, exigimos se garantice personal id\u00f3neo con car\u00e1cter estable para cubrir los faltantes de todas las guardias, habilitando materializar el esquema de desdoblamiento de guardias, de acuerdo a las recomendaciones para dispositivos convivenciales de NNyA (Ni\u00f1os, Ni\u00f1as y Adolescentes). Para ello, es necesario tambi\u00e9n formalizar las contrataciones -que actualmente est\u00e1n informalizadas- de lxs acompa\u00f1antes terap\u00e9uticxs, <em><strong>con sueldos muy por debajo de la l\u00ednea de la pobreza<\/strong><\/em>. En este contexto, m\u00e1s que nunca, resulta fundamental que los contratos cuenten con reconocimiento de derechos laborales b\u00e1sicos como ART (Aseguradora de Riesgos de Trabajo), obra social y aguinaldo. De igual manera, precisamos contar con propuestas de talleres l\u00fadico recreativos con frecuencia regular, para atenuar el impacto negativo a nivel subjetivo en les adolescentes, producto del aislamiento y contexto general. A nivel macro, es necesario un  diagn\u00f3stico integral del funcionamiento del circuito de dispositivos para el abordaje de ni\u00f1os, ni\u00f1as y adolescentes en situaci\u00f3n de calle, y avanzar en generar mesas de trabajo con la presencia de los distintos actores parte, para unificar criterios  y estrategias de intervenci\u00f3n, balances, diagn\u00f3sticos, objetivos, etc. <\/p>\n\n\n\n<figure class=\"wp-block-image size-large\"><img loading=\"lazy\" decoding=\"async\" width=\"984\" height=\"656\" src=\"http:\/\/pueblosencamino.org\/wp-content\/uploads\/2020\/06\/CAINA-2.jpg\" alt=\"\" class=\"wp-image-8557\" srcset=\"https:\/\/pueblosencamino.org\/wp-content\/uploads\/2020\/06\/CAINA-2.jpg 984w, https:\/\/pueblosencamino.org\/wp-content\/uploads\/2020\/06\/CAINA-2-300x200.jpg 300w, https:\/\/pueblosencamino.org\/wp-content\/uploads\/2020\/06\/CAINA-2-768x512.jpg 768w\" sizes=\"auto, (max-width: 984px) 100vw, 984px\" \/><\/figure>\n\n\n\n<p>Hasta el momento, a pesar de todo lo que queda por hacer, hemos podido torcer el curso de algunas <em><strong>voluntades pol\u00edticas irresponsables, desinteresadas y de accionar negligente<\/strong><\/em>, avanzando en: refacciones edilicias b\u00e1sicas, una organizaci\u00f3n institucional con coordinaci\u00f3n centralizada; refuerzos parciales; hisopados para los ingresos nuevos; personal de enfermer\u00eda permanente, atenci\u00f3n semanal en psiquiatr\u00eda, insumos de prevenci\u00f3n y profilaxis. Esto fue posible con la presi\u00f3n y acompa\u00f1amiento de diversos actores del campo de la Ni\u00f1ez, a los cuales les hacemos llegar nuestro m\u00e1s sincero agradecimiento: Defensor\u00eda del Pueblo, Ministerio P\u00fablico Tutelar, legisladores y legisladoras del Frente de Todxs de la Ciudad y respectivxs asesorxs, comunerxs, Consejo Directivo de ATE Capital, Junta Interna de Promoci\u00f3n Social, Red APIABA, organizaciones de la comunidad de San Telmo, colectivos de trabajadorxs de la Educaci\u00f3n en UTE, Trabajadorxs del CESAC 15, referentes y efectores de Ni\u00f1ez. Estamos convencidos que <strong><em>es potenciendo estas redes de solidaridad y de trabajo colectivo, como podremos construir otros presentes cuidados y con todos los derechos para nuestras infancias y adolescencias<\/em><\/strong>.<\/p>\n\n\n\n<figure class=\"wp-block-image size-large\"><img loading=\"lazy\" decoding=\"async\" width=\"900\" height=\"506\" src=\"http:\/\/pueblosencamino.org\/wp-content\/uploads\/2020\/06\/situacion-de-calle-dormir-casa-frio.jpg\" alt=\"\" class=\"wp-image-8558\" srcset=\"https:\/\/pueblosencamino.org\/wp-content\/uploads\/2020\/06\/situacion-de-calle-dormir-casa-frio.jpg 900w, https:\/\/pueblosencamino.org\/wp-content\/uploads\/2020\/06\/situacion-de-calle-dormir-casa-frio-300x169.jpg 300w, https:\/\/pueblosencamino.org\/wp-content\/uploads\/2020\/06\/situacion-de-calle-dormir-casa-frio-768x432.jpg 768w\" sizes=\"auto, (max-width: 900px) 100vw, 900px\" \/><figcaption>Sin techo no hay cuarentena. Cosecha Roja <br>en <a href=\"https:\/\/latinta.com.ar\/2020\/03\/sin-techo-no-cuarentena\/\">https:\/\/latinta.com.ar\/2020\/03\/sin-techo-no-cuarentena\/<\/a><\/figcaption><\/figure>\n\n\n\n<p>Como <em><strong>Colectivo de Trabajadorxs nos negamos rotundamente a que la desidia de las autoridades nos exponga sistem\u00e1ticamente al contagio, tanto a nosotros como a los ni\u00f1os y adolescentes alojados<\/strong><\/em>. Exigimos al Gobierno de la Ciudad de Buenos Aires que escuche las demandas y planteos que desde los colectivos de trabajo hemos elevado en los \u00e1mbitos formales gremiales y CyMAT (Comisi\u00f3n de Condiciones y Medio Ambiente de Trabajo) en el Ministerio, y <em><strong>que cesen inmediatamente los aprietes a los y las trabajadores de Ni\u00f1ez que d\u00eda a d\u00eda le ponemos el cuerpo, la cabeza y el coraz\u00f3n<\/strong><\/em> a la enorme tarea de cuidar a la poblaci\u00f3n de mayor vulnerabilidad en la Ciudad. <\/p>\n\n\n\n<p><strong><em>\u00a1Los derechos de lxs pibxs no est\u00e1n en cuarentena, los derechos de lxs pibxs no pueden esperar!<\/em><\/strong><\/p>\n\n\n\n<p><strong>Colectivo de Trabajadores del C.A.I.N.A.<br>Buenos Aires, Argentina<br>Junio 12 de 2020<\/strong><\/p>\n\n\n\n<p class=\"has-medium-font-size\"><strong>Comentario:<\/strong><\/p>\n\n\n\n<p class=\"has-text-align-center has-large-font-size\"><strong>Re-conocernos en la normalidad del <\/strong><br><strong>Estado del Olvido<\/strong><\/p>\n\n\n\n<p>El olvido es el espacio que habita la mayor parte de la humanidad. La norma establecida y asumida como excepci\u00f3n. Una penumbra de condena al silencio y al sufrimiento dise\u00f1ada desde los estados por la historia del despojo. Pero tambi\u00e9n y a pesar del estado, un \u00e1mbito de vida, pleno de memorias, resistencias y experiencias. El no-lugar, el h\u00e1bitat masivo de una humanidad avasallada por pol\u00edticas de Estado -dispositivos de violencia- el lugar al que le imponen olvidarse y negar su propia existencia y la de quienes lo habitan. <\/p>\n\n\n\n<p>En el olvido no hay \u00ababandono del Estado\u00bb: \u00a1NO! el olvido es el Estado, es pol\u00edtica de Estado que incluye como prioridad la dependencia, el terror, el hambre, el abandono, la violencia, de modo que las v\u00edctimas del <em>Estado del olvido<\/em>, tengan que reclamar y a\u00f1orar \u00abmayor presencia del Estado\u00bb y m\u00e1s programas de protecci\u00f3n, seguridad, ayuda, asistencia y atenci\u00f3n. Los estados y el orden de la miseria, la historia de la codicia, establecen como normalidad lo que es privilegio y nutren en el desprecio ordinario, normal, <em>como debe ser<\/em>, el resto de esa misma normalidad que condenan al olvido para atenderlo, protegerlo, judicializarlo, explotarlo, domesticarlo, enmascararlo, manipularlo y, sobre todo, presentarlo como amenaza y riesgo de seguridad para cercarlo y someterlo a la violencia. A diario salen filtradas, escogidas, historias desde ese <em>estado del olvido<\/em>, dep\u00f3sito de donde se recluta para todo lo que haga falta y se experimenta lo que se requiera. Donde el terror y la creatividad son experimentos que se replican, se aplastan y excepcionalizados, se mercantilizan. Donde el s\u00e1lvese quien pueda a toda costa es la pol\u00edtica de Estado, el orden establecido y cumple la funci\u00f3n de conmover, atemorizar, consolidar el temor de caer all\u00ed, fomentar el deseo de salir a toda costa y a costa de todxs y, en lo fundamental, que cada quien acepte y refuerce un orden mercantil, consumista, individualista, competitivo a muerte, en el que todo puede ser peor y cada quien debe agradecer lo que tiene o lo que podr\u00eda conseguir. <\/p>\n\n\n\n<p>La solidaridad, el tejido de afectos, la capacidad de mantener la dignidad, la cordura, y reproducir la vida riendo, creando, perviviendo, sintiendo, viviendo a pesar de todo, del dolor y de la impotencia, son explotadas como historias conmovedoras, aventuras del otro lado, desde fuera del olvido, explotadas <em>pornogr\u00e1ficamente<\/em> para el p\u00fablico referente neutro, el que s\u00ed existe, que, convertidas en mercanc\u00eda, las consume, las juzga y se conmueve, o son negadas desde la propaganda que reproduce y consolida la violencia y el horror; la degradaci\u00f3n y el odio. <\/p>\n\n\n\n<p>El olvido, que es donde habitamos la mayor\u00eda, est\u00e1 simult\u00e1neamente ubicado en el territorio ocupado de nuestros cuerpos como de nuestros imaginarios, como un espacio excepcional que queda all\u00e1, lejos, en otra parte, del que nos protege el Estado, al que hay que temer, al que hay que dise\u00f1arle programas, donde habitan lxs que sobran y sobramos, el mundo de perdedores que habr\u00eda que contener o eliminar porque de nada sirven -o servimos- o adonde uno se compromete a luchar y a defender la vida asumiendo enormes riesgos y carencias o a entrar para acompa\u00f1ar y luchar en condiciones de creciente desprecio que, en el peor de los casos, reciben el reconocimiento y las limosnas del mismo Estado, de la <em>gente de bien<\/em> conmovida, que las engendra, reproduce, ataca, explota y promueve. <\/p>\n\n\n\n<p>Para que el olvido, olvidado, despreciado, se mantenga, expanda y consolide, los valores y pr\u00e1cticas dominantes deben asumirse como normales e inevitables. La cultura del olvido, casi siempre invisible, se establece en la cotidianidad. Es el orden social. Es el Estado social de derecho, cuya \u00fanica pol\u00edtica es la pol\u00edtica del olvido en defensa del referente neutro del privilegio y el poder. Mientras m\u00e1s nos desprecia y somete el Estado como le corresponde en cumplimiento de sus funciones, m\u00e1s le exigimos, m\u00e1s esperamos de \u00e9l, m\u00e1s denunciamos ante sus instituciones y funcionarios, m\u00e1s luchamos por fortalecerlo y por lograr que se acuerde de nosotrxs y que las cumpla. M\u00e1s las cumple y m\u00e1s nos hundimos en el desprecio del Estado del Olvido. Bajo este orden del Estado, s\u00f3lo se sale del olvido seg\u00fan las condiciones que se establecen desde el privilegio y del poder del referente neutro de lo normal y aceptado.  S\u00f3lo se nos ve en el olvido seg\u00fan las intenciones, necesidades e intereses de quienes no lo habitan. Siendo as\u00ed, esa no es una salida. La \u00fanica salida es habitar el olvido y re-conocernos para dejar atr\u00e1s, acabar con el estado que lo produce<\/p>\n\n\n\n<p><strong>Pueblos en Camino<br>\u00bfD\u00f3nde Estamos?<br>En tiempo real<br>Junio 12 de 2020<\/strong><\/p>\n","protected":false},"excerpt":{"rendered":"<p>Santiago del Estero y Buenos Aires, Argentina. Tiempos de cuarentena y pandemia. Dos testimonios actuales. Maribel Morales, Atuniyku del Ayllu<\/p>\n","protected":false},"author":10,"featured_media":8561,"comment_status":"open","ping_status":"closed","sticky":false,"template":"","format":"standard","meta":{"colormag_page_container_layout":"default_layout","colormag_page_sidebar_layout":"default_layout","ngg_post_thumbnail":0,"footnotes":""},"categories":[93,2,4],"tags":[1063,1056,1061,1059,1057],"class_list":["post-8552","post","type-post","status-publish","format-standard","has-post-thumbnail","hentry","category-destacados","category-c22-donde-estamos","category-c46-ajuste-estructural","tag-abandono-del-estado","tag-caina","tag-estado-y-olvido","tag-indigenas-diaguita","tag-ninas-y-ninos-en-situacion-de-calle"],"_links":{"self":[{"href":"https:\/\/pueblosencamino.org\/index.php?rest_route=\/wp\/v2\/posts\/8552","targetHints":{"allow":["GET"]}}],"collection":[{"href":"https:\/\/pueblosencamino.org\/index.php?rest_route=\/wp\/v2\/posts"}],"about":[{"href":"https:\/\/pueblosencamino.org\/index.php?rest_route=\/wp\/v2\/types\/post"}],"author":[{"embeddable":true,"href":"https:\/\/pueblosencamino.org\/index.php?rest_route=\/wp\/v2\/users\/10"}],"replies":[{"embeddable":true,"href":"https:\/\/pueblosencamino.org\/index.php?rest_route=%2Fwp%2Fv2%2Fcomments&post=8552"}],"version-history":[{"count":3,"href":"https:\/\/pueblosencamino.org\/index.php?rest_route=\/wp\/v2\/posts\/8552\/revisions"}],"predecessor-version":[{"id":8564,"href":"https:\/\/pueblosencamino.org\/index.php?rest_route=\/wp\/v2\/posts\/8552\/revisions\/8564"}],"wp:featuredmedia":[{"embeddable":true,"href":"https:\/\/pueblosencamino.org\/index.php?rest_route=\/wp\/v2\/media\/8561"}],"wp:attachment":[{"href":"https:\/\/pueblosencamino.org\/index.php?rest_route=%2Fwp%2Fv2%2Fmedia&parent=8552"}],"wp:term":[{"taxonomy":"category","embeddable":true,"href":"https:\/\/pueblosencamino.org\/index.php?rest_route=%2Fwp%2Fv2%2Fcategories&post=8552"},{"taxonomy":"post_tag","embeddable":true,"href":"https:\/\/pueblosencamino.org\/index.php?rest_route=%2Fwp%2Fv2%2Ftags&post=8552"}],"curies":[{"name":"wp","href":"https:\/\/api.w.org\/{rel}","templated":true}]}}