{"id":7948,"date":"2019-11-15T16:03:26","date_gmt":"2019-11-15T16:03:26","guid":{"rendered":"http:\/\/pueblosencamino.org\/?p=7948"},"modified":"2019-11-15T16:03:28","modified_gmt":"2019-11-15T16:03:28","slug":"la-debacle-del-mas-en-bolivia-evo-perdio-a-evo","status":"publish","type":"post","link":"https:\/\/pueblosencamino.org\/?p=7948","title":{"rendered":"La debacle del MAS en Bolivia. Evo perdi\u00f3 a Evo"},"content":{"rendered":"\n<p>Ra\u00fal Zibechi hace un recorrido por los hechos, los movimientos, las din\u00e1micas y las voces de la debacle del MAS conducida por Evo y Garc\u00eda Linera, sin dejar de reconocer que \u00abM\u00e1s temprano que tarde, la alianza de diversidades que alg\u00fan d\u00eda represent\u00f3 el MAS volver\u00e1 al Palacio Quemado, porque es la mayor\u00eda social y cultural del pa\u00eds andino. Ser\u00eda deseable que no fuera la repetici\u00f3n, necesariamente degradada, del MAS actual, porque el paso del tiempo termina pudriendo las aguas estancadas. \u00bb Frente a la intolerancia de quienes han pretendido condenar como golpista la verdad y la critica, este relato soportado en hechos deber\u00eda ayudar a entender que el fanatismo y falsedad de fascistas y capitalistas y su corolario la violencia racista, no es superable, por el contrario, se refuerza con la intolerancia, los se\u00f1alamientos, los encubrimientos de quienes convocan a una posici\u00f3n contra el golpe y los fascistas que respalde incondicionalmente a Evo cuando \u00e9l mismo ya ha acumulado suficientes errores y ha hecho demasiado da\u00f1o. <strong>\u00a1C\u00f3mo as\u00ed? Contradicciones. Pueblos en Camino<\/strong><\/p>\n\n\n\n<p class=\"has-text-align-center has-large-font-size\"><strong>Evo perdi\u00f3 a Evo<\/strong><\/p>\n\n\n\n<figure class=\"wp-block-image size-large\"><img loading=\"lazy\" decoding=\"async\" width=\"748\" height=\"498\" src=\"http:\/\/pueblosencamino.org\/wp-content\/uploads\/2019\/11\/Evochimore2.jpg\" alt=\"\" class=\"wp-image-7950\" srcset=\"https:\/\/pueblosencamino.org\/wp-content\/uploads\/2019\/11\/Evochimore2.jpg 748w, https:\/\/pueblosencamino.org\/wp-content\/uploads\/2019\/11\/Evochimore2-300x200.jpg 300w\" sizes=\"auto, (max-width: 748px) 100vw, 748px\" \/><figcaption>Concentraci\u00f3n del MAS<\/figcaption><\/figure>\n\n\n\n<p>Tras casi catorce a\u00f1os, el gobierno de Evo Morales se desplom\u00f3 en poco menos de un mes, debido a denuncias masivas de fraude y perpetuaci\u00f3n en el poder. Otrora l\u00edder campesino, esta vez Morales no logr\u00f3 apelar, frente al ascenso de una derecha racista y oportunista, al apoyo de las organizaciones populares bolivianas, debilitadas tras a\u00f1os de cooptaci\u00f3n y represi\u00f3n a manos del oficialismo. Entre los intentos de restauraci\u00f3n y la avanzada golpista, el pueblo boliviano se prepara, otra vez, para resistir.<\/p>\n\n\n\n<p><em>\u201cSe\u00f1or Presidente, desde el fondo de nuestro coraz\u00f3n y con gran pesar te decimos: \u00bfd\u00f3nde te perdiste? Porque no vives dentro de los preceptos ancestrales que dice que debemos respetar el muyu (c\u00edrculo): s\u00f3lo una vez debemos gobernar. \u00bfPor qu\u00e9 has prostituido a nuestra Pachamama? \u00bfPor qu\u00e9 mandaste a quemar la Chiquitan\u00eda? \u00bfPor qu\u00e9 maltrataste a nuestros hermanos ind\u00edgenas en Chaparina y en Tariqu\u00eda?\u201d<\/em>, dice el Manifiesto de la Naci\u00f3n Qhara Qhara, con el que un sector del movimiento ind\u00edgena se incorporaba el pasado jueves 7 de noviembre a las protestas contra el fraude electoral en Bolivia.<\/p>\n\n\n\n<p>El manifiesto es una de las piezas m\u00e1s duras contra Evo Morales, quiz\u00e1 porque proviene de las propias entra\u00f1as de la fuerza que lo llev\u00f3 al poder:&nbsp;<em>\u201cRespeta nuestras culturas, ya no siembres m\u00e1s odio entre los hermanos del campo y de la ciudad, deja de dividir a los pueblos, ya vulneraste su libre determinaci\u00f3n. Deja de enviar ind\u00edgenas como carne de ca\u00f1\u00f3n para el respaldo de tus intereses y de los que te rodean, que ya no son los nuestros; deja de enviar matones a maltratar a nuestra gente; deja que vivamos en nuestra ley; deja de hablar en nombre de los ind\u00edgenas, que ya perdiste tu identidad\u201d<\/em>&nbsp;(<em>Fides<\/em>, 7-XI-19).<\/p>\n\n\n\n<p>El contraste de lo que ahora ocurre con lo sucedido en octubre de 2003, durante la primera guerra del gas, es notable. En aquella ocasi\u00f3n todos los movimientos sociales se enfrentaron al gobierno de Gonzalo S\u00e1nchez de Lozada, pagando un precio de m\u00e1s de 60 muertos y cientos de heridos y mutilados. Pese a la brutal represi\u00f3n -el ej\u00e9rcito ametrall\u00f3 a los manifestantes desde helic\u00f3pteros- la poblaci\u00f3n consigui\u00f3 doblegar al gobierno, que debi\u00f3 renunciar.<\/p>\n\n\n\n<p>Pero en esta ocasi\u00f3n, tras tres semanas de protestas opositoras y denuncias de fraude en las elecciones del 20 de octubre en las que Morales se proclam\u00f3 reelecto, hab\u00eda mucha rabia hacia el gobierno entre gran parte de los dirigentes y las bases de las organizaciones sociales, que al llegar la tarde del pasado domingo 10 se hab\u00edan ido manifestando por la renuncia del presidente, como la Central Obrera Boliviana, la federaci\u00f3n minera y organizaciones ind\u00edgenas. Por eso, ese d\u00eda la derecha m\u00e1s extremista pudo entrar a la casa de gobierno sin problemas y nadie sali\u00f3 de inmediato a la calle a defender a Morales cuando el Ej\u00e9rcito le sugiri\u00f3 que renunciara.<\/p>\n\n\n\n<figure class=\"wp-block-image size-large\"><img loading=\"lazy\" decoding=\"async\" width=\"1024\" height=\"683\" src=\"http:\/\/pueblosencamino.org\/wp-content\/uploads\/2019\/11\/No-olvida-1024x683.jpg\" alt=\"\" class=\"wp-image-7951\" srcset=\"https:\/\/pueblosencamino.org\/wp-content\/uploads\/2019\/11\/No-olvida-1024x683.jpg 1024w, https:\/\/pueblosencamino.org\/wp-content\/uploads\/2019\/11\/No-olvida-300x200.jpg 300w, https:\/\/pueblosencamino.org\/wp-content\/uploads\/2019\/11\/No-olvida-768x513.jpg 768w, https:\/\/pueblosencamino.org\/wp-content\/uploads\/2019\/11\/No-olvida.jpg 1960w\" sizes=\"auto, (max-width: 1024px) 100vw, 1024px\" \/><figcaption>Marcha de la oposici\u00f3n que aprovechan golpistas y fascistas<\/figcaption><\/figure>\n\n\n\n<p>En estos casi 14 a\u00f1os en el gobierno hubo actuaciones del oficialista Movimiento al Socialismo (Mas) que los movimientos sociales no olvidaron. Entre 2002 y 2006 se form\u00f3 el Pacto de Unidad entre las principales organizaciones campesinas e ind\u00edgenas como sost\u00e9n del gobierno de Morales: Confederaci\u00f3n Sindical \u00danica de Trabajadores Campesinos de Bolivia, Consejo Nacional de Ayllus y Markas del Qullasuyu (Conamaq), Confederaci\u00f3n de Pueblos Ind\u00edgenas del Oriente de Bolivia (Cidob), Confederaci\u00f3n Nacional de Mujeres Campesinas Ind\u00edgenas Originarias de Bolivia \u201cBartolina Sisa\u201d y juntas vecinales de El Alto. A fines de 2011, Cidob y Conamaq decidieron abandonar el Pacto de Unidad por considerar que&nbsp;<em>\u201cel Poder Ejecutivo ha parcializado la participaci\u00f3n de las organizaciones ind\u00edgenas, valorando m\u00e1s que todo a las organizaciones afines al Mas\u201d<\/em>, al tiempo que consideraban que ello afectaba&nbsp;<em>\u201cde forma directa a nuestros territorios, culturas y nuestros recursos naturales\u201d<\/em>.<\/p>\n\n\n\n<p>En junio de 2012, Cidob denunci\u00f3&nbsp;<em>\u201cla intromisi\u00f3n del gobierno con el \u00fanico prop\u00f3sito de manipular, dividir y afectar a las instancias org\u00e1nicas y representativas de los pueblos ind\u00edgenas de Bolivia\u201d<\/em>&nbsp;(Cidob, 7-VI-12.). Un grupo de disidentes de la Confederaci\u00f3n apoyado por el gobierno desconoci\u00f3 a las autoridades y convocaron una \u201ccomisi\u00f3n ampliada\u201d para elegir nuevas autoridades.<\/p>\n\n\n\n<p>En diciembre de 2013, disidentes de&nbsp;Conamaq&nbsp;<em>\u201cafines al Mas\u201d<\/em>&nbsp;tomaron el local de la organizaci\u00f3n y golpearon y expulsaron a quienes all\u00ed se encontraban con apoyo de la polic\u00eda, que permaneci\u00f3 resguardando la sede e impidi\u00f3 que las leg\u00edtimas autoridades pudieran recuperarla (<em>Servindi<\/em>, 11-XII-13.). El comunicado posterior de&nbsp;Conamaq&nbsp;asegur\u00f3 que el ataque en su contra se dio para&nbsp;<em>\u201caprobar todas las pol\u00edticas contrarias al movimiento ind\u00edgena originario y al pueblo boliviano, sin que nadie pueda decir nada\u201d<\/em>.<\/p>\n\n\n\n<figure class=\"wp-block-image size-large\"><img loading=\"lazy\" decoding=\"async\" width=\"900\" height=\"380\" src=\"http:\/\/pueblosencamino.org\/wp-content\/uploads\/2019\/11\/CONAMAQ-CAIO.jpg\" alt=\"\" class=\"wp-image-7952\" srcset=\"https:\/\/pueblosencamino.org\/wp-content\/uploads\/2019\/11\/CONAMAQ-CAIO.jpg 900w, https:\/\/pueblosencamino.org\/wp-content\/uploads\/2019\/11\/CONAMAQ-CAIO-300x127.jpg 300w, https:\/\/pueblosencamino.org\/wp-content\/uploads\/2019\/11\/CONAMAQ-CAIO-768x324.jpg 768w\" sizes=\"auto, (max-width: 900px) 100vw, 900px\" \/><\/figure>\n\n\n\n<p><strong>SALTO AL VAC\u00cdO.<\/strong>&nbsp;El mi\u00e9rcoles 13 se produjo una situaci\u00f3n in\u00e9dita, un vuelco tan importante como hab\u00eda sido la renuncia de Morales tres d\u00edas antes. Jeanine \u00c1\u00f1ez fue ungida presidenta en un parlamento sin qu\u00f3rum, ya que los diputados del Mas, la mayor\u00eda absoluta, no pudieron ingresar al recinto, as\u00ed como tampoco la senadora masista Adriana Salvatierra. Presidenta del Senado, Salvatierra hab\u00eda renunciado p\u00fablicamente a ese cargo, aunque no a su banca, el mismo d\u00eda que lo hicieron Evo Morales y el vicepresidente \u00c1lvaro Garc\u00eda Linera. Aunque intent\u00f3 ingresar al recinto parlamentario, ella y los diputados de su bancada fueron impedidos de hacerlo por la fuerza p\u00fablica.<\/p>\n\n\n\n<p>\u00c1\u00f1ez, por su parte, era vicepresidenta segunda de la c\u00e1mara alta y pudo llegar a la presidencia de la Rep\u00fablica porque todos los dem\u00e1s en la l\u00ednea de sucesi\u00f3n, masistas ellos, renunciaron tambi\u00e9n como parte de la pol\u00edtica del gobierno de denunciar un golpe. La actual presidenta es miembro de la alianza opositora Unidad Dem\u00f3crata y es una aliada incondicional de las elites racistas del departamento de Santa Cruz. De este modo, tres d\u00edas despu\u00e9s de la renuncia de Evo se consum\u00f3 un verdadero golpe, aunque en realidad unos y otros colaboraron en que se llegara a esta situaci\u00f3n.<\/p>\n\n\n\n<figure class=\"wp-block-image size-large\"><img loading=\"lazy\" decoding=\"async\" width=\"639\" height=\"825\" src=\"http:\/\/pueblosencamino.org\/wp-content\/uploads\/2019\/11\/Ya\u00f1ez-y-Camacho.jpg\" alt=\"\" class=\"wp-image-7953\" srcset=\"https:\/\/pueblosencamino.org\/wp-content\/uploads\/2019\/11\/Ya\u00f1ez-y-Camacho.jpg 639w, https:\/\/pueblosencamino.org\/wp-content\/uploads\/2019\/11\/Ya\u00f1ez-y-Camacho-232x300.jpg 232w\" sizes=\"auto, (max-width: 639px) 100vw, 639px\" \/><figcaption>\u00c1\u00f1ez y Camacho. Biblia, racismo y respaldo imperial<\/figcaption><\/figure>\n\n\n\n<p>La cronolog\u00eda de este vuelco arranca con las elecciones del 20 de octubre, pero sobre todo con la interrupci\u00f3n del conteo de votos y su reanudaci\u00f3n, 24 horas despu\u00e9s, con datos que contradec\u00edan los difundidos hasta el d\u00eda anterior. Una situaci\u00f3n que dio lugar a las sospechas, al repetir una din\u00e1mica de fraude demasiado evidente y tradicional en nuestra Am\u00e9rica Latina como para ser ignorada. Ah\u00ed comenz\u00f3 una protesta que fue creciendo lentamente hasta el viernes 8 de noviembre, protagonizada en gran medida por los grupos c\u00edvicos, sectores de clase media con gran implantaci\u00f3n en las grandes ciudades del Oriente del pa\u00eds.<\/p>\n\n\n\n<p>Al parecer el gobierno de Morales subestim\u00f3 la magnitud de las protestas, ya que manten\u00eda una alianza con el Comit\u00e9 C\u00edvico de Santa Cruz, luego de haberlos derrotado en su intento secesionista de 2008. Las cosas parec\u00edan mantenerse dentro de un cauce favorable al Mas, que ten\u00eda buenas relaciones con la Organizaci\u00f3n de Estados Americanos (en particular con su secretario general, Luis Almagro), al punto que el candidato opositor Carlos Mesa rechaz\u00f3 la auditor\u00eda pactada entre esa organizaci\u00f3n y el gobierno.<\/p>\n\n\n\n<p>La situaci\u00f3n cambi\u00f3 bruscamente el viernes 8, al extenderse un mot\u00edn policial iniciado en Santa Cruz y La Paz. En las redes sociales circularon versiones que aseguraban que los polic\u00edas fueron \u201ccomprados\u201d con dinero de una empresa localizada en Santa Cruz. Lo cierto es que el mot\u00edn policial fue un punto de inflexi\u00f3n cuyo origen y circunstancias ser\u00e1 necesario investigar. El gobierno no pod\u00eda contar con la polic\u00eda, pero tampoco pod\u00eda enviar a las fuerzas armadas contra los manifestantes, lo que hubiera creado una situaci\u00f3n insostenible entre sus propias bases. Peor a\u00fan, no pod\u00eda contar con organizaciones populares fuertes que lo defendieran, porque estas hab\u00edan sido purgadas y muchos de sus dirigentes apartados y condenados, algunos al ostracismo, otros encarcelados. En este punto, presidente y vice decidieron arriesgar. Llegado el domingo ensayaron una jugada que consisti\u00f3 en salir de La Paz, saturada de barricadas y protestas, con la intenci\u00f3n de retornar en mejores condiciones.<\/p>\n\n\n\n<p>La derecha sigui\u00f3 operando, probablemente y como es habitual en estos casos, con apoyo de la embajada de Estados Unidos. Tom\u00f3 la delantera un personaje siniestro, el empresario cruce\u00f1o Luis Fernando Camacho. Con un discurso radical y ultracat\u00f3lico, de claro contenido racista y colonial (v\u00e9ase recuadro), Camacho se erigi\u00f3 en representante de las clases medias blancas del Oriente y de las elites terratenientes de la regi\u00f3n m\u00e1s rica del pa\u00eds. Convoc\u00f3 un cabildo para desconocer los resultados de las elecciones y con su discurso incendiario desbord\u00f3 tanto a los \u201cc\u00edvicos\u201d cruce\u00f1os que conviv\u00edan sin mayores problemas con el Mas, como a Mesa, a quien desplaz\u00f3 en pocos d\u00edas como referente de la oposici\u00f3n. Se trata de un oportunista ultra que tras la quema de whipalas protagonizada por los suyos debi\u00f3 pedir perd\u00f3n, en una muestra del escaso margen que tienen los m\u00e1s conservadores en la Bolivia actual.<\/p>\n\n\n\n<p><strong>LA GUERRA Y LAS MUJERES.<\/strong>&nbsp;Si la oligarqu\u00eda cruce\u00f1a mostr\u00f3 su extremismo de la mano de Camacho, el oficialismo no se qued\u00f3 atr\u00e1s. El ministro de la Presidencia de Bolivia, Juan Ram\u00f3n Quintana, declar\u00f3 a&nbsp;<em>Sputnik<\/em>&nbsp;d\u00edas antes de la debacle del gobierno que&nbsp;<em>\u201cBolivia se va a convertir en un gran campo de batalla, un Vietnam moderno\u201d<\/em>&nbsp;(30-X-19).<\/p>\n\n\n\n<p>Uno de los m\u00e1s altos cargos del gobierno de Evo, Quintana mostr\u00f3 su alejamiento de la realidad al decir que&nbsp;<em>\u201caqu\u00ed hay una acumulaci\u00f3n pol\u00edtica de los movimientos sociales que est\u00e1n dispuestos a pelear\u201d<\/em>. Y propuso una estrategia consistente en&nbsp;<em>\u201cuna batalla campal frente a la virulencia mentirosa de los medios\u201d<\/em>, que en su opini\u00f3n son parte de&nbsp;<em>\u201cuna guerra de dimensiones muy complejas, desconocidas, que nos va a exigir much\u00edsimo agudizar el pensamiento, la estrategia de autodefensa\u201d<\/em>.<\/p>\n\n\n\n<p>Las mujeres fueron el sector que con mayor claridad y transparencia se empe\u00f1\u00f3 en desarmar los dispositivos guerreros. En La Paz, el colectivo Mujeres Creando convoc\u00f3 un Parlamento de Mujeres (al que asisti\u00f3 un pu\u00f1ado de varones), donde se esforzaron por construir&nbsp;<em>\u201cvoces colectivas\u201d<\/em>&nbsp;que desafiaran la polarizaci\u00f3n en curso. En esos momentos, en la ciudad de El Alto miles de j\u00f3venes gritaban&nbsp;<em>\u201cahora s\u00ed, guerra civil\u201d<\/em>, flameando la whipala.<\/p>\n\n\n\n<figure class=\"wp-block-embed-youtube wp-block-embed is-type-video is-provider-youtube wp-embed-aspect-4-3 wp-has-aspect-ratio\"><div class=\"wp-block-embed__wrapper\">\n<iframe loading=\"lazy\" title=\"Ahora s\u00ed, guerra civil en Bolivia\" width=\"800\" height=\"600\" src=\"https:\/\/www.youtube.com\/embed\/WyszJizt4bg?feature=oembed\" frameborder=\"0\" allow=\"accelerometer; autoplay; encrypted-media; gyroscope; picture-in-picture\" allowfullscreen><\/iframe>\n<\/div><\/figure>\n\n\n\n<p>Muchas mujeres mostraron una doble indignaci\u00f3n, contra el fraude de Morales y contra la derecha racista. En general, predomin\u00f3 una defensa de los avances generados en la \u00faltima d\u00e9cada y media, no todos atribuibles al Mas, si no al hecho de que gan\u00f3 terreno la potencia creativa de los movimientos, que las autoridades nunca pudieron ignorar.<\/p>\n\n\n\n<p>Destac\u00f3 la intervenci\u00f3n de la soci\u00f3loga e historiadora Silvia Rivera Cusicanqui:&nbsp;<em>\u201cYo no creo en las dos hip\u00f3tesis que se han manejado. El triunfalismo de que con la ca\u00edda de Evo hemos recuperado la democracia me parece un exceso, un an\u00e1lisis que se est\u00e1 saliendo de foco<\/em>&nbsp;(\u2026)&nbsp;<em>La segunda hip\u00f3tesis equivocada, que me parece a m\u00ed sumamente peligrosa, es la del golpe de Estado, que simplemente quiere legitimar, enterito, con paquete y todo, envuelto en celofanes, a todo el gobierno de Evo Morales en sus momentos de degradaci\u00f3n mayor. Toda esa degradaci\u00f3n, legitimarla con la idea del golpe de Estado es criminal, y por lo tanto debe pensarse c\u00f3mo es que ha empezado esa degradaci\u00f3n\u201d<\/em>&nbsp;(<em>Desinform\u00e9monos<\/em>, 13-XI-19).<\/p>\n\n\n\n<p>En la misma orientaci\u00f3n, la vocera de Mujeres Creando, Mar\u00eda Galindo, escribi\u00f3 en su columna en&nbsp;<em>P\u00e1gina Siete<\/em>:&nbsp;<em>\u201cEl sentimiento de abandono y orfandad que deja ver el despegar a Evo Morales rumbo a M\u00e9xico se siente en las calles. La gente me llama a la radio y rompe en llanto sin poder hablar, su sentimiento de debilidad y de abandono hacen que de la memoria se les borren por arte del dolor las violencias y arbitrariedades del caudillo, y que la gente lo a\u00f1ore como padre protector y benefactor\u201d<\/em>&nbsp;(13-XI-19).<\/p>\n\n\n\n<p><strong>UN FUTURO INCIERTO.<\/strong>&nbsp;Fracasado el plan de Morales-Garc\u00eda Linera para retornar como \u201cpacificadores\u201d, se abre la caja de las sorpresas. La iniciativa la tiene la ultraderecha racista y fascista, que cuenta con enormes recursos materiales y medi\u00e1ticos para encaramarse en el poder, aunque no tiene la legitimidad para mantenerlo.<\/p>\n\n\n\n<figure class=\"wp-block-image size-large\"><img loading=\"lazy\" decoding=\"async\" width=\"992\" height=\"558\" src=\"http:\/\/pueblosencamino.org\/wp-content\/uploads\/2019\/11\/Dijo-No.jpg\" alt=\"\" class=\"wp-image-7949\" srcset=\"https:\/\/pueblosencamino.org\/wp-content\/uploads\/2019\/11\/Dijo-No.jpg 992w, https:\/\/pueblosencamino.org\/wp-content\/uploads\/2019\/11\/Dijo-No-300x169.jpg 300w, https:\/\/pueblosencamino.org\/wp-content\/uploads\/2019\/11\/Dijo-No-768x432.jpg 768w\" sizes=\"auto, (max-width: 992px) 100vw, 992px\" \/><\/figure>\n\n\n\n<p>La memoria larga, concepto de Rivera Cusicanqui, nos ense\u00f1a que las elites racistas pueden permanecer en el poder a sangre y fuego durante largo tiempo, aunque no tengan apoyo social, porque tienen medios para hacerlo. Sin embargo, la memoria corta, complemento de la anterior, apunta algo diferente, por lo menos desde 2000 en Bolivia: la potencia de las y los de abajo impide que los reg\u00edmenes racistas y patriarcales puedan gozar de estabilidad y durabilidad. Porque las mujeres y los pueblos originarios ya no se dejan, como lo ense\u00f1an estos d\u00edas las calles de Santiago y las de Quito, testigos de una alianza de nuevo tipo (de hecho y en los hechos) que se plasma en que la bandera mapuche ondea en manos blancas y que las mujeres abrieron una grieta en Ecuador en el fragor del combate.<\/p>\n\n\n\n<p>La salida a la tremenda situaci\u00f3n que vive Bolivia pueden ser las elecciones generales que el gobierno que usurpa \u00c1\u00f1ez debe convocar de forma inmediata. Como apunta la soci\u00f3loga Raquel Guti\u00e9rrez Aguilar, la alternativa es&nbsp;<em>\u201celecciones generales o guerra civil\u201d<\/em>. Si hablaran las urnas, es muy probable que el pr\u00f3ximo presidente sea Carlos Mesa, pero que el Mas conserve una importante bancada y siga siendo, tal vez, el partido m\u00e1s votado.<\/p>\n\n\n\n<p>M\u00e1s temprano que tarde, la alianza de diversidades que alg\u00fan d\u00eda represent\u00f3 el Mas volver\u00e1 al Palacio Quemado, porque es la mayor\u00eda social y cultural del pa\u00eds andino. Ser\u00eda deseable que no fuera la repetici\u00f3n, necesariamente degradada, del Mas actual, porque el paso del tiempo termina pudriendo las aguas estancadas. Para que eso no suceda, una nueva cultura pol\u00edtica debe arraigar en los dirigentes y cuadros de los movimientos y organizaciones. Una cultura capaz de beber en las tradiciones andinas de rotaci\u00f3n de cargos y de complementariedad entre g\u00e9neros, edades y, ahora tambi\u00e9n, visiones del mundo. Una cultura que se deje permear por el radical rechazo al patriarcado de las feministas, que est\u00e1n deconstruyendo caudillismos y organizaciones jer\u00e1rquicas.<\/p>\n\n\n\n<p>Bolivia puede aportarnos, como pocas regiones en nuestra Am\u00e9rica, las contribuciones de ambas vertientes. Sin ellas, ser\u00e1 imposible tejer, comunitariamente, un tapiz emancipador capaz de superar las opresiones que nos atraviesan.<\/p>\n\n\n\n<p><strong>Ra\u00fal Zibechi<br>Noviembre 15 de 2019<\/strong><\/p>\n","protected":false},"excerpt":{"rendered":"<p>Ra\u00fal Zibechi hace un recorrido por los hechos, los movimientos, las din\u00e1micas y las voces de la debacle del MAS<\/p>\n","protected":false},"author":10,"featured_media":7954,"comment_status":"open","ping_status":"closed","sticky":false,"template":"","format":"standard","meta":{"colormag_page_container_layout":"default_layout","colormag_page_sidebar_layout":"default_layout","ngg_post_thumbnail":0,"footnotes":""},"categories":[35,37],"tags":[863,831,864,865,862,523],"class_list":["post-7948","post","type-post","status-publish","format-standard","has-post-thumbnail","hentry","category-c2-como-asi","category-c35-contradiciones","tag-debacle-en-bolivia","tag-evo","tag-evo-perdio-a-evo","tag-historia-del-mas","tag-mas","tag-raul-zibechi"],"_links":{"self":[{"href":"https:\/\/pueblosencamino.org\/index.php?rest_route=\/wp\/v2\/posts\/7948","targetHints":{"allow":["GET"]}}],"collection":[{"href":"https:\/\/pueblosencamino.org\/index.php?rest_route=\/wp\/v2\/posts"}],"about":[{"href":"https:\/\/pueblosencamino.org\/index.php?rest_route=\/wp\/v2\/types\/post"}],"author":[{"embeddable":true,"href":"https:\/\/pueblosencamino.org\/index.php?rest_route=\/wp\/v2\/users\/10"}],"replies":[{"embeddable":true,"href":"https:\/\/pueblosencamino.org\/index.php?rest_route=%2Fwp%2Fv2%2Fcomments&post=7948"}],"version-history":[{"count":1,"href":"https:\/\/pueblosencamino.org\/index.php?rest_route=\/wp\/v2\/posts\/7948\/revisions"}],"predecessor-version":[{"id":7955,"href":"https:\/\/pueblosencamino.org\/index.php?rest_route=\/wp\/v2\/posts\/7948\/revisions\/7955"}],"wp:featuredmedia":[{"embeddable":true,"href":"https:\/\/pueblosencamino.org\/index.php?rest_route=\/wp\/v2\/media\/7954"}],"wp:attachment":[{"href":"https:\/\/pueblosencamino.org\/index.php?rest_route=%2Fwp%2Fv2%2Fmedia&parent=7948"}],"wp:term":[{"taxonomy":"category","embeddable":true,"href":"https:\/\/pueblosencamino.org\/index.php?rest_route=%2Fwp%2Fv2%2Fcategories&post=7948"},{"taxonomy":"post_tag","embeddable":true,"href":"https:\/\/pueblosencamino.org\/index.php?rest_route=%2Fwp%2Fv2%2Ftags&post=7948"}],"curies":[{"name":"wp","href":"https:\/\/api.w.org\/{rel}","templated":true}]}}