{"id":730,"date":"2014-04-01T17:52:16","date_gmt":"2014-04-01T17:52:16","guid":{"rendered":"http:\/\/pueblosencamino.org\/wp\/?p=730"},"modified":"2014-04-01T17:52:16","modified_gmt":"2014-04-01T17:52:16","slug":"secreto-revelado-encuesta-corporativa-de-marketing","status":"publish","type":"post","link":"https:\/\/pueblosencamino.org\/?p=730","title":{"rendered":"Secreto Revelado: Encuesta corporativa de marketing"},"content":{"rendered":"<p class=\"p1\"> \tMe explican que recientemente las 10 multinacionales m\u00e1s poderosas del mundo se aliaron en un interesado esfuerzo corporativo para reimpulsar sus ventas, afectadas como est\u00e1n por la crisis actual. Dedicando muchos recursos econ\u00f3micos, humanos y 16 meses de trabajo, recorrieron todos los rincones del planeta para poder contar con la encuesta de h\u00e1bitos m\u00e1s completa que haya existido nunca.&nbsp;<\/p>\n<p>  <!--more-->  <\/p>\n<p class=\"p1\" style=\"text-align: center;\"> \t&nbsp;<\/p>\n<p class=\"p1\" style=\"text-align: center;\"> \t<a href=\"http:\/\/gustavoduch.wordpress.com\/2014\/04\/01\/secreto-revelado\/\"><span style=\"font-size:18px;\"><strong>La Fertilidad de la Tierra. Gustavo Duch. Marzo 2014<\/strong><\/span><\/a><\/p>\n<p class=\"p1\"> \t&nbsp;<\/p>\n<p class=\"p2\"> \t<span style=\"font-size:14px;\">La informaci\u00f3n me la facilitan mis amigos de la <i>Sociedad de Periodismo Comprometido y Cr\u00edtico<\/i> y entiendes perfectamente que quienes impulsaron la encuesta no quieran que se conozcan sus resultados.<\/span><\/p>\n<p class=\"p3\"> \t&nbsp;<\/p>\n<p class=\"p2\"> \t<span style=\"font-size:14px;\">Me explican que recientemente las 10 multinacionales m\u00e1s poderosas del mundo se aliaron en un interesado esfuerzo corporativo para reimpulsar sus ventas, afectadas como est\u00e1n por la crisis actual. Dedicando muchos recursos econ\u00f3micos, humanos y 16 meses de trabajo, recorrieron todos los rincones del planeta para poder contar con la encuesta de h\u00e1bitos m\u00e1s completa que haya existido nunca. <\/span><\/p>\n<p class=\"p2\"> \t<span style=\"font-size:14px;\"><img decoding=\"async\" alt=\"\" src=\"http:\/\/fc02.deviantart.net\/fs71\/f\/2013\/094\/7\/5\/truth__top_secret_by_discouragedone-d60fu6v.jpg\" style=\"width: 650px; height: 366px;\" \/><\/span><\/p>\n<p class=\"p2\"> \t<span style=\"font-size:14px;\">La pregunta clave a la que buscaban respuesta era <i>\u00bfqu\u00e9 nos hace felices?<\/i> Con programas inform\u00e1ticos de estad\u00edstica analizaron y agruparon cada una de esas millones de respuestas, obteniendo los siguientes 10 resultados. Lo que nos hace feliz es:<\/span><\/p>\n<p class=\"p2\"> \t&nbsp;<\/p>\n<ul class=\"ul1\">\n<li class=\"li4\"> \t\t<span style=\"font-size:14px;\">Acunar en tus brazos a un beb\u00e9 y sentir su energ\u00eda nueva y poderosa.<\/span><\/li>\n<li class=\"li4\"> \t\t<span style=\"font-size: 14px;\">Bajo la sombra de una higuera, de una ceiba, de un arce, de una acacia o de un sauce escuchar el canto de la guitarra, de la gaita, de la flauta de pan o del koto acompa\u00f1ano la voz del poeta.<\/span><\/li>\n<li class=\"li4\"> \t\t<span style=\"font-size: 14px;\">Reunirse con familia y amistades, de siempre o por estrenar, en torno a una mesa o en el banco de la plaza y, mientras las miradas se encuentran, conversar, polemizar, contar y escuchar.<\/span><\/li>\n<li class=\"li4\"> \t\t<span style=\"font-size: 14px;\">Un rinc\u00f3n, una luz tenue, un mate, caf\u00e9 o t\u00e9 y el silencio necesario para disfrutar del libro entre manos.<\/span><\/li>\n<li class=\"li4\"> \t\t<span style=\"font-size: 14px;\">El roce de un cuerpo amado, la caricia hecha y la recibida, y entonces estremecerse. El beso que deja sin aliento.<\/span><\/li>\n<li class=\"li4\"> \t\t<span style=\"font-size:14px;\">Cuando el Sol reci\u00e9n asoma sus primeros rayos, hundir las manos en la tierra sembrada, regar los geranios del balc\u00f3n, recolectar los frutos maduros, orde\u00f1ar las vacas\u2026<\/span><\/li>\n<li class=\"li4\"> \t\t<span style=\"font-size: 14px;\">Sumergirse en el silencio del fondo del mar, sintiendo el oleaje tenue sobre ti, o en una poza fr\u00eda donde descansa el agua de un r\u00edo que busca su destino.<\/span><\/li>\n<li class=\"li4\"> \t\t<span style=\"font-size: 14px;\">La tertulia, la reuni\u00f3n, la asamblea -a veces clandestina a veces no- con quienes piensan parecido, para confabular c\u00f3mo transformar el mundo, para so\u00f1ar como mejorarlo. Y hacerlo posible.<\/span><\/li>\n<li class=\"li4\"> \t\t<span style=\"font-size: 14px;\">Un paseo, para unos extremo y aventurado; para otros, viejitos, corto y aplanado, por el bosque, por cumbres heladas o por la alameda que lleva del pueblo a la ermita. En primavera cuando despiertan los p\u00e1jaros.<\/span><\/li>\n<li class=\"li4\"> \t\t<span style=\"font-size: 14px;\">El vac\u00edo, respirando el Sol.<\/span><\/li>\n<li class=\"li4\"> \t\t<span style=\"font-size: 14px;\">Y as\u00ed fue que en el primer paso de su fabuloso plan de marketing, las diez corporaciones descubrieron que ninguno de los verdaderos placeres nos lo pueden vender, ni los podemos comprar.<\/span><\/li>\n<\/ul>\n<p class=\"p2\"> \t&nbsp;<\/p>\n<p class=\"p2\"> \t<span style=\"font-size:14px;\">Porque EN NUESTRA FELICIDAD TAMBIEN SOMOS SOBERANOS.<\/span><\/p>\n<p class=\"p2\"> \t&nbsp;<\/p>\n<p class=\"p2\"> \t<a href=\"http:\/\/gustavoduch.wordpress.com\/2014\/04\/01\/secreto-revelado\/\"><span style=\"font-size:18px;\"><strong>Gustavo Duch<\/strong><\/span><\/a><\/p>\n<p class=\"p2\"> \t<a href=\"http:\/\/gustavoduch.wordpress.com\/2014\/04\/01\/secreto-revelado\/\"><span style=\"font-size:18px;\"><strong>Plabre-Ando<\/strong><\/span><\/a><\/p>\n<p class=\"p2\"> \tAbril 1 de 2014<\/p>\n","protected":false},"excerpt":{"rendered":"<p>Me explican que recientemente las 10 multinacionales m\u00e1s poderosas del mundo se aliaron en un interesado esfuerzo corporativo para reimpulsar<\/p>\n","protected":false},"author":3,"featured_media":0,"comment_status":"open","ping_status":"closed","sticky":false,"template":"","format":"standard","meta":{"colormag_page_container_layout":"default_layout","colormag_page_sidebar_layout":"default_layout","ngg_post_thumbnail":0,"footnotes":""},"categories":[28],"tags":[],"class_list":["post-730","post","type-post","status-publish","format-standard","hentry","category-c14-economias-alternativas-y-solidarias"],"_links":{"self":[{"href":"https:\/\/pueblosencamino.org\/index.php?rest_route=\/wp\/v2\/posts\/730","targetHints":{"allow":["GET"]}}],"collection":[{"href":"https:\/\/pueblosencamino.org\/index.php?rest_route=\/wp\/v2\/posts"}],"about":[{"href":"https:\/\/pueblosencamino.org\/index.php?rest_route=\/wp\/v2\/types\/post"}],"author":[{"embeddable":true,"href":"https:\/\/pueblosencamino.org\/index.php?rest_route=\/wp\/v2\/users\/3"}],"replies":[{"embeddable":true,"href":"https:\/\/pueblosencamino.org\/index.php?rest_route=%2Fwp%2Fv2%2Fcomments&post=730"}],"version-history":[{"count":0,"href":"https:\/\/pueblosencamino.org\/index.php?rest_route=\/wp\/v2\/posts\/730\/revisions"}],"wp:attachment":[{"href":"https:\/\/pueblosencamino.org\/index.php?rest_route=%2Fwp%2Fv2%2Fmedia&parent=730"}],"wp:term":[{"taxonomy":"category","embeddable":true,"href":"https:\/\/pueblosencamino.org\/index.php?rest_route=%2Fwp%2Fv2%2Fcategories&post=730"},{"taxonomy":"post_tag","embeddable":true,"href":"https:\/\/pueblosencamino.org\/index.php?rest_route=%2Fwp%2Fv2%2Ftags&post=730"}],"curies":[{"name":"wp","href":"https:\/\/api.w.org\/{rel}","templated":true}]}}