{"id":6664,"date":"2018-11-16T13:53:00","date_gmt":"2018-11-16T13:53:00","guid":{"rendered":"http:\/\/pueblosencamino.org\/?p=6664"},"modified":"2018-11-16T15:49:58","modified_gmt":"2018-11-16T15:49:58","slug":"fascismo-en-el-siglo-xxi-si-senores","status":"publish","type":"post","link":"https:\/\/pueblosencamino.org\/?p=6664","title":{"rendered":"\u00bfFascismo en el siglo XXI? S\u00ed se\u00f1ores"},"content":{"rendered":"\n<p>H\u00e9ctor Mondrag\u00f3n habla con la autoridad humilde y firme que le da toda una vida de estudiar luchando y para la lucha. Toda la vida ha caminado la palabra y esto le ha costado. En carne propia y sin protagonizar, por el contrario, poniendo siempre el \u00e9nfasis en los procesos colectivos y en los sufrimientos y dolores consecuencia de las aterradoras injusticias inherentes al capital,  su vida, enraizada directamente en las luchas, es una entrega para generar alternativas frente a la agresi\u00f3n, para las resistencias, las luchas por la tierra, la vida, la libertad en colectivo. Por eso H\u00e9ctor, hace a\u00f1os, viene reconociendo, estudiando, observando y se\u00f1alando el fascismo que crece y se fortalece en el siglo XXI. Este art\u00edculo, reflejo de su conocimiento, compromiso, estudio y excepcional claridad pol\u00edtica deja expuesto con contundencia lo que se necesita reconocer. Hay fascismo, sin duda, viene creciendo, tiene organizaciones, actores, gobiernos y nombres propios, tiene antecedentes precisos y una historia que lo reitera y actualiza. No nos hace, desde esta perspectiva pol\u00edtica-\u00e9tica-vital da\u00f1o nombrar fascismo al fascismo. Por el contrario, desviar la atenci\u00f3n y la prioridad a un debate sobre el t\u00e9rmino fascismo, sobre el concepto y los efectos negativos potenciales que tendr\u00eda usarlo, es decir no ver el fascismo como hecho social-pol\u00edtico concreto sino la interpretaci\u00f3n para el buen o mal uso de un concepto nos desgasta y debilita a la hora de entender lo que se nos vino encima para enfrentarlo. Se\u00f1alar con conocimiento de causa, como lo hace H\u00e9ctor, su presencia y dispositivos amenazantes y crecientes es urgente e indispensable como dice \u00e9l al concluir este recorrido respaldado por evidencias para <em>\u00abresistir con la palabra y la movilizaci\u00f3n\u00bb. \u00abA\u00fan estamos a tiempo\u00bb<\/em> <strong>\u00bfD\u00f3nde Estamos? An\u00e1lisis de contexto. Pueblos en camino.&nbsp;<\/strong><\/p>\n\n\n\n<!--more-->\n\n\n\n<h2 class=\"wp-block-heading\">\u00bfFascismo en el siglo XXI? S\u00ed se\u00f1ores<\/h2>\n\n\n\n<p>Frente a la ola internacional de crecimiento y \u00e9xito de los movimientos pol\u00edticos y sociales de ultraderecha, es necesario cuestionarse si estamos en las puertas del surgimiento de una serie de reg\u00edmenes fascistas en diversas partes del mundo, tal y como ocurri\u00f3 hacia 1930.<\/p>\n\n\n\n<figure class=\"wp-block-image\"><img loading=\"lazy\" decoding=\"async\" width=\"621\" height=\"370\" src=\"http:\/\/pueblosencamino.org\/wp-content\/uploads\/2018\/11\/Afrofeministas.jpg\" alt=\"\" class=\"wp-image-6685\" srcset=\"https:\/\/pueblosencamino.org\/wp-content\/uploads\/2018\/11\/Afrofeministas.jpg 621w, https:\/\/pueblosencamino.org\/wp-content\/uploads\/2018\/11\/Afrofeministas-300x179.jpg 300w\" sizes=\"auto, (max-width: 621px) 100vw, 621px\" \/><figcaption>Fascistas simpatizantes de Bolsonaro destruyen mural de Marielle Franco.\u00a0<strong>\u00bfCu\u00e1ntas veces quieren matar a Marielle Franco?<\/strong><br>El artista callejero Luis Bueno hizo un mural en homenaje a Marielle Franco en R\u00edo de Janeiro.<br>Partidarios de Bolsonaro lo enchastraron. Un grupo de mujeres del\u00a0<a href=\"https:\/\/www.facebook.com\/colectivoAfrofeminista\/?__tn__=K-R&amp;eid=ARA-5NwSgDlIQ0_5Agqg3fBHdkm6m_V0UOvI0GNRhabdP-Y9DX8TlCT7goPIorA2jIVag3Br8GF4OUHc&amp;fref=mentions&amp;__xts__%5B0%5D=68.ARBWqPXCSQX_B2pJVaoiPe4Sz-JIx9QAGoIGhskQzeQKH-y5ohi0VM2r7dHZ5WFtYKmQi9_KMkj6Qa7jtK47l8aa3Q8vjm8VdxoqdgvfiSAJ-vaibIM9SbNFjj-JXd912SP8aCp7tenFiukTAUQsMLjZEYKLKhL9VnBLP_bcY0mXIlrAssb6b--IZ3WtAGeTuDOPI4Fo2hgyDIsu\">Colectivo Afrofeminista<\/a>\u00a0se sacaron una foto en defensa de la imagen. En defensa tambi\u00e9n de ellas mismas. En Ecuador Today, Noviembre 15 de 2018:\u00a0<a href=\"https:\/\/ecuadortoday.media\/2018\/11\/13\/urgente-fascistas-simpatizantes-de-bolsonaro-destruyen-mural-de-marielle-franco\/\">https:\/\/ecuadortoday.media\/2018\/11\/13\/urgente-fascistas-simpatizantes-de-bolsonaro-destruyen-mural-de-marielle-franco\/<\/a><\/figcaption><\/figure>\n\n\n\n<p>\u00bfCu\u00e1l es la diferencia,&nbsp; entre los camisas negras italianos, los camisas pardas (SA) alemanes, los guardias de hierro rumanos, los banderistas ucranianos, los de la cruz flechada h\u00fangaros, los falangistas espa\u00f1oles o los ustachis croatas, de una parte y la ultraderecha de este siglo?<\/p>\n\n\n\n<p>Todos estos protagonistas del fascismo europeo de hace 90 a\u00f1os, profesaban un odio visceral contra los jud\u00edos, que se expres\u00f3 de forma extrema en Alemania, Ucrania, Rumania y Croacia y se concret\u00f3 en el Holocausto. Ahora, con la excepci\u00f3n del Svoboda ucraniano, el Jobbik h\u00fangaro, el Amanecer Dorado griego, el Ku Klux Klan y grupos neonazis minoritarios, la mayor\u00eda de la ultraderecha se declara pro Israel y apoya el exterminio del pueblo palestino.<\/p>\n\n\n\n<p>El antisemitismo se ve remplazado por la islamofobia y en general por la xenofobia radical, el odio a los refugiados y los racismos particulares, como el expresado contra los mexicanos entre la derecha de Estados Unidos. Pero, en cuanto a otros aspectos, a pesar de su diversidad, la ultraderecha del siglo XXI tiende a parecerse cada vez m\u00e1s al fascismo europeo de los 30.<\/p>\n\n\n\n<p>Si crey\u00e9ramos que habiendo llegado al \u201cfin de la historia\u201d el imperialismo y el colonialismo son cosa del pasado o que el capitalismo no es lo dominante en la pol\u00edtica internacional, pues podr\u00edamos descartar un renacimiento del fascismo, pero la realidad es extremadamente diferente.<\/p>\n\n\n\n<figure class=\"wp-block-image\"><img loading=\"lazy\" decoding=\"async\" width=\"800\" height=\"1000\" src=\"http:\/\/pueblosencamino.org\/wp-content\/uploads\/2018\/11\/Fascismo-Eco.png\" alt=\"\" class=\"wp-image-6666\" srcset=\"https:\/\/pueblosencamino.org\/wp-content\/uploads\/2018\/11\/Fascismo-Eco.png 800w, https:\/\/pueblosencamino.org\/wp-content\/uploads\/2018\/11\/Fascismo-Eco-240x300.png 240w, https:\/\/pueblosencamino.org\/wp-content\/uploads\/2018\/11\/Fascismo-Eco-768x960.png 768w\" sizes=\"auto, (max-width: 800px) 100vw, 800px\" \/><\/figure>\n\n\n\n<p>La guerra imperialista destruy\u00f3 en este siglo a Iraq, Libia y Siria, como forma de resolver las crisis c\u00edclicas del capitalismo; la recolonizaci\u00f3n del Medio Oriente es un hecho. Los retrocesos del colonialismo, tras la derrota del nazismo, se prolongaron hasta la derrota de Estados Unidos en Vietnam, pero en las \u00faltimas tres d\u00e9cadas la situaci\u00f3n se ha revertido en forma acelerada.<\/p>\n\n\n\n<p>Para comprender como el fascismo surge de las necesidades de guerra externa e interna del imperialismo en medio de la crisis capitalista, es importante leer el discurso de Hitler en el club de industriales de Dusseldorf, el 27 de enero de 1932, con el que convenci\u00f3 a los empresarios de apoyar la soluci\u00f3n nazi.<\/p>\n\n\n\n<figure class=\"wp-block-image\"><img loading=\"lazy\" decoding=\"async\" width=\"590\" height=\"448\" src=\"http:\/\/pueblosencamino.org\/wp-content\/uploads\/2018\/11\/Thyssen-Hitler-werksbesuch-im-ruhrgebiet-1935.jpg\" alt=\"\" class=\"wp-image-6667\" srcset=\"https:\/\/pueblosencamino.org\/wp-content\/uploads\/2018\/11\/Thyssen-Hitler-werksbesuch-im-ruhrgebiet-1935.jpg 590w, https:\/\/pueblosencamino.org\/wp-content\/uploads\/2018\/11\/Thyssen-Hitler-werksbesuch-im-ruhrgebiet-1935-300x228.jpg 300w\" sizes=\"auto, (max-width: 590px) 100vw, 590px\" \/><figcaption>Es begleiten ihn Fritz Thyssen (rechts hinter Hitler), der Leiter der Vereinigten Stahlwerke AG Albert V\u0094gler und Dr. Borbet, ein Industrieller des Bochumer Vereins<br>Aufnahmedatum: 1935<br>Systematik: <br>Geschichte \/ Deutschland \/ 20. Jh. \/ NS-Zeit \/ Wirtschaft \/ allgemein<br>Ver: <strong><a href=\"http:\/\/www.hist-chron.com\/eu\/3R\/Hitlers-financiers-ESP.html\">Los financieros de Hitler<\/a><\/strong><\/figcaption><\/figure>\n\n\n\n<p>Hitler explica como la defesa de la propiedad privada requiere un equivalente pol\u00edtico en la dictadura del&nbsp;<em>F\u00fchrer<\/em>. As\u00ed como la propiedad privada es el resultado de la desigualdad econ\u00f3mica y derechos individuales diferentes, para defenderla se requiere la desigualdad pol\u00edtica, la jerarquizaci\u00f3n y la autoridad f\u00e9rrea.<\/p>\n\n\n\n<p>A Milton Friedman y a la escuela de Chicago para instaurar el neoliberalismo no les bast\u00f3 con preparar una \u00e9lite de economistas chilenos, sino que necesitaron de un Pinochet y de \u201cPatria y Libertad\u201d, para imponer las leyes del mercado. Hitler explica que Inglaterra no vender\u00eda sus mercanc\u00edas en la India, si no fuera porque la oblig\u00f3, invadi\u00e9ndola. Si los propietarios quer\u00edan el \u00e9xito de sus empresas privadas deb\u00edan apoyar el nazismo para conquistar mercados y recursos ventajosos con la guerra exterior y destruir el \u201cbolchevismo\u201d que imped\u00eda la unidad nacional, el&nbsp;<em>Volkskorper<\/em>&nbsp;necesario para que la naci\u00f3n triunfara.<\/p>\n\n\n\n<div class=\"wp-block-image\"><figure class=\"aligncenter\"><img loading=\"lazy\" decoding=\"async\" width=\"413\" height=\"580\" src=\"http:\/\/pueblosencamino.org\/wp-content\/uploads\/2018\/11\/Patria-y-Libertad.jpg\" alt=\"\" class=\"wp-image-6668\" srcset=\"https:\/\/pueblosencamino.org\/wp-content\/uploads\/2018\/11\/Patria-y-Libertad.jpg 413w, https:\/\/pueblosencamino.org\/wp-content\/uploads\/2018\/11\/Patria-y-Libertad-214x300.jpg 214w\" sizes=\"auto, (max-width: 413px) 100vw, 413px\" \/><figcaption>Simbolog\u00eda del Frente Nacionalista \u00abPatria y Libertad\u00bb.&nbsp;https:\/\/journals.openedition.org\/nuevomundo\/69124<\/figcaption><\/figure><\/div>\n\n\n\n<p>Este discurso, sin los habituales ataques contra los jud\u00edos que caracterizaban a Hitler, se centr\u00f3 en el ataque al \u201dbolchevismo\u201d, no s\u00f3lo para evitar su triunfo, sino para evitar la divisi\u00f3n del pueblo y la difusi\u00f3n de una mentalidad contraria a los intereses \u00fanicos de la naci\u00f3n. Los empresarios aplaudieron entusiasmados&nbsp; por varios minutos. El programa hitleriano en benefici\u00f3 de las grandes empresas alemanas se cumpli\u00f3 y s\u00f3lo fue detenido por la derrota del nazismo.<\/p>\n\n\n\n<p>Vilfredo Pareto, economista notable a quien los neoliberales consideran un precursor de sus ideas \u201clibertarias\u201d, rabiaba contra las huelgas, enemigas del \u00f3ptimo econ\u00f3mico. Odiaba al movimiento obrero que lleg\u00f3 a tomar f\u00e1bricas. Aclam\u00f3 el ascenso de Mussolini al poder; aunque no era fascista, los fascistas lo nombraron senador vitalicio. Los grandes capitalistas y los expertos economistas neoliberales preferir\u00edan no tener que ver nada con los fascistas y les repugna su ideolog\u00eda, pero los aclaman, cuando la crisis llega, cuando necesitan aplastar el \u201cbolchevismo\u201d e ir a hacer la guerra contra otros pa\u00edses.<\/p>\n\n\n\n<p>El fascismo hoy, como el de hace 90 a\u00f1os, liquida las conquistas de los trabajadores, y los derechos colectivos, \u201climpia\u201d las universidades y escuelas promueve la guerra. Cuando la dominaci\u00f3n del capital transnacional no se mantiene por las meras leyes del mercado, se ejerce por la violenta directa, y cuando las instituciones no son suficientes, recurre a la movilizaci\u00f3n masiva de una parte de la sociedad civil contra el resto.<\/p>\n\n\n\n<p>El colonialismo se ha fortalecido. El ahora llamado \u201cextractivismo\u201d que asola m\u00faltiples regiones del mundo es una expresi\u00f3n de la fortaleza de la empresa colonial existente desde hace siglos y la llamada \u201cacumulaci\u00f3n por apropiaci\u00f3n\u201d no es m\u00e1s que la mism\u00edsima acumulaci\u00f3n primitiva expresada como acumulaci\u00f3n colonial originaria, en una regi\u00f3n tras otra.<\/p>\n\n\n\n<p>Como en el siglo XX, la guerra permite entrelazar la empresa colonial, con la destrucci\u00f3n de capitales competidores, como hemos visto en Iraq y Libia y antes en la antigua Yugoslavia, de modo que previa la destrucci\u00f3n del capital local, los territorios conquistados son nuevos mercados, zonas de inversi\u00f3n y fuentes de tierras, minerales, gas y petr\u00f3leo.<\/p>\n\n\n\n<figure class=\"wp-block-image\"><img loading=\"lazy\" decoding=\"async\" width=\"696\" height=\"464\" src=\"http:\/\/pueblosencamino.org\/wp-content\/uploads\/2018\/11\/Familia.jpg\" alt=\"\" class=\"wp-image-6669\" srcset=\"https:\/\/pueblosencamino.org\/wp-content\/uploads\/2018\/11\/Familia.jpg 696w, https:\/\/pueblosencamino.org\/wp-content\/uploads\/2018\/11\/Familia-300x200.jpg 300w\" sizes=\"auto, (max-width: 696px) 100vw, 696px\" \/><figcaption>ALC Noticias. Fabricando la amenaza de la \u00abideolog\u00eda de g\u00e9nero\u00bb<\/figcaption><\/figure>\n\n\n\n<p>Pero, el imperialismo, el colonialismo y la guerra no son de por s\u00ed el fascismo. El fascismo es un movimiento de masas, basado en la clase media y en los desempleados,&nbsp; que se moviliza de diversas formas, incluidas milicias paramilitares, para destruir los derechos y las organizaciones aut\u00f3nomas&nbsp; de trabajadores y propiciar la guerra, en beneficio del gran capital transnacional y de los latifundistas, que en Latinoam\u00e9rica est\u00e1n listos a poner a funcionar sus bandas armadas, como Attila en&nbsp;<em>Novecento<\/em>.<\/p>\n\n\n\n<p>A diferencia de otras formas de autoritarismo, el \u00e9xito del fascismo es garantizado por la movilizaci\u00f3n masiva de la clase media, pueblo que ataca al \u201cenemigo\u201d de la naci\u00f3n, sean los jud\u00edos, los comunistas, los negros, los refugiados, los musulmanes, los mexicanos.<\/p>\n\n\n\n<p>Como dec\u00eda el fil\u00f3sofo nazi Martin Heidegger, \u201cen esas condiciones puede parecer que no hay enemigo. La exigencia radical es encontrar el enemigo y colocarlo en &nbsp;evidencia o tal vez crearlo, para enfrentarlo\u2026 con el objetivo de la exterminaci\u00f3n total\u201d.<\/p>\n\n\n\n<p>El estado que persigue al enemigo, &nbsp;seg\u00fan coinciden los te\u00f3ricos del nazismo, no es tanto la instituci\u00f3n jur\u00eddica, sino el ser del pueblo intr\u00ednsecamente unido a su l\u00edder (Heidegger), no el aparato mec\u00e1nico estatal, sino el pueblo organizado por el movimiento nazi dirigido por su&nbsp;<em>F\u00fchrer<\/em>, fuente del derecho (Rosemberg); as\u00ed, no es el derecho el que establece el orden, sino el orden impuesto por \u201cel movimiento\u201d el que engendra el derecho (Schmitt).<\/p>\n\n\n\n<p>En el siglo XXI el papel del enemigo es asignado en Europa y Estados Unidos a los migrantes, especialmente los refugiados; a los musulmanes \u201cterroristas\u201d. En Am\u00e9rica latina sigue se\u00f1al\u00e1ndose a los \u201ccomunistas\u201d, a la izquierda pol\u00edtica, como era en la \u00e9poca de la Doctrina de la Seguridad Nacional.<\/p>\n\n\n\n<p>Pero, cada vez m\u00e1s, en el norte y en Am\u00e9rica latina, los homosexuales son blanco predilecto, la \u201cideolog\u00eda de g\u00e9nero\u201d, &nbsp;r\u00f3tulo asignado a la investigaci\u00f3n cient\u00edfica de la homosexualidad y a los derechos de los homosexuales y transg\u00e9neros. Esto no es nuevo. La homofobia fue uno de los ganchos que el nazismo us\u00f3 para ganar a sectores religiosos. Fue atacada la teor\u00eda del \u201ctercer sexo\u201d de Magnus Hirschfeld y sus libros sobre la homosexualidad del hombre y la mujer y sobre los travestis.<\/p>\n\n\n\n<figure class=\"wp-block-image\"><img loading=\"lazy\" decoding=\"async\" width=\"850\" height=\"400\" src=\"http:\/\/pueblosencamino.org\/wp-content\/uploads\/2018\/11\/Magnus.jpg\" alt=\"\" class=\"wp-image-6678\" srcset=\"https:\/\/pueblosencamino.org\/wp-content\/uploads\/2018\/11\/Magnus.jpg 850w, https:\/\/pueblosencamino.org\/wp-content\/uploads\/2018\/11\/Magnus-300x141.jpg 300w, https:\/\/pueblosencamino.org\/wp-content\/uploads\/2018\/11\/Magnus-768x361.jpg 768w\" sizes=\"auto, (max-width: 850px) 100vw, 850px\" \/><figcaption>\u00abPronto llegar\u00e1 el d\u00eda cuando la ciencia ganar\u00e1 una victoria sobre el error, la justicia una victoria sobre la injusticia y el amor humano una victoria sobre el odio y la ignorancia! Magnus Hirschfeld<\/figcaption><\/figure>\n\n\n\n<p>Blanco de los ataques homof\u00f3bicos fue el Instituto para la Ciencia Sexual dirigido por Hirschfeld. Su administrador Kurt Hiller fue enviado a un campo de concentraci\u00f3n en marzo de 1933 y el 6 de mayo siguiente el edificio sede fue ocupado y confiscados sus archivos, fotos y biblioteca para ser quemados en la tristemente famosa quema masiva de libros del 10 de mayo de 1933<div><br><\/div><\/p>\n\n\n\n<figure class=\"wp-block-image\"><img loading=\"lazy\" decoding=\"async\" width=\"700\" height=\"514\" src=\"http:\/\/pueblosencamino.org\/wp-content\/uploads\/2018\/11\/cultura-muerte.jpg\" alt=\"\" class=\"wp-image-6671\" srcset=\"https:\/\/pueblosencamino.org\/wp-content\/uploads\/2018\/11\/cultura-muerte.jpg 700w, https:\/\/pueblosencamino.org\/wp-content\/uploads\/2018\/11\/cultura-muerte-300x220.jpg 300w\" sizes=\"auto, (max-width: 700px) 100vw, 700px\" \/><figcaption>Mayo 10 de 1933<\/figcaption><\/figure>\n\n\n\n<p>La hoguera mostraba las ligazones de la \u201cconspiraci\u00f3n jud\u00edo-bolchevique\u201d con el tercer sexo. La homofobia cumpl\u00eda un papel movilizador y en la hoguera y en los campos de concentraci\u00f3n, la aniquilaci\u00f3n del tercer sexo legitimaba el exterminio de los comunistas, sindicalistas, jud\u00edos y gitanos, el exterminio del enemigo. &nbsp;El aparato del Estado, desde su dominio en las universidades, hasta sus c\u00e1maras de gas, estaba enraizado en el \u201cser del pueblo\u201d dirigido por su l\u00edder.<\/p>\n\n\n\n<p>La ultraderecha del siglo XXI, especialmente en Am\u00e9rica latina, ha redescubierto el papel de la homofobia. La lucha contra la \u201cideolog\u00eda de g\u00e9nero\u201d justific\u00f3 decir No a la Paz en Colombia y mueve millones de personas y de votos desde Brasil hasta Estado Unidos, pasando por Costa Rica, donde una parte importante de las iglesias se presta con entusiasmo a estas manipulaciones del poder.<br><br><\/p>\n\n\n\n<figure class=\"wp-block-image\"><img loading=\"lazy\" decoding=\"async\" width=\"630\" height=\"404\" src=\"http:\/\/pueblosencamino.org\/wp-content\/uploads\/2018\/10\/evangelicosyuribismo.jpg\" alt=\"\" class=\"wp-image-6583\" srcset=\"https:\/\/pueblosencamino.org\/wp-content\/uploads\/2018\/10\/evangelicosyuribismo.jpg 630w, https:\/\/pueblosencamino.org\/wp-content\/uploads\/2018\/10\/evangelicosyuribismo-300x192.jpg 300w\" sizes=\"auto, (max-width: 630px) 100vw, 630px\" \/><\/figure>\n\n\n\n<p>La manipulaci\u00f3n de la religi\u00f3n por la ultraderecha no se limita a la homofobia. Durante m\u00e1s de 100 a\u00f1os se ha desarrollado una teolog\u00eda de la guerra. As\u00ed como entre la poblaci\u00f3n musulmana la divulgaci\u00f3n del wahabismo ha fundamentado la existencia de Al Quaeda y del Estado Isl\u00e1mico, el \u201cdispensacionalismo\u201d de Cyrus Scofield se difunde como una teolog\u00eda de la guerra, que sostiene la adhesi\u00f3n del fundamentalismo \u201cevang\u00e9lico\u201d a la ultraderecha.<\/p>\n\n\n\n<p>El Ej\u00e9rcito Isl\u00e1mico afirma estar en los \u00faltimos tiempos prepar\u00e1ndose para la batalla final de la historia sagrada. El \u201cdispensacionalismo\u201d ve tambi\u00e9n en la guerra del Medio Oriente el anticipo del Armagued\u00f3n y considera que el apoyo a Estados Unidos e Israel en la guerra es parte de los planes divinos.&nbsp; Los fieles esperan ser arrebatados al cielo antes de los grandes desastres que estos acontecimientos conllevan.<\/p>\n\n\n\n<figure class=\"wp-block-image\"><img loading=\"lazy\" decoding=\"async\" width=\"700\" height=\"394\" src=\"http:\/\/pueblosencamino.org\/wp-content\/uploads\/2018\/11\/genocida-ejercito-islamico-dec-jpg_700x0.jpg\" alt=\"\" class=\"wp-image-6674\" srcset=\"https:\/\/pueblosencamino.org\/wp-content\/uploads\/2018\/11\/genocida-ejercito-islamico-dec-jpg_700x0.jpg 700w, https:\/\/pueblosencamino.org\/wp-content\/uploads\/2018\/11\/genocida-ejercito-islamico-dec-jpg_700x0-300x169.jpg 300w\" sizes=\"auto, (max-width: 700px) 100vw, 700px\" \/><figcaption>Estado Isl\u00e1mico ejecutando impuros<\/figcaption><\/figure>\n\n\n\n<p>As\u00ed como los nazis luchaban contra la conspiraci\u00f3n del \u201cProtocolo de los sabios de Si\u00f3n\u201d, la ultraderecha latinoamericana lucha contra la conspiraci\u00f3n del Foro de S\u00e3o Paulo, que quiere imponer el comunismo y el homosexualismo. Pero, el bolchevismo ya no es una conspiraci\u00f3n jud\u00eda, es la fuente de la conspiraci\u00f3n, mientras que Israel es un aliado y los palestinos el enemigo.<\/p>\n\n\n\n<figure class=\"wp-block-image\"><img loading=\"lazy\" decoding=\"async\" width=\"1024\" height=\"588\" src=\"http:\/\/pueblosencamino.org\/wp-content\/uploads\/2018\/11\/Gaza-1024x588.jpg\" alt=\"\" class=\"wp-image-6675\" srcset=\"https:\/\/pueblosencamino.org\/wp-content\/uploads\/2018\/11\/Gaza-1024x588.jpg 1024w, https:\/\/pueblosencamino.org\/wp-content\/uploads\/2018\/11\/Gaza-300x172.jpg 300w, https:\/\/pueblosencamino.org\/wp-content\/uploads\/2018\/11\/Gaza-768x441.jpg 768w, https:\/\/pueblosencamino.org\/wp-content\/uploads\/2018\/11\/Gaza.jpg 1214w\" sizes=\"auto, (max-width: 1024px) 100vw, 1024px\" \/><figcaption>Exterminio Israel\u00ed a Palestinos en Gaza<\/figcaption><\/figure>\n\n\n\n<p>La ultraderecha las Am\u00e9ricas es de todos modos diversa. Sus signos comunes y dirigentes son de todos modos el anticomunismo y el seguimiento fiel de los intereses de Estados Unidos y las transnacionales. El fundamentalismo religioso aparece sin problemas al lado estrellas de la vida disoluta como Donald Trump o Alexander Frota.<\/p>\n\n\n\n<p>Los supremacistas blancos de Estados Unidos ya no est\u00e1n de acuerdo entre s\u00ed sobre el antisemitismo. Pero el Klan y el neonazismo siguen existiendo y actuando. La construcci\u00f3n del muro en la frontera con M\u00e9xico los une a todos.<\/p>\n\n\n\n<p>M\u00e1s dif\u00edcil es la convivencia y unidad de la ultraderecha europea, dividida. Hay ultraderechas anti Uni\u00f3n Europea y europe\u00edstas. Hay adem\u00e1s una ultraderecha antisemita y otra islamofobia. En Israel el exterminio de palestinos es el signo del fascismo. En los pa\u00edses&nbsp; isl\u00e1micos el wahabismo nuclea la ultraderecha, en cuanto la islamofobia mueve a extremistas hind\u00faes en la India y hasta a intolerantes budistas en Birmania y Tailandia. Todas las ultraderechas niegan la categor\u00eda ser humano, son xenof\u00f3bica y racistas, homof\u00f3bicas y enemigas de los derechos humanos, del derecho internacional.<\/p>\n\n\n\n<div class=\"wp-block-image\"><figure class=\"aligncenter is-resized\"><img loading=\"lazy\" decoding=\"async\" src=\"http:\/\/pueblosencamino.org\/wp-content\/uploads\/2018\/11\/suecia.jpg\" alt=\"\" class=\"wp-image-6676\" width=\"485\" height=\"273\" srcset=\"https:\/\/pueblosencamino.org\/wp-content\/uploads\/2018\/11\/suecia.jpg 320w, https:\/\/pueblosencamino.org\/wp-content\/uploads\/2018\/11\/suecia-300x169.jpg 300w\" sizes=\"auto, (max-width: 485px) 100vw, 485px\" \/><figcaption>Maria-Teresa Tess Asplund enfrenta marcha neo-nazi en Suecia; tiene 42 a\u00f1os y naci\u00f3 en Cali (Colombia), donde fue adoptada a los siete meses. Foto BBC<\/figcaption><\/figure><\/div>\n\n\n\n<p>No toda la ultraderecha es fascista. El fascismo no es la simple represi\u00f3n del sistema contra sus enemigos, significa un cambio cualitativo. Para que los reg\u00edmenes fascistas se establezcan no basta que haya fascistas, ni siquiera basta que el presidente sea un fascista. Los fascistas requieren llegar a ser un movimiento de masas que aplaste las organizaciones de los trabajadores y de los grupos \u00e9tnicos y sostenga las guerras. El fascismo del siglo XXI est\u00e1 ah\u00ed.<\/p>\n\n\n\n<p>Estamos a tiempo de resistir con la palabra y la movilizaci\u00f3n.<\/p>\n\n\n\n<p>________________________________________________________________________________<\/p>\n\n\n\n<p><em><strong>H\u00e9ctor Mondrag\u00f3n<\/strong><\/em><br><strong>Foto obtenida de:&nbsp;The New York Times<\/strong><br><a rel=\"noreferrer noopener\" href=\"https:\/\/www.sur.org.co\/fascismo-en-el-siglo-xxi-si-senores\/?pdf=8574\" target=\"_blank\">PDF<\/a>&nbsp;<strong><br><\/strong><a href=\"https:\/\/www.sur.org.co\/category\/revista-sur\/\"><strong>Revista Sur<\/strong><\/a><strong>,&nbsp;<\/strong><a href=\"https:\/\/www.sur.org.co\/category\/rs-desde-el-sur\/\"><strong>RS Desde el sur<\/strong><\/a><\/p>\n","protected":false},"excerpt":{"rendered":"<p>H\u00e9ctor Mondrag\u00f3n habla con la autoridad humilde y firme que le da toda una vida de estudiar luchando y para<\/p>\n","protected":false},"author":10,"featured_media":6665,"comment_status":"open","ping_status":"closed","sticky":false,"template":"","format":"standard","meta":{"colormag_page_container_layout":"default_layout","colormag_page_sidebar_layout":"default_layout","ngg_post_thumbnail":0,"footnotes":""},"categories":[93,2,3],"tags":[254,632,633],"class_list":["post-6664","post","type-post","status-publish","format-standard","has-post-thumbnail","hentry","category-destacados","category-c22-donde-estamos","category-c48-lectura-de-contexto","tag-fascismo","tag-hector-mondragon","tag-siglo-xxi"],"_links":{"self":[{"href":"https:\/\/pueblosencamino.org\/index.php?rest_route=\/wp\/v2\/posts\/6664","targetHints":{"allow":["GET"]}}],"collection":[{"href":"https:\/\/pueblosencamino.org\/index.php?rest_route=\/wp\/v2\/posts"}],"about":[{"href":"https:\/\/pueblosencamino.org\/index.php?rest_route=\/wp\/v2\/types\/post"}],"author":[{"embeddable":true,"href":"https:\/\/pueblosencamino.org\/index.php?rest_route=\/wp\/v2\/users\/10"}],"replies":[{"embeddable":true,"href":"https:\/\/pueblosencamino.org\/index.php?rest_route=%2Fwp%2Fv2%2Fcomments&post=6664"}],"version-history":[{"count":7,"href":"https:\/\/pueblosencamino.org\/index.php?rest_route=\/wp\/v2\/posts\/6664\/revisions"}],"predecessor-version":[{"id":6687,"href":"https:\/\/pueblosencamino.org\/index.php?rest_route=\/wp\/v2\/posts\/6664\/revisions\/6687"}],"wp:featuredmedia":[{"embeddable":true,"href":"https:\/\/pueblosencamino.org\/index.php?rest_route=\/wp\/v2\/media\/6665"}],"wp:attachment":[{"href":"https:\/\/pueblosencamino.org\/index.php?rest_route=%2Fwp%2Fv2%2Fmedia&parent=6664"}],"wp:term":[{"taxonomy":"category","embeddable":true,"href":"https:\/\/pueblosencamino.org\/index.php?rest_route=%2Fwp%2Fv2%2Fcategories&post=6664"},{"taxonomy":"post_tag","embeddable":true,"href":"https:\/\/pueblosencamino.org\/index.php?rest_route=%2Fwp%2Fv2%2Ftags&post=6664"}],"curies":[{"name":"wp","href":"https:\/\/api.w.org\/{rel}","templated":true}]}}