{"id":6659,"date":"2018-11-16T11:52:10","date_gmt":"2018-11-16T11:52:10","guid":{"rendered":"http:\/\/pueblosencamino.org\/?p=6659"},"modified":"2018-11-16T15:15:26","modified_gmt":"2018-11-16T15:15:26","slug":"movilizacion-estudiantil-y-modelo-de-asfixia-a-la-educacion-la-causa-es-justa-y-se-fortalece-pronunciamiento-internacional","status":"publish","type":"post","link":"https:\/\/pueblosencamino.org\/?p=6659","title":{"rendered":"Movilizaci\u00f3n estudiantil y modelo de asfixia a la educaci\u00f3n: La causa es justa y se fortalece. Pronunciamiento Internacional"},"content":{"rendered":"\n<p><strong>Comunicado de apoyo internacional con el movimiento estudiantil de Colombia.<\/strong> El movimiento estudiantil sigue movilizado en Colombia. Ayer, 15 de noviembre, sali\u00f3 a las calles en marchas en muchas ciudades del pa\u00eds. La movilizaci\u00f3n cuenta con el respaldo de padres, madres, familiares, maestras y maestros y de cada vez m\u00e1s gente de todos los estratos y sectores. La causa es justa. Asfixian presupuestalmente (y no s\u00f3lo) la educaci\u00f3n p\u00fablica. La han convertido en privilegio. Hace parte de la estrategia que empuja a todo un pa\u00eds a la desesperaci\u00f3n, a la impotencia, a la miseria. En otras palabras, nos est\u00e1n empujando a la resignaci\u00f3n imposible o a la \u00abcriminalidad\u00bb necesaria y razonable. Lo hacen para poder hacer la guerra que les active la econom\u00eda, les elimine excedentes &nbsp;y acabe de concentrar riquezas y recursos en pocas manos. Pero la movilizaci\u00f3n se fortalece con el respaldo internacional. Este <strong><em>Comunicado de Apoyo al Movimiento Estudiantil <\/em><\/strong>se suma a las voces de quienes, a\u00fan incomodados por la movilizaci\u00f3n y estimulados por el r\u00e9gimen a sentir esta incomodidad para no reconocer la justicia de una causa y sumarse a esta, a\u00fan bajo la propaganda constante y la agresi\u00f3n sistem\u00e1tica de las fuerzas represivas, la gente se suma y sabe que esta causa es justa. Es mucho peor la incomodidad permanente del despojo, del hambre, de la falta del derecho a la educaci\u00f3n consciente-cr\u00edtica para la dignidad que la de una protesta masiva y contundente para defender la educaci\u00f3n y la vida. Ayer, una vez m\u00e1s, el vandalismo vino del estado no s\u00f3lo por la represi\u00f3n violenta, no s\u00f3lo porque el Presidente Uribe-Duque se niega a dialogar siquiera, sino porque la pol\u00edtica en educaci\u00f3n, salud, justicia, agricultura, econom\u00eda, impuestos, miner\u00eda, agronegocio, fracking, extractivismo, inversi\u00f3n extranjera y guerra es para someternos y eliminarnos para que se enriquezcan m\u00e1s unos pocos. <em><strong>No es s\u00f3lo la educaci\u00f3n, es desde esta<\/strong><\/em>. El 23 est\u00e1n convocadas marchas y luego, a partir de estas, si no hay siquiera di\u00e1logo, Paro Nacional. Pero esto mismo no sucede solamente en Colombia. Ahora mismo y por el mismo motivo estas mismas luchas son continentales. <strong>\u00a1As\u00ed S\u00ed! Resistencias y Caminos. Pueblos en Camino.<\/strong><\/p>\n\n\n<a href=\"https:\/\/pueblosencamino.org\/wp-content\/uploads\/2018\/11\/Comunicado-Apoyo-Movimiento-Estudiantil-Colombia-Versi\u00f3n-final-1.pdf\" class=\"pdfemb-viewer\" style=\"\" data-width=\"max\" data-height=\"max\" data-toolbar=\"bottom\" data-toolbar-fixed=\"off\">Comunicado-Apoyo-Movimiento-Estudiantil-Colombia-Versi\u00f3n-final-1<\/a>\n<p class=\"wp-block-pdfemb-pdf-embedder-viewer\"><\/p>\n\n\n\n<p>As\u00ed documentan infiltraci\u00f3n de polic\u00edas de civil para generar violencia en movilizaciones estudiantiles del 15 de noviembre<br><br><\/p>\n\n\n\n<figure class=\"wp-block-embed-youtube wp-block-embed is-type-video is-provider-youtube wp-embed-aspect-16-9 wp-has-aspect-ratio\"><div class=\"wp-block-embed__wrapper\">\n<iframe loading=\"lazy\" width=\"800\" height=\"450\" src=\"https:\/\/www.youtube.com\/embed\/HpqAnfgBEQE?feature=oembed\" frameborder=\"0\" allow=\"accelerometer; autoplay; encrypted-media; gyroscope; picture-in-picture\" allowfullscreen><\/iframe>\n<\/div><\/figure>\n\n\n\n<figure class=\"wp-block-embed-facebook wp-block-embed is-type-rich is-provider-facebook\"><div class=\"wp-block-embed__wrapper\">\n<div id=\"fb-root\"><\/div><script>(function(d, s, id) {  var js, fjs = d.getElementsByTagName(s)[0];  if (d.getElementById(id)) return;  js = d.createElement(s); js.id = id;  js.src = 'https:\/\/connect.facebook.net\/en_US\/sdk.js#xfbml=1&version=v3.2';  fjs.parentNode.insertBefore(js, fjs);}(document, 'script', 'facebook-jssdk'));<\/script><div class=\"fb-post\" data-href=\"https:\/\/www.facebook.com\/permalink.php?story_fbid=314980395772838&amp;id=100017826407319&amp;notif_id=1542338684262757&amp;notif_t=feedback_reaction_generic\" data-width=\"750\"><blockquote cite=\"https:\/\/www.facebook.com\/permalink.php?story_fbid=314980395772838&amp;id=100017826407319\" class=\"fb-xfbml-parse-ignore\"><p>Compartimos este video realizado durante la movilizaci\u00f3n en defensa de la educaci\u00f3n p\u00fablica. Popay\u00e1n, noviembre 15 de 2018.<\/p>Posted by <a href=\"https:\/\/www.facebook.com\/people\/Chiguaco-Cine\/100017826407319\">Chiguaco Cine<\/a> on&nbsp;<a href=\"https:\/\/www.facebook.com\/permalink.php?story_fbid=314980395772838&amp;id=100017826407319\">Thursday, November 15, 2018<\/a><\/blockquote><\/div>\n<\/div><\/figure>\n","protected":false},"excerpt":{"rendered":"<p>Comunicado de apoyo internacional con el movimiento estudiantil de Colombia. El movimiento estudiantil sigue movilizado en Colombia. Ayer, 15 de<\/p>\n","protected":false},"author":10,"featured_media":6661,"comment_status":"open","ping_status":"closed","sticky":false,"template":"","format":"standard","meta":{"colormag_page_container_layout":"default_layout","colormag_page_sidebar_layout":"default_layout","ngg_post_thumbnail":0,"footnotes":""},"categories":[25,26],"tags":[629,628,631,630],"class_list":["post-6659","post","type-post","status-publish","format-standard","has-post-thumbnail","hentry","category-c11-planes-de-vida","category-c13-resistencias-y-luchas-sociales","tag-marchas-estudiantes","tag-movimiento-estudiantil-colombia","tag-pronunciamiento","tag-solidaridad-internacional"],"_links":{"self":[{"href":"https:\/\/pueblosencamino.org\/index.php?rest_route=\/wp\/v2\/posts\/6659","targetHints":{"allow":["GET"]}}],"collection":[{"href":"https:\/\/pueblosencamino.org\/index.php?rest_route=\/wp\/v2\/posts"}],"about":[{"href":"https:\/\/pueblosencamino.org\/index.php?rest_route=\/wp\/v2\/types\/post"}],"author":[{"embeddable":true,"href":"https:\/\/pueblosencamino.org\/index.php?rest_route=\/wp\/v2\/users\/10"}],"replies":[{"embeddable":true,"href":"https:\/\/pueblosencamino.org\/index.php?rest_route=%2Fwp%2Fv2%2Fcomments&post=6659"}],"version-history":[{"count":4,"href":"https:\/\/pueblosencamino.org\/index.php?rest_route=\/wp\/v2\/posts\/6659\/revisions"}],"predecessor-version":[{"id":6683,"href":"https:\/\/pueblosencamino.org\/index.php?rest_route=\/wp\/v2\/posts\/6659\/revisions\/6683"}],"wp:featuredmedia":[{"embeddable":true,"href":"https:\/\/pueblosencamino.org\/index.php?rest_route=\/wp\/v2\/media\/6661"}],"wp:attachment":[{"href":"https:\/\/pueblosencamino.org\/index.php?rest_route=%2Fwp%2Fv2%2Fmedia&parent=6659"}],"wp:term":[{"taxonomy":"category","embeddable":true,"href":"https:\/\/pueblosencamino.org\/index.php?rest_route=%2Fwp%2Fv2%2Fcategories&post=6659"},{"taxonomy":"post_tag","embeddable":true,"href":"https:\/\/pueblosencamino.org\/index.php?rest_route=%2Fwp%2Fv2%2Ftags&post=6659"}],"curies":[{"name":"wp","href":"https:\/\/api.w.org\/{rel}","templated":true}]}}