{"id":6643,"date":"2018-11-15T00:17:26","date_gmt":"2018-11-15T00:17:26","guid":{"rendered":"http:\/\/pueblosencamino.org\/?p=6643"},"modified":"2018-11-15T00:24:06","modified_gmt":"2018-11-15T00:24:06","slug":"rossana-rossanda-me-acuerdo-bien-del-fascismo-por-eso-me-da-miedo","status":"publish","type":"post","link":"https:\/\/pueblosencamino.org\/?p=6643","title":{"rendered":"Rossana Rossanda: \u201cMe acuerdo bien del fascismo, por eso me da miedo\u201d"},"content":{"rendered":"\n<p><em>Other News en Espa\u00f1ol publica la traducci\u00f3n de esta <a href=\"http:\/\/www.other-news.info\/noticias\/2018\/11\/rossana-rossanda-me-acuerdo-bien-del-fascismo-por-eso-me-da-miedo\/\">entrevista de <strong>Concetto Vecchio de LA REPUBBLICA a Rossana Rossanda.<\/strong><\/a><\/em><strong>\u00a0<\/strong>En estos tiempos en los que la din\u00e1mica totalizante se hace totalitaria, opinar, hacer y vivir por fuera de lo permitido resulta <em>naturalmente<\/em> insoportable y a\u00fan imposible. Es imposible no s\u00f3lo entre quienes se encuentran en los \u00e1mbitos poderosos del poder reconocido sino que hoy, ahora mismo, ac\u00e1 mismo mientras escribo, el dominio abarca y somete a quienes lo resistimos. El pensamiento \u00fanico nos incluye. Lo permitido y tolerable, la receta, lo prescrito nos censura, condiciona, enmarca. El dominio es (casi) una totalidad seg\u00fan la cual se ordena desde arriba y se critica \u00abdesde abajo\u00bb, porque <em>abajo<\/em> tambi\u00e9n es adentro, tiene due\u00f1os y <em>adentro<\/em> est\u00e1 prescrito \u00bfQu\u00e9 palabra y qu\u00e9 concepto usar? \u00bfC\u00f3mo organizarse? \u00bfCual es la l\u00ednea posible y correcta? \u00bfQu\u00e9 debe decir y c\u00f3mo debe actuar quien se opone al sistema y al poder? Todas quedan de <em>este<\/em> lado de la ecuaci\u00f3n que nos incluye. De la equivalencia que nos enmarca. Del orden establecido. Al espejo (tambi\u00e9n ocupado y prescrito) mir\u00e9moslo de frente para reconocer esto: a\u00fan nuestros gestos anticipadamente deben someterse al molde de lo reconocido y reconocible de manera anticipada. A\u00fan si quiero ac\u00e1 referirme al pensamiento \u00fanico, a la concentraci\u00f3n sin precedentes de riqueza y poder entre unos pocos sobre todo y todos los territorios (imaginarios, geogr\u00e1ficos, corporales, recursos, t\u00e9cnicas&#8230;) a la masa que lo defiende, a la concentraci\u00f3n de poderes, al fanatismo fervoroso que muere y mata para los que mandan, a la exigencia de consumismo prescrito y entretenimiento apasionado (y sus equivalentes cr\u00edticos) y a sus formas permitidas de cr\u00edtica, a\u00fan all\u00ed tengo que cuidarme, lo s\u00e9, de nombrarlo con alg\u00fan concepto (in)aceptable para que no genere un debate sobre el concepto que nombra, <em>de modo que lo nombrado se escabulla protegido tras el debate por el territorio de los conceptos correctos<\/em>: \u00e1mbito del poder totalitario. Pues ac\u00e1 est\u00e1 alguien, Rossana, una partisana a quien hoy no le importa la valoraci\u00f3n que le den y la correcci\u00f3n de sus posturas para la ecuaci\u00f3n de lo correcto. <strong><em>Ella, tiene miedo del fascismo<\/em><\/strong>. Lo reconoce porque lo vivi\u00f3. Alguien cuya palabra refresca porque viene del vivir, de haber vivido, de estar viviendo y de no querer presumir. Eso, querer y necesitar presumir: dispositivo supremo de captura en este orden que todo lo abarca y a todxs somete anticipadamente:<strong><br\/><\/strong>Rossana<em> Rossanda, 94 a\u00f1os, periodista, escritora, partisana, \u201cla muchacha del siglo pasado\u201d, como titul\u00f3 su famosa autobiograf\u00eda, hojea los primeros n\u00fameros de la colecci\u00f3n de\u00a0Il Manifesto, el peri\u00f3dico fundado por ella en 1969. \u201cQuiero volver a leer las cr\u00f3nicas de las luchas obreras de entonces, los trabajadores lucharon por sus derechos y ganaron\u201d\u00a0<br\/><\/em><strong>D\u00f3nde Estamos. Lectura de Contexto. Pueblos en Camino<br\/><\/strong><\/p>\n\n\n\n<figure class=\"wp-block-image\"><img loading=\"lazy\" decoding=\"async\" width=\"700\" height=\"833\" src=\"http:\/\/pueblosencamino.org\/wp-content\/uploads\/2018\/11\/rossanda_3.jpg\" alt=\"\" class=\"wp-image-6646\" srcset=\"https:\/\/pueblosencamino.org\/wp-content\/uploads\/2018\/11\/rossanda_3.jpg 700w, https:\/\/pueblosencamino.org\/wp-content\/uploads\/2018\/11\/rossanda_3-252x300.jpg 252w\" sizes=\"auto, (max-width: 700px) 100vw, 700px\" \/><figcaption><a href=\"http:\/\/www.sitocomunista.it\/pci\/documenti\/rossanda.html\">Foto Entrevista con Antonio Gnoli\u00a0http:\/\/www.sitocomunista.it\/pci\/documenti\/rossanda.html<\/a><\/figcaption><\/figure>\n\n\n\n<p>\u201cEn julio decid\u00ed volver a Italia, apremiada por la necesidad de entender. Segu\u00eda a Salvini en la televisi\u00f3n desde Par\u00eds, donde viv\u00eda desde hace doce a\u00f1os, y sent\u00eda verg\u00fcenza por lo que ve\u00eda\u201d.<\/p>\n\n\n\n<p>\u201c\u2018Tambi\u00e9n es culpa m\u00eda, culpa de los nuestros\u2019, me repet\u00eda a m\u00ed misma. Hab\u00eda pasado mi vida dedic\u00e1ndome a la pol\u00edtica y consideraba mi lejan\u00eda como un abandono de la lucha\u201d.<\/p>\n\n\n\n<p>\u201cMi marido muri\u00f3 hace tres a\u00f1os, no ten\u00eda a nadie en Par\u00eds, mis compa\u00f1eros de Roma ya no est\u00e1n, Lucio Magri, Luigi Pintor, Valentino Parlato est\u00e1n todos muertos, y tambi\u00e9n yo soy ya muy vieja\u2026\u201d.<\/p>\n\n\n\n<p>Rossana Rossanda, 94 a\u00f1os, periodista, escritora, partisana, \u201cla muchacha del siglo pasado\u201d, como titul\u00f3 su famosa autobiograf\u00eda, hojea los primeros n\u00fameros de la colecci\u00f3n de\u00a0Il Manifesto, el peri\u00f3dico fundado por ella en 1969. \u201cQuiero volver a leer las cr\u00f3nicas de las luchas obreras de entonces, los trabajadores lucharon por sus derechos y ganaron\u201d.<br\/><br\/><br\/><\/p>\n\n\n\n<figure class=\"wp-block-image\"><img loading=\"lazy\" decoding=\"async\" width=\"900\" height=\"914\" src=\"http:\/\/pueblosencamino.org\/wp-content\/uploads\/2018\/11\/rossanda_4.jpg\" alt=\"\" class=\"wp-image-6647\" srcset=\"https:\/\/pueblosencamino.org\/wp-content\/uploads\/2018\/11\/rossanda_4.jpg 900w, https:\/\/pueblosencamino.org\/wp-content\/uploads\/2018\/11\/rossanda_4-295x300.jpg 295w, https:\/\/pueblosencamino.org\/wp-content\/uploads\/2018\/11\/rossanda_4-768x780.jpg 768w\" sizes=\"auto, (max-width: 900px) 100vw, 900px\" \/><figcaption><a href=\"http:\/\/www.sitocomunista.it\/pci\/documenti\/rossanda.html\">Foto Entrevista con Antonio Gnoli\u00a0http:\/\/www.sitocomunista.it\/pci\/documenti\/rossanda.html<\/a><\/figcaption><\/figure>\n\n\n\n<p><em>\u00bfQu\u00e9 Italia ha encontrado?<\/em><\/p>\n\n\n\n<p>Un pa\u00eds irreconocible, sin espina dorsal. Me da miedo ver en qu\u00e9 se est\u00e1 convirtiendo.<\/p>\n\n\n\n<p><em>\u00bfLe da m\u00e1s miedo Salvini o Di Maio?<\/em><\/p>\n\n\n\n<p>Salvini, porque sabe lo que quiere. Di Maio es el que est\u00e1 siempre ah\u00ed ri\u00e9ndose.<\/p>\n\n\n\n<p><em>\u00bfQu\u00e9 le asusta de Salvini?<\/em><\/p>\n\n\n\n<p>La prepotencia. He estudiado a fondo el decreto sobre Seguridad y no entiendo c\u00f3mo Mattarella [el presidente de la Rep\u00fablica] ha podido firmarlo.<\/p>\n\n\n\n<p><em>\u00bfLe parece racista?<\/em><\/p>\n\n\n\n<p>Lo es. Al migrante lo ve solamente como a un criminal potencial.<\/p>\n\n\n\n<p><em>\u00bfQu\u00e9 tipo de poder tenemos en el Gobierno?\u00a0<\/em><\/p>\n\n\n\n<p>Es la deriva racista del populismo. Di Maio y Salvini son los dos populistas, pero de forma distinta, porque en el Gobierno prevalecen las ideas del\u00a0<em>leghista.<\/em>\u00a0A los Cinco Estrellas no logro tomarlos en serio.<\/p>\n\n\n\n<p><em>Han obtenido el 32%, de los votos \u00bfc\u00f3mo puede decir que no hay que tom\u00e1rselos en serio?<\/em><\/p>\n\n\n\n<p>Quiz\u00e1 lo he expresado de forma equivocada. Lo que quiero decir es que no consigo entenderlos. Me dicen que mucha gente de izquierda les ha votado, pero los\u00a0<em>Cinquestelle<\/em>\u00a0no tienen nada de izquierdas.<\/p>\n\n\n\n<p><em>Muchos ex miembros de la izquierda extraparlamentaria han votado al Movimiento 5 Estrellas. \u00bfC\u00f3mo lo explica? \u00bfPor una propuesta radical que la izquierda reformista ya no ofrec\u00eda?<\/em><\/p>\n\n\n\n<p>Parece evidente. Han buscado un cambio de protesta, al ver que sus esperanzas fueron echadas por la borda.<\/p>\n\n\n\n<p><em>\u00bfQu\u00e9 nos dice esto de la izquierda italiana?<\/em><\/p>\n\n\n\n<p>Millones de personas votaban a la izquierda porque en su ADN estaba la defensa de los m\u00e1s d\u00e9biles. Esto ya no lo defiende nadie.<\/p>\n\n\n\n<p><em>\u00bfCu\u00e1ndo tuvo lugar esa mutaci\u00f3n?<\/em><\/p>\n\n\n\n<p>Dir\u00eda que comienza con el cambio de nombre decidido por Achille Occhetto [\u00faltimo secretario general del Partido Comunista italiano]. Cambiar de nombre significa cambiar de identidad. Desde entonces han cambiado de nombre tres o cuatro veces y, en cada cambio, iban alej\u00e1ndose un poco m\u00e1s de sus bases. Veltroni lleg\u00f3 a decir que nunca hab\u00eda sido comunista.<\/p>\n\n\n\n<p><em>\u00bfUsted sigue siendo comunista?<\/em><\/p>\n\n\n\n<p>Yo s\u00ed.<\/p>\n\n\n\n<p><em>Y hoy, \u00bfa qui\u00e9n votar\u00eda?<\/em><\/p>\n\n\n\n<p>No lo s\u00e9. Mire los candidatos para liderar el PD: Zingaretti, Minniti, Martina, Boccia, Richetti. No los distingo. Me dicen que Delrio es capaz. No lo discuto. \u00bfPero cu\u00e1l es su visi\u00f3n del mundo? Cuando era joven, en Mil\u00e1n conoc\u00ed bien a la izquierda democristiana, la de Marcora y Granelli: sus voces se distingu\u00edan netamente de las opiniones de las otras corrientes. Como la del democristiano Fiorentino Sullo, sus batallas contra la especulaci\u00f3n inmobiliaria se recuerdan todav\u00eda.<\/p>\n\n\n\n<p><em>\u00bfLe sorprende que los obreros voten a la Lega?<\/em><\/p>\n\n\n\n<p>Esto es otra historia, m\u00e1s vieja. Ocurr\u00eda ya hace 15 a\u00f1os. Carn\u00e9 de la CGIL (sindicato comunista) y voto a la Liga.<\/p>\n\n\n\n<p><em>\u00bfPor qu\u00e9 sucedi\u00f3?<\/em><\/p>\n\n\n\n<p>La Liga ofrec\u00eda argumentos simples. \u2018Si pierdes el trabajo, te lo ha quitado un inmigrante, o mejor uno del sur, el\u00a0terun. No es culpa tuya. No es culpa del sistema\u2019. Eso ofrece al mismo tiempo un enemigo y un consuelo.<\/p>\n\n\n\n<p><em>\u00bfLe preocupa la prima de riesgo?<\/em><\/p>\n\n\n\n<p>No creo que sea una indicaci\u00f3n de ruina en s\u00ed, me parece m\u00e1s grave hacer unos Presupuestos que no traigan crecimiento ni trabajo.<\/p>\n\n\n\n<p><em>\u00bfEst\u00e1 a favor de la renta ciudadana?<\/em><\/p>\n\n\n\n<p>En principio s\u00ed, est\u00e1 bien mantener a los pobres pero luego, \u00bfqu\u00e9 nos quedar\u00e1? Hay que crear trabajo. Y en esto estoy de acuerdo con ese proverbio chino que dice: dale un pez a un hombre y comer\u00e1 hoy. Dale una ca\u00f1a y ens\u00e9\u00f1ale a pescar y comer\u00e1 siempre.<\/p>\n\n\n\n<p><em>\u00bfPor qui\u00e9n se decantar\u00e1 en las europeas?<\/em><\/p>\n\n\n\n<p>Votar\u00e9 a favor de Europa, contra el peligro fascista que veo alrededor. Me acuerdo bien del fascismo, as\u00ed que me da miedo.<br\/><br\/><\/p>\n\n\n\n<figure class=\"wp-block-image\"><img loading=\"lazy\" decoding=\"async\" width=\"600\" height=\"337\" src=\"http:\/\/pueblosencamino.org\/wp-content\/uploads\/2018\/11\/Italia-1934.jpg\" alt=\"\" class=\"wp-image-6650\" srcset=\"https:\/\/pueblosencamino.org\/wp-content\/uploads\/2018\/11\/Italia-1934.jpg 600w, https:\/\/pueblosencamino.org\/wp-content\/uploads\/2018\/11\/Italia-1934-300x169.jpg 300w\" sizes=\"auto, (max-width: 600px) 100vw, 600px\" \/><figcaption>Italia 1934: Fascismo:\u00a0<a href=\"https:\/\/www.infobae.com\/2014\/03\/17\/1550844-italia-1934-el-mundial-que-el-fascismo-mancho-la-pelota-y-4-argentinos-festejaron\/\">https:\/\/www.infobae.com\/2014\/03\/17\/1550844-italia-1934-el-mundial-que-el-fascismo-mancho-la-pelota-y-4-argentinos-festejaron\/<\/a><\/figcaption><\/figure>\n\n\n\n<p><em>\u00bfQu\u00e9 caminos le quedan a la izquierda acorralada entre el populismo y la austeridad?<\/em><\/p>\n\n\n\n<p>A los que dicen que no hay alternativas les digo que miren a S\u00e1nchez y a Podemos en Espa\u00f1a o al peque\u00f1o Portugal: hagan como ellos.<\/p>\n\n\n\n<p><em>\u00bfEst\u00e1 sorprendida por la simplificaci\u00f3n del debate pol\u00edtico?<\/em><\/p>\n\n\n\n<p>Estoy sorprendida por la vulgaridad. El otro d\u00eda vi en la televisi\u00f3n \u00a0un programa donde todos dec\u00edan \u201cno me importa una mierda\u201d; si yo le hubiese hablado as\u00ed a mi padre, como m\u00ednimo me hubiera dado una bofetada.<br\/><br\/><\/p>\n\n\n\n<figure class=\"wp-block-image\"><img loading=\"lazy\" decoding=\"async\" width=\"750\" height=\"499\" src=\"http:\/\/pueblosencamino.org\/wp-content\/uploads\/2018\/11\/rossanda1.jpg\" alt=\"\" class=\"wp-image-6645\" srcset=\"https:\/\/pueblosencamino.org\/wp-content\/uploads\/2018\/11\/rossanda1.jpg 750w, https:\/\/pueblosencamino.org\/wp-content\/uploads\/2018\/11\/rossanda1-300x200.jpg 300w\" sizes=\"auto, (max-width: 750px) 100vw, 750px\" \/><figcaption>Roma 19 febbraio 2005\nManifestazione per la liberazione di Giuliana Sgrena e il ritiro delle truppe dall&#8217;Irak\nRossana Rossanda Fondatrice del quotidiano comunista Il Manifesto\nRome 19 February 2005\nDemonstration for the release of Giuliana Sgrena and the withdrawal of troops from Iraq\nRossana Rossanda Founder of the Communist newspaper Il Manifesto<\/figcaption><\/figure>\n\n\n\n<p><em>\u00bfSe arrepiente de no haber tenido hijos?<\/em><\/p>\n\n\n\n<p>S\u00ed. Ahora estar\u00eda menos sola y, sobre todo, tendr\u00eda la percepci\u00f3n de haber dejado un legado.<\/p>\n\n\n\n<p><em>\u00bfPor qu\u00e9 no los tuvo?<\/em><\/p>\n\n\n\n<p>Ten\u00eda muchas cosas que hacer.<\/p>\n\n\n\n<p><em>\u00bfC\u00f3mo fueron sus dos matrimonios?<\/em><\/p>\n\n\n\n<p>Grandes amores. Eran los dos muy simp\u00e1ticos. Siempre ten\u00edamos ganas de estar juntos, no hay nada m\u00e1s bonito que eso, \u00bfno cree?<\/p>\n\n\n\n<p><em>\u00bfC\u00f3mo mira al futuro?<\/em><\/p>\n\n\n\n<p>S\u00e9 que no me queda mucho, y en el fondo no me da pena. He tenido una vida muy afortunada, y he conocido a gente interesante.<\/p>\n\n\n\n<p><em>\u00bfLos personajes m\u00e1s importantes?<\/em><\/p>\n\n\n\n<p>Mi suegro, el maestro Antonio Banfi, Sartre.<\/p>\n\n\n\n<p><em>\u00bfC\u00f3mo era Sartre?<\/em><\/p>\n\n\n\n<p>Un raro caso de franc\u00e9s atento, abierto. Ven\u00eda a Roma todos los a\u00f1os, amaba Italia, era curioso. De Beauvoir era m\u00e1s r\u00edgida.<\/p>\n\n\n\n<p><em>\u00bfCu\u00e1l es el \u00faltimo libro que ha le\u00eddo?<\/em><\/p>\n\n\n\n<p>Le assaggiatrici,\u00a0de Rossella Postorino, interesante. Me gustar\u00eda leer\u00a0Scurati\u00a0sobre Mussolini.<\/p>\n\n\n\n<p><em>\u00bfFrecuenta las redes sociales?<\/em><\/p>\n\n\n\n<p>Las detesto. Quiero pasar al otro mundo sin haber dado un solo euro a Zuckerberg.<\/p>\n\n\n\n<p><em>Haciendo un balance de su vida, \u00bftienen m\u00e1s peso los aciertos o los errores?<\/em><\/p>\n\n\n\n<p>He intentado que prevalezcan los aciertos, pero he cometido grandes errores. Al fin y al cabo, \u00bfqui\u00e9n puede negar haberlos cometido?<\/p>\n\n\n\n<p><em>\u00bfCu\u00e1l fue el error m\u00e1s grande?<\/em><\/p>\n\n\n\n<p>No se lo voy a decir. Me cuesta dec\u00edrmelo incluso a m\u00ed misma.<\/p>\n\n\n\n<p>Noviembre 2018<\/p>\n\n\n\n<p><strong>Por Concetto Vecchio \u2013 LA REPUBBLICA<\/strong><br\/>Publicado:\u00a0<a href=\"http:\/\/www.other-news.info\/noticias\/2018\/11\/rossana-rossanda-me-acuerdo-bien-del-fascismo-por-eso-me-da-miedo\/\">14\/11\/2018<\/a>\u00a0by\u00a0<a href=\"http:\/\/www.other-news.info\/noticias\/author\/admin-2\/\">admin<\/a><br\/><strong>Other News<\/strong><br\/><strong>Voces en Contra de la Corriente<\/strong><br\/><a href=\"http:\/\/www.other-news.info\/noticias\/2018\/11\/rossana-rossanda-me-acuerdo-bien-del-fascismo-por-eso-me-da-miedo\/\">http:\/\/www.other-news.info\/noticias\/2018\/11\/rossana-rossanda-me-acuerdo-bien-del-fascismo-por-eso-me-da-miedo\/<\/a><br\/><\/p>\n\n\n\n<p>\u2014\u2014\u2014\u2014\u2014\u2014\u2014\u2014\u2014\u2014\u2014\u2014\u2014\u2014\u2014\u2014\u2014\u2014\u2014\u2014\u2014\u2014\u2014\u2014<\/p>\n\n\n\n<p><em>Traducci\u00f3n:\u00a0Elisa Mora. Este art\u00edculo se public\u00f3 originalmente en\u00a0La Repubblica, que ha cedido a CTXT los derechos para la traducci\u00f3n al espa\u00f1ol.<\/em><\/p>\n","protected":false},"excerpt":{"rendered":"<p>Other News en Espa\u00f1ol publica la traducci\u00f3n de esta entrevista de Concetto Vecchio de LA REPUBBLICA a Rossana Rossanda.\u00a0En estos<\/p>\n","protected":false},"author":10,"featured_media":6649,"comment_status":"open","ping_status":"closed","sticky":false,"template":"","format":"standard","meta":{"colormag_page_container_layout":"default_layout","colormag_page_sidebar_layout":"default_layout","ngg_post_thumbnail":0,"footnotes":""},"categories":[93,2,3],"tags":[254,627,301,626],"class_list":["post-6643","post","type-post","status-publish","format-standard","has-post-thumbnail","hentry","category-destacados","category-c22-donde-estamos","category-c48-lectura-de-contexto","tag-fascismo","tag-italia","tag-rebeldia","tag-rossana-rossanda"],"_links":{"self":[{"href":"https:\/\/pueblosencamino.org\/index.php?rest_route=\/wp\/v2\/posts\/6643","targetHints":{"allow":["GET"]}}],"collection":[{"href":"https:\/\/pueblosencamino.org\/index.php?rest_route=\/wp\/v2\/posts"}],"about":[{"href":"https:\/\/pueblosencamino.org\/index.php?rest_route=\/wp\/v2\/types\/post"}],"author":[{"embeddable":true,"href":"https:\/\/pueblosencamino.org\/index.php?rest_route=\/wp\/v2\/users\/10"}],"replies":[{"embeddable":true,"href":"https:\/\/pueblosencamino.org\/index.php?rest_route=%2Fwp%2Fv2%2Fcomments&post=6643"}],"version-history":[{"count":4,"href":"https:\/\/pueblosencamino.org\/index.php?rest_route=\/wp\/v2\/posts\/6643\/revisions"}],"predecessor-version":[{"id":6653,"href":"https:\/\/pueblosencamino.org\/index.php?rest_route=\/wp\/v2\/posts\/6643\/revisions\/6653"}],"wp:featuredmedia":[{"embeddable":true,"href":"https:\/\/pueblosencamino.org\/index.php?rest_route=\/wp\/v2\/media\/6649"}],"wp:attachment":[{"href":"https:\/\/pueblosencamino.org\/index.php?rest_route=%2Fwp%2Fv2%2Fmedia&parent=6643"}],"wp:term":[{"taxonomy":"category","embeddable":true,"href":"https:\/\/pueblosencamino.org\/index.php?rest_route=%2Fwp%2Fv2%2Fcategories&post=6643"},{"taxonomy":"post_tag","embeddable":true,"href":"https:\/\/pueblosencamino.org\/index.php?rest_route=%2Fwp%2Fv2%2Ftags&post=6643"}],"curies":[{"name":"wp","href":"https:\/\/api.w.org\/{rel}","templated":true}]}}