{"id":628,"date":"2014-01-13T13:49:56","date_gmt":"2014-01-13T13:49:56","guid":{"rendered":"http:\/\/pueblosencamino.org\/wp\/?p=628"},"modified":"2014-01-13T13:49:56","modified_gmt":"2014-01-13T13:49:56","slug":"mandela-blanqueado","status":"publish","type":"post","link":"https:\/\/pueblosencamino.org\/?p=628","title":{"rendered":"Mandela, Blanqueado"},"content":{"rendered":"<div> \t<em><span style=\"font-size:14px;\">Mandela inspir\u00f3 a millones tanto en \u00c1frica del Sur, como en el mundo. Inspir\u00f3 a millones de blancos y europeos, con lo que llamaron \u00abreconciliaci\u00f3n\u00bb, que en verdad signific\u00f3 que \u00e9l y su gobierno les permitieron continuar con sus malhabidas fortunas y con las tierras.<\/span><\/em><\/div>\n<p>  <!--more-->  <\/p>\n<div> \t&nbsp;<\/div>\n<div> \t<span style=\"font-size: 14px;\">Su nombre de nacimiento es Rolihlahla, y naci\u00f3 en julio de 1918, &nbsp;en una naci\u00f3n de la que \u00e9l en verdad no era ciudadano; en un pa\u00eds llamado la Uni\u00f3n Sudafricana, que era parte del Imperio Brit\u00e1nico.&nbsp;<\/span><\/div>\n<div> \t&nbsp;<\/div>\n<div> \t&nbsp;<\/div>\n<div> \t<span style=\"font-size:14px;\">El mundo llegar\u00eda a conocerlo como Nelson, nombre que le di\u00f3 una maestra de escuela elemental: Nelson Mandela.&nbsp;<\/span><\/div>\n<div> \t&nbsp;<\/div>\n<div> \t<span style=\"font-size:14px;\">Finalmente, despu\u00e9s de 95 a\u00f1os de vida, Mandela ha regresado a sus antepasados.<\/span><\/div>\n<div> \t&nbsp;<\/div>\n<div> \t<span style=\"font-size:14px;\">Entre el d\u00eda de su nacimiento y el de su muerte, Mandela vivi\u00f3 una vida extraordinaria de amor y revoluci\u00f3n, de lucha y resistencia, de prisi\u00f3n y martirio solitarios, de libertad &#8211;y ahora, de muerte.<\/span><\/div>\n<div> \t&nbsp;<\/div>\n<div> \t<span style=\"font-size:14px;\">Hoy que ha muerto, los medios masivos de comunicaci\u00f3n de los Estados Unidos lo han pintado como una suerte de l\u00edder africano de los \u00abderechos civiles\u00bb, quiz\u00e1s como otro Martin Luther King; con una aureola de pelo blanco. Un presidente norteamericano emiti\u00f3 una declaraci\u00f3n lamentando su \u00abinjusta condena\u00bb.<\/span><\/div>\n<div> \t&nbsp;<\/div>\n<div> \t&nbsp;<\/div>\n<div> \t<span style=\"font-size:14px;\">En verdad, es peligrosamente err\u00f3neo querer hacer de Mandela un Martin Luther King o un Malcolm X. &nbsp;Nelson Mandela no fue ni el uno ni el otro.<\/span><\/div>\n<div> \t&nbsp;<\/div>\n<div> \t<span style=\"font-size:14px;\">Mandela fue Mandela: un abogado africano que us\u00f3 toda herramienta que estuvo a su alcance, legal cuando pudo; ilegal cuando tuvo que hacerlo, para resistir el sistema que destrozaba como c\u00e1scaras de man\u00ed la vida de los africanos. Mandela fue revolucionario, guerrillero armado y comandante del Umkhonto we Sizwe (Lanza de la Naci\u00f3n), ej\u00e9rcito guerrillero del Congreso Nacional Africano, ANC&#8211;del ingl\u00e9s, African National Congress.<\/span><\/div>\n<div> \t&nbsp;<\/div>\n<div> \t<span style=\"font-size:14px;\">Despu\u00e9s de 1948, el gobierno sudafricano se convirti\u00f3 en el instrumento de terror y tortura que solo un pueblo paranoico, como los boers de Sud\u00e1frica, pudieron imaginar. Bajo la bandera del Partido Nacional, el gobierno sudafricano erigi\u00f3 el odioso apartheid (en lenguaje popular africano, \u201cvivir aparte\u00bb), que llev\u00f3 a la supremac\u00eda de los blancos y a la subordinaci\u00f3n de los Negros a niveles verdaderamente insensatos y deshumanizantes.<\/span><\/div>\n<div> \t&nbsp;<\/div>\n<div> \t<img loading=\"lazy\" decoding=\"async\" class=\" size-full wp-image-627\" alt=\"\" src=\"http:\/\/pueblosencamino.org\/wp\/wp-content\/uploads\/2014\/01\/manderockef.jpg\" style=\"font-size: 0.8em; height: 450px; width: 650px;\" width=\"605\" height=\"419\" srcset=\"https:\/\/pueblosencamino.org\/wp-content\/uploads\/2014\/01\/manderockef.jpg 605w, https:\/\/pueblosencamino.org\/wp-content\/uploads\/2014\/01\/manderockef-300x208.jpg 300w\" sizes=\"auto, (max-width: 605px) 100vw, 605px\" \/><\/div>\n<div> \t&nbsp;<\/div>\n<div> \t<span style=\"font-size: 14px;\">Africa del Sur se convirti\u00f3 en la encarnaci\u00f3n del racismo legalizado de los blancos y de la ciega y brutal opresi\u00f3n dise\u00f1ada, principalmente, para obtener y explotar el trabajo barato de los Negros. En toda oportunidad, se esforz\u00f3 en causar humillaci\u00f3n, dolor y violencia en la vida de los Negros africanos. &nbsp;Corrompi\u00f3 todo aspecto de la vida africana, la econom\u00eda, la educaci\u00f3n, la salud, el trabajo y la familia en beneficio de los blancos. &nbsp;.<\/span><\/div>\n<div> \t&nbsp;<\/div>\n<div> \t&nbsp;<\/div>\n<div> \t<span style=\"font-size:14px;\">El Dr. Nelson Mandela fue hecho prisionero al ser convicto de sabotaje (por su actividad paramilitar) y sentenciado a cadena perpetua.<\/span><\/div>\n<div> \t&nbsp;<\/div>\n<div> \t<span style=\"font-size:14px;\">El creciente movimiento contra el apartheid, y la consecuente campa\u00f1a contra la inversi\u00f3n en \u00c1frica del Sur, que forz\u00f3 a las instituciones occidentales a no continuar invirtiendo en el r\u00e9gimen del apartheid, convenci\u00f3 a importantes sectores del poder blanco sudafricano a ir a la mesa de negociaciones, y a cambiar sus pol\u00edticas.&nbsp;<\/span><\/div>\n<div> \t<span style=\"font-size:14px;\">Los del poder blanco de Sud\u00e1frica lo hicieron, con una importante condici\u00f3n: pasaron la maquinaria pol\u00edtica al Congreso Nacional Africano, ANC; y removieron la econom\u00eda del control pol\u00edtico.<\/span><\/div>\n<div> \t&nbsp;<\/div>\n<div> \t<span style=\"font-size:14px;\">Kwame Nkrumah, el primer presidente de Ghana, despu\u00e9s de la colonia, dijo una vez que \u201cIndependencia pol\u00edtica sin independencia econ\u00f3mica es solo una ilusi\u00f3n.\u201d &nbsp;El adagio de Nkrumah prov\u00f3 ser verdad con la inpendencia de \u00c1frica del Sur, que abri\u00f3 las puertas a elecciones pol\u00edticas, pero que las cerr\u00f3 a las grandes riqueza sudafricanas, poni\u00e9ndolas en manos privadas.<\/span><\/div>\n<div> \t&nbsp;<\/div>\n<div> \t<span style=\"font-size:14px;\">El Dr. Nelson Mandela fue contratado para consolidar ese estado de cosas, y hoy, \u00c1frica del Sur es una de las naciones econ\u00f3micamente m\u00e1s desiguales del mundo, quiz\u00e1s solo superada por la desigualdad econ\u00f3mica de los Estados Unidos.<\/span><\/div>\n<div> \t&nbsp;<\/div>\n<div> \t<span style=\"font-size:14px;\">Dicho eso, lo que Mandela hizo fue guiar a una naci\u00f3n que era paria internacional, y transformarla en una de las naciones m\u00e1s respetadas del mundo. Cerr\u00f3 las puertas de la historia a ese pa\u00eds que parec\u00eda buscar ser sucesor de los Nazis en racismo y en odio.<\/span><\/div>\n<div> \t&nbsp;<\/div>\n<div> \t<span style=\"font-size:14px;\">El ni\u00f1o nacido en la casa real de una tribu africana, en tierra conquistada por el Imperio Brit\u00e1nico, en una naci\u00f3n donde la raza y la complexi\u00f3n conduc\u00edan a privilegio \u00fa opresi\u00f3n, al dejar la c\u00e1rcel pol\u00edtica entr\u00f3 a la presidencia y abri\u00f3 las puertas a una nueva naci\u00f3n.&nbsp;<\/span><\/div>\n<div> \t&nbsp;<\/div>\n<div> \t<span style=\"font-size:14px;\">\u00c9se es asunto de gran drama, de sue\u00f1os hechos realidad, de p\u00e9rdidas \u00e9picas, penosa soledad, y de hacer lo correcto en el momento oportuno.<\/span><\/div>\n<div> \t&nbsp;<\/div>\n<div> \t<span style=\"font-size:14px;\">Mi cu\u00f1ado, que es dipl\u00f3mata estadounidense, me dijo una vez que \u00c1frica del Sur es el pa\u00eds m\u00e1s bello que \u00e9l ha visto, pero que sus pol\u00edticas y pr\u00e1cticas racistas lo hacen uno de los pa\u00edses m\u00e1s horribles del mundo.<\/span><\/div>\n<div> \t&nbsp;<\/div>\n<div> \t<span style=\"font-size:14px;\">El Dr.Nelson Rolihlahla Mandela, y el gran movimiento global contra el apartheid, ayudaron a devolver a \u00c1frica del Sur esa belleza.<\/span><\/div>\n<div> \t&nbsp;<\/div>\n<div> \t&nbsp;<\/div>\n<div> \t<span style=\"font-size:14px;\">Mandela inspir\u00f3 a millones tanto en \u00c1frica del Sur, como en el mundo. Inspir\u00f3 a millones de blancos y europeos, con lo que llamaron \u00abreconciliaci\u00f3n\u00bb, que en verdad signific\u00f3 que \u00e9l y su gobierno les permitieron continuar con sus malhabidas fortunas y con las tierras.<\/span><\/div>\n<div> \t&nbsp;<\/div>\n<div> \t<span style=\"font-size:14px;\">El pueblo africano recibi\u00f3 orgullo y dominio pol\u00edtico; los blancos recibieron riquezas, privilegio econ\u00f3mico y se quedaron con las tierras.<\/span><\/div>\n<div> \t&nbsp;<\/div>\n<div> \t<span style=\"font-size:14px;\">Una vez m\u00e1s, los Negros pagan el precio por la paz social y por el compromiso pol\u00edtico.<\/span><\/div>\n<div> \t&nbsp;<\/div>\n<div> \t<span style=\"font-size:14px;\">Quiz\u00e1s ya se acab\u00f3 el apartheid \u2013 pero los privilegios todav\u00eda siguen.<\/span><\/div>\n<div> \t&nbsp;<\/div>\n<div> \t<span style=\"font-size:14px;\">Para millones del pueblo sudafricano la gran marcha hacia la libertad no ha terminado.<\/span><\/div>\n<div> \t&nbsp;<\/div>\n<div> \t&nbsp;<\/div>\n<div> \t<strong><span style=\"font-size:14px;\">Autor: Mum\u00eda Ab\u00fa-Jamal<\/span><\/strong><\/div>\n<div> \t&nbsp;<\/div>\n<div> \t<span style=\"font-size:14px;\"><strong>Fuente: <a href=\"http:\/\/ensartaos.com.ve\/2014\/01\/03\/articulo\/37509\">Ensartaos<\/a><\/strong><\/span><a href=\"http:\/\/ensartaos.com.ve\/2014\/01\/03\/articulo\/37509\"><strong>&nbsp;<\/strong><\/a><\/div>\n","protected":false},"excerpt":{"rendered":"<p>Mandela inspir\u00f3 a millones tanto en \u00c1frica del Sur, como en el mundo. Inspir\u00f3 a millones de blancos y europeos,<\/p>\n","protected":false},"author":3,"featured_media":627,"comment_status":"open","ping_status":"closed","sticky":false,"template":"","format":"standard","meta":{"colormag_page_container_layout":"default_layout","colormag_page_sidebar_layout":"default_layout","ngg_post_thumbnail":0,"footnotes":""},"categories":[37],"tags":[],"class_list":["post-628","post","type-post","status-publish","format-standard","has-post-thumbnail","hentry","category-c35-contradiciones"],"_links":{"self":[{"href":"https:\/\/pueblosencamino.org\/index.php?rest_route=\/wp\/v2\/posts\/628","targetHints":{"allow":["GET"]}}],"collection":[{"href":"https:\/\/pueblosencamino.org\/index.php?rest_route=\/wp\/v2\/posts"}],"about":[{"href":"https:\/\/pueblosencamino.org\/index.php?rest_route=\/wp\/v2\/types\/post"}],"author":[{"embeddable":true,"href":"https:\/\/pueblosencamino.org\/index.php?rest_route=\/wp\/v2\/users\/3"}],"replies":[{"embeddable":true,"href":"https:\/\/pueblosencamino.org\/index.php?rest_route=%2Fwp%2Fv2%2Fcomments&post=628"}],"version-history":[{"count":0,"href":"https:\/\/pueblosencamino.org\/index.php?rest_route=\/wp\/v2\/posts\/628\/revisions"}],"wp:featuredmedia":[{"embeddable":true,"href":"https:\/\/pueblosencamino.org\/index.php?rest_route=\/wp\/v2\/media\/627"}],"wp:attachment":[{"href":"https:\/\/pueblosencamino.org\/index.php?rest_route=%2Fwp%2Fv2%2Fmedia&parent=628"}],"wp:term":[{"taxonomy":"category","embeddable":true,"href":"https:\/\/pueblosencamino.org\/index.php?rest_route=%2Fwp%2Fv2%2Fcategories&post=628"},{"taxonomy":"post_tag","embeddable":true,"href":"https:\/\/pueblosencamino.org\/index.php?rest_route=%2Fwp%2Fv2%2Ftags&post=628"}],"curies":[{"name":"wp","href":"https:\/\/api.w.org\/{rel}","templated":true}]}}