{"id":6033,"date":"2018-06-12T14:06:01","date_gmt":"2018-06-12T14:06:01","guid":{"rendered":"http:\/\/pueblosencamino.org\/?p=6033"},"modified":"2018-06-13T14:20:50","modified_gmt":"2018-06-13T14:20:50","slug":"la-justicia-de-la-pacha-mamita-en-accion-colectiva-lleva-a-sentencia-de-suspension-de-minera-china-en-cuenca-ecuador","status":"publish","type":"post","link":"https:\/\/pueblosencamino.org\/?p=6033","title":{"rendered":"La justicia de la Pacha Mamita en Acci\u00f3n Colectiva lleva a sentencia de suspensi\u00f3n de minera China en Cuenca, Ecuador"},"content":{"rendered":"<p>\u201c\u00bfQu\u00e9 va a ser de esas flores que cuidamos y regamos con agua pura todos los d\u00edas? En ellas siempre pienso cuando nos hablan de miner\u00eda. Todas las ma\u00f1anas cuando me levanto les hablo y cuando las riego ellas se ponen alegres. As\u00ed mismo queremos seguir siendo nosotros, alegres como las flores de mi casa. Por eso estamos firmes en la defensa de nuestro territorio y hoy les decimos con m\u00e1s fuerza: \u00a1\u00a1\u00a1No a la miner\u00eda. S\u00ed a la vida!!!\u201d. Con estas palabras, una compa\u00f1era participante en la asamblea comunitaria realizada el pasado 26 de mayo en San Antonio de Paguancay, Ca\u00f1ar, Ecuador, cerr\u00f3 la discusi\u00f3n que alimentaron centenas de comuneros y comuneras de Molleturo, Gualleturo y del mismo San Antonio de Paguancay, reunidos con el prop\u00f3sito de consolidar la lucha contra la miner\u00eda.&nbsp; La justicia de los pueblos consolidaba sus argumentos, su palabra, su memoria, para llegar incluso a con-mover a <a href=\"https:\/\/www.eluniverso.com\/noticias\/2018\/06\/02\/nota\/6789620\/juez-falla-favor-comunidades-suspende-explotacion-minera-rio-blanco\"><strong>la justicia del poder<\/strong> <\/a>y someterla a su sabidur\u00eda y principio esencial: el respeto por la vida en armon\u00eda.<\/p>\n<p><a href=\"http:\/\/pueblosencamino.org\/wp-content\/uploads\/2018\/06\/Mujer_Molleturo.jpg\"><img loading=\"lazy\" decoding=\"async\" class=\"aligncenter size-full wp-image-6035\" src=\"http:\/\/pueblosencamino.org\/wp-content\/uploads\/2018\/06\/Mujer_Molleturo.jpg\" alt=\"\" width=\"1024\" height=\"768\" srcset=\"https:\/\/pueblosencamino.org\/wp-content\/uploads\/2018\/06\/Mujer_Molleturo.jpg 1024w, https:\/\/pueblosencamino.org\/wp-content\/uploads\/2018\/06\/Mujer_Molleturo-300x225.jpg 300w, https:\/\/pueblosencamino.org\/wp-content\/uploads\/2018\/06\/Mujer_Molleturo-768x576.jpg 768w\" sizes=\"auto, (max-width: 1024px) 100vw, 1024px\" \/><\/a><!--more--><\/p>\n<p>Recordemos que previo a esta asamblea, Molleturo se dio a conocer nacional a internacionalmente por su resistencia a la minera china Ecuagoldmining South America S.A, por la que<a href=\"http:\/\/pueblosencamino.org\/?p=5938\"> intentaron asesinar y secuestraron a tres dirigentes defensores del territorio, entre ellos a Yaku P\u00e9rez<\/a>, presidente de la Ecuarrunari. Detonante que provoc\u00f3 que hombres y mujeres se juntaran y decidieran seguir luchando unidos por su territorio, pese a que \u201cla mano negra de la pol\u00edtica nos dividi\u00f3. Antes \u00e9ramos un solo cant\u00f3n\u201d, como lo asever\u00f3 otro comunero en San Antonio de Paguancay, reiterando tambi\u00e9n durante la asamblea que: \u201cesta tierra no es gratuita, fue peleada por nuestros abuelos\u201d y que \u201cNunca en el cant\u00f3n Ca\u00f1ar habr\u00e1 miner\u00eda met\u00e1lica. Vamos a pelear como sabemos. Nosotros s\u00ed conocemos el territorio\u201d.<\/p>\n<p><strong>Escuchemos a Yaku P\u00e9rez en la Audiencia, video de Patricio Zhingri, dirigente de Comunicaci\u00f3n de la Ecuarrunari<\/strong><\/p>\n<div id=\"fb-root\"><\/div>\n<p><script>(function(d, s, id) {  var js, fjs = d.getElementsByTagName(s)[0];  if (d.getElementById(id)) return;  js = d.createElement(s); js.id = id;  js.src = 'https:\/\/connect.facebook.net\/en_US\/sdk.js#xfbml=1&version=v3.0';  fjs.parentNode.insertBefore(js, fjs);}(document, 'script', 'facebook-jssdk'));<\/script><\/p>\n<div class=\"fb-video\" data-href=\"https:\/\/www.facebook.com\/pato.zhingri.5\/videos\/pcb.1011060632404876\/1010798302431109\/?type=3&amp;theater\" data-width=\"800\">\n<blockquote cite=\"https:\/\/www.facebook.com\/pato.zhingri.5\/videos\/1010798302431109\/\" class=\"fb-xfbml-parse-ignore\"><p><a href=\"https:\/\/www.facebook.com\/pato.zhingri.5\/videos\/1010798302431109\/\"><\/a><\/p>\n<p>Posted by <a href=\"https:\/\/www.facebook.com\/pato.zhingri.5\">PaTo Zhingri<\/a> on Monday, June 11, 2018<\/p><\/blockquote>\n<\/div>\n<p>&nbsp;<\/p>\n<p><strong>Escuchemos el testimonio de una defensora de la vida, video de Patricio Zhingri, dirigente de Comunicaci\u00f3n de la Ecuarrunari<\/strong><\/p>\n<div id=\"fb-root\"><\/div>\n<p><script>(function(d, s, id) {  var js, fjs = d.getElementsByTagName(s)[0];  if (d.getElementById(id)) return;  js = d.createElement(s); js.id = id;  js.src = 'https:\/\/connect.facebook.net\/en_US\/sdk.js#xfbml=1&version=v3.0';  fjs.parentNode.insertBefore(js, fjs);}(document, 'script', 'facebook-jssdk'));<\/script><\/p>\n<div class=\"fb-video\" data-href=\"https:\/\/www.facebook.com\/pato.zhingri.5\/videos\/1010979025746370\/\" data-width=\"800\">\n<blockquote cite=\"https:\/\/www.facebook.com\/pato.zhingri.5\/videos\/1010979025746370\/\" class=\"fb-xfbml-parse-ignore\"><p><a href=\"https:\/\/www.facebook.com\/pato.zhingri.5\/videos\/1010979025746370\/\"><\/a><\/p>\n<p>Posted by <a href=\"https:\/\/www.facebook.com\/pato.zhingri.5\">PaTo Zhingri<\/a> on Monday, June 11, 2018<\/p><\/blockquote>\n<\/div>\n<p>&nbsp;<\/p>\n<p>Estos hechos antecedieron al <a href=\"http:\/\/pueblosencamino.org\/wp-content\/uploads\/2018\/06\/sentencia-Acc-P-18.docx\">sentencia Acc P 18<\/a>, quien la primera semana de junio decidi\u00f3 a favor de las comunidades que interpusieron &nbsp;una acci\u00f3n de protecci\u00f3n contra la explotaci\u00f3n minera en el proyecto R\u00edo Blanco, ubicado entre las parroquias rurales Molleturo y Chaucha, Cuenca. La decisi\u00f3n fue la siguiente: \u201cSin que sea necesario abundar en la argumentaci\u00f3n para concluir; este \u00f3rgano Jurisdiccional del Cant\u00f3n Cuenca, ADMINISTRANDO JUSTICIA EN NOMBRE DEL PUEBLO SOBERANO DEL ECUADOR, Y POR AUTORIDAD DE LA CONSTITUCION Y LAS LEYES DE LA REP\u00daBLICA, RESUELVE: <strong>PRIMERO.-<\/strong>Aceptar la Acci\u00f3n de protecci\u00f3n por vulnerarse los derechos al debido proceso, a la consulta previa, libre e informada, en las comunidades de Molleturo en relaci\u00f3n al Proyecto Rio Blanco. <strong>SEGUNDO<\/strong>: En consecuencia, ORDENA a todas las autoridades accionadas, que en el \u00e1mbito de sus respectivas funciones y de inmediato, hagan SUSPENDER las actividades de explotaci\u00f3n que se est\u00e9n desarrollando del contrato de concesi\u00f3n denominado Rio Blanco. 2.1 Como medida de restituci\u00f3n al derecho vulnerado: Real\u00edcese la consulta previa, libre e informada conforme al convenio 169 de la OIT. <strong>TERCERO<\/strong>: ORDENAR la desmilitarizaci\u00f3n gradual y paulatina de los sectores donde se encuentra el conflicto, precautelando la integridad de los miembros de las comunidades y evitando conflictos de cualquier orden incluidos los de miner\u00eda ilegal. <strong>CUARTO<\/strong>: De conformidad al Art. 21 de la Ley Org\u00e1nica de Garant\u00edas Jurisdiccionales y Control Constitucional, delegar el seguimiento del cumplimiento de esta sentencia al Director Regional de la Defensor\u00eda del Pueblo, quien informar\u00e1 peri\u00f3dicamente sobre tal cumplimiento y podr\u00e1 ejercer las acciones que sean necesarias para cumplir esta delegaci\u00f3n. Env\u00edese una copia de esta sentencia a la Defensor\u00eda del Pueblo del Azuay. Ejecutoriada esta sentencia, rem\u00edtase la misma a la Corte Constitucional en cumplimiento del numeral 5 del Art. 86 de la Constituci\u00f3n de la Rep\u00fablica del Ecuador.-Notif\u00edquese.\u201d<\/p>\n<p>&nbsp;<\/p>\n<p><a href=\"http:\/\/pueblosencamino.org\/wp-content\/uploads\/2018\/06\/SanAntonio.jpg\"><img loading=\"lazy\" decoding=\"async\" class=\"aligncenter size-full wp-image-6039\" src=\"http:\/\/pueblosencamino.org\/wp-content\/uploads\/2018\/06\/SanAntonio.jpg\" alt=\"\" width=\"1024\" height=\"532\" srcset=\"https:\/\/pueblosencamino.org\/wp-content\/uploads\/2018\/06\/SanAntonio.jpg 1024w, https:\/\/pueblosencamino.org\/wp-content\/uploads\/2018\/06\/SanAntonio-300x156.jpg 300w, https:\/\/pueblosencamino.org\/wp-content\/uploads\/2018\/06\/SanAntonio-768x399.jpg 768w\" sizes=\"auto, (max-width: 1024px) 100vw, 1024px\" \/><\/a><\/p>\n<p>&nbsp;<\/p>\n<p>Hombres y mujeres se oponen a la minera China a la que Rafael Correa le entreg\u00f3 en concesi\u00f3n un territorio ancestral, el agua y la vida de los pueblos. Justamente porque en ese territorio hay \u201cgente con shungo (coraz\u00f3n) que est\u00e1 dispuesta a luchar por su tierra. Contra la contaminaci\u00f3n del territorio, pero tambi\u00e9n del esp\u00edritu y de la conciencia que est\u00e1n sembrando con ambici\u00f3n y codicia. Nuestros taitas nos ense\u00f1aron a criar, sembrar y cuidar el agua. El oro no se come ni se bebe. El agua nos da vida. Defender el territorio no es un crimen. Criminales son quienes vienen a sacar el oro y a contaminar la vida\u201d.<\/p>\n<p>&nbsp;<\/p>\n<p><a href=\"http:\/\/pueblosencamino.org\/wp-content\/uploads\/2018\/06\/Gualleturo3.jpg\"><img loading=\"lazy\" decoding=\"async\" class=\"aligncenter size-full wp-image-6041\" src=\"http:\/\/pueblosencamino.org\/wp-content\/uploads\/2018\/06\/Gualleturo3.jpg\" alt=\"\" width=\"1024\" height=\"768\" srcset=\"https:\/\/pueblosencamino.org\/wp-content\/uploads\/2018\/06\/Gualleturo3.jpg 1024w, https:\/\/pueblosencamino.org\/wp-content\/uploads\/2018\/06\/Gualleturo3-300x225.jpg 300w, https:\/\/pueblosencamino.org\/wp-content\/uploads\/2018\/06\/Gualleturo3-768x576.jpg 768w\" sizes=\"auto, (max-width: 1024px) 100vw, 1024px\" \/><\/a><\/p>\n<p>&nbsp;<\/p>\n<p>En esta asamblea, tambi\u00e9n las contradicciones salieron a flote, las y los voceros comunitarios no las ocultaron ni taparon, por el contrario, en ese mismo espacio colectivo en que todas y todos tienen voz, se\u00f1alaron sin tapujos a quienes se hab\u00edan reunido previamente con representantes de la minera y al parecer no hab\u00edan sido firmes en su posici\u00f3n antiminera. All\u00ed mismo, las y los se\u00f1alados hablaron y trataron de encubrir sus acciones, pero la comunidad estaba muy clara y decidida, por eso reafirm\u00f3 contundentemente que no se iban a dejar enga\u00f1ar ni comprar por el extractivismo. All\u00ed el grito com\u00fan retumb\u00f3 entre las monta\u00f1as: \u201c\u00a1Agua s\u00ed. Oro no!\u201d. Y la muchedumbre no cesaba de aplaudir las posiciones firmes por la defensa de la Pachamama. As\u00ed lo expres\u00f3 otro comunero de Molleturo: \u201cUna vez luchamos por la tierra. Ahora luchamos por la vida\u201d.<\/p>\n<p>&nbsp;<\/p>\n<p><a href=\"http:\/\/pueblosencamino.org\/wp-content\/uploads\/2018\/06\/Gualleturo2.jpg\"><img loading=\"lazy\" decoding=\"async\" class=\"aligncenter size-full wp-image-6040\" src=\"http:\/\/pueblosencamino.org\/wp-content\/uploads\/2018\/06\/Gualleturo2.jpg\" alt=\"\" width=\"1024\" height=\"768\" srcset=\"https:\/\/pueblosencamino.org\/wp-content\/uploads\/2018\/06\/Gualleturo2.jpg 1024w, https:\/\/pueblosencamino.org\/wp-content\/uploads\/2018\/06\/Gualleturo2-300x225.jpg 300w, https:\/\/pueblosencamino.org\/wp-content\/uploads\/2018\/06\/Gualleturo2-768x576.jpg 768w\" sizes=\"auto, (max-width: 1024px) 100vw, 1024px\" \/><\/a><\/p>\n<p>&nbsp;<\/p>\n<p>En esta asamblea participaron compa\u00f1eros kurdos e integrantes de Pueblos en Camino, principalmente para escuchar y conocer de los dolores pero tambi\u00e9n de las alegr\u00edas que caminan los pueblos por la vida frente a la muerte. Pero tambi\u00e9n para contar un poco de sus experiencias comunes y de los desaf\u00edos que enfrentan los pueblos m\u00e1s all\u00e1 de las fronteras colonialmente establecidas.<\/p>\n<p>Es importante mencionar que en Cuenca ya se ten\u00eda programado el Encuentro Nacional de Comunidades Defensoras del Agua que se realiz\u00f3 el 2 de junio, en el que se acordaron siete resoluciones entre las cuales se defini\u00f3: realizar una <a href=\"http:\/\/www.elcomercio.com\/actualidad\/ecuarunari-marcha-mineria-agua-dinamita.html.\"><strong>Marcha Nacional en Defensa del Agua y de los P\u00e1ramos libres de miner\u00eda met\u00e1lica<\/strong><\/a>. Marcha de antiminerxs y organizaciones sociales del pa\u00eds que saldr\u00e1 de Cuenca hasta Quito del 30 de julio al 10 de agosto.<\/p>\n<p>&nbsp;<\/p>\n<figure id=\"attachment_6043\" aria-describedby=\"caption-attachment-6043\" style=\"width: 795px\" class=\"wp-caption aligncenter\"><a href=\"http:\/\/pueblosencamino.org\/wp-content\/uploads\/2018\/06\/Platon.jpg\"><img loading=\"lazy\" decoding=\"async\" class=\"wp-image-6043 size-full\" src=\"http:\/\/pueblosencamino.org\/wp-content\/uploads\/2018\/06\/Platon.jpg\" alt=\"\" width=\"795\" height=\"455\" srcset=\"https:\/\/pueblosencamino.org\/wp-content\/uploads\/2018\/06\/Platon.jpg 795w, https:\/\/pueblosencamino.org\/wp-content\/uploads\/2018\/06\/Platon-300x172.jpg 300w, https:\/\/pueblosencamino.org\/wp-content\/uploads\/2018\/06\/Platon-768x440.jpg 768w\" sizes=\"auto, (max-width: 795px) 100vw, 795px\" \/><\/a><figcaption id=\"caption-attachment-6043\" class=\"wp-caption-text\">Plat\u00f3n afuera del Complejo Judicial de Cuenca donde se realiz\u00f3 la Audiencia<\/figcaption><\/figure>\n<p>Aunque hoy mismo nos cuentan desde Cuenca que&nbsp;\u201cse ha abierto una causa penal por delito de sabotaje contra quienes est\u00e1n representando esta lucha antiminera\u201d:<\/p>\n<div id=\"fb-root\"><\/div>\n<p><script>(function(d, s, id) {  var js, fjs = d.getElementsByTagName(s)[0];  if (d.getElementById(id)) return;  js = d.createElement(s); js.id = id;  js.src = 'https:\/\/connect.facebook.net\/en_US\/sdk.js#xfbml=1&version=v3.0';  fjs.parentNode.insertBefore(js, fjs);}(document, 'script', 'facebook-jssdk'));<\/script><\/p>\n<div class=\"fb-video\" data-href=\"https:\/\/www.facebook.com\/manuela.daquilemal\/videos\/1736635719764324\/\" data-width=\"800\">\n<blockquote cite=\"https:\/\/www.facebook.com\/manuela.daquilemal\/videos\/1736635719764324\/\" class=\"fb-xfbml-parse-ignore\"><p><a href=\"https:\/\/www.facebook.com\/manuela.daquilemal\/videos\/1736635719764324\/\"><\/a><\/p>\n<p>No entendemos la actitud del Gobierno Nacional, llamando al di\u00e1logo por otro lado contin\u00faa la criminalizaci\u00f3n contra los defensores del agua.<\/p>\n<p>Posted by <a href=\"#\" role=\"button\">Isaysi Daquilema Lasso<\/a> on Tuesday, June 12, 2018<\/p><\/blockquote>\n<\/div>\n<p>Este fallo a favor de las comunidades es un importante precedente para los dem\u00e1s pueblos, precisamente porque gran parte del territorio ecuatoriano fue concesionado por el gobierno progresista al capital minero chino. Es decir, que de aqu\u00ed en adelante seguir\u00e1n avanzando con la sed de oro por todo el pa\u00eds y m\u00e1s que nunca van a ser necesarias las acciones colectivas, la asamblea comunitaria, la auto-organizaci\u00f3n y el autocuidado de la vida para blindarse del extractivismo y los dem\u00e1s megaproyectos que seguir\u00e1n reventando en todas partes para irse cobrando el dinero entregado al progresismo. Por una vez, se enfrentaron dos justicias, la de la raz\u00f3n instrumental y el pensamiento utilitario al servicio de la acumulaci\u00f3n y la de los pueblos tejidos indeleblemente a la vida desde una memoria que hace del tiempo la pervivencia. Esta vez, ante la amenaza a la vida, un juez supedit\u00f3 el poder mezquino que justifica el despojo y sacraliza la propiedad privada al mandato mayor de la Pacha Mamita. Esta vez, la justicia de la codicia se reconoci\u00f3 en su lugar. \u00a1Que sea apenas un ejemplo desde el Ecuador profundo, de los tiempos por venir! <strong>\u00a1As\u00ed S\u00ed! Resistencias y Caminos. Pueblos en Camino.<\/strong><\/p>\n<p><strong>Junio 12 de 2018<\/strong><\/p>\n<p><strong>Redacta: Pueblos en Camino<\/strong><\/p>\n","protected":false},"excerpt":{"rendered":"<p>\u201c\u00bfQu\u00e9 va a ser de esas flores que cuidamos y regamos con agua pura todos los d\u00edas? En ellas siempre<\/p>\n","protected":false},"author":3,"featured_media":6036,"comment_status":"open","ping_status":"closed","sticky":false,"template":"","format":"standard","meta":{"colormag_page_container_layout":"default_layout","colormag_page_sidebar_layout":"default_layout","ngg_post_thumbnail":0,"footnotes":""},"categories":[7,25,26],"tags":[462,464,463,129,466,465,431],"class_list":["post-6033","post","type-post","status-publish","format-standard","has-post-thumbnail","hentry","category-c20-actualidades","category-c11-planes-de-vida","category-c13-resistencias-y-luchas-sociales","tag-antimineria","tag-cuenca-libre-de-extractivismo","tag-defensa-del-territorio","tag-dignidad","tag-ecuador-sin-mineria","tag-molleturo","tag-yaku-perez"],"_links":{"self":[{"href":"https:\/\/pueblosencamino.org\/index.php?rest_route=\/wp\/v2\/posts\/6033","targetHints":{"allow":["GET"]}}],"collection":[{"href":"https:\/\/pueblosencamino.org\/index.php?rest_route=\/wp\/v2\/posts"}],"about":[{"href":"https:\/\/pueblosencamino.org\/index.php?rest_route=\/wp\/v2\/types\/post"}],"author":[{"embeddable":true,"href":"https:\/\/pueblosencamino.org\/index.php?rest_route=\/wp\/v2\/users\/3"}],"replies":[{"embeddable":true,"href":"https:\/\/pueblosencamino.org\/index.php?rest_route=%2Fwp%2Fv2%2Fcomments&post=6033"}],"version-history":[{"count":9,"href":"https:\/\/pueblosencamino.org\/index.php?rest_route=\/wp\/v2\/posts\/6033\/revisions"}],"predecessor-version":[{"id":6054,"href":"https:\/\/pueblosencamino.org\/index.php?rest_route=\/wp\/v2\/posts\/6033\/revisions\/6054"}],"wp:featuredmedia":[{"embeddable":true,"href":"https:\/\/pueblosencamino.org\/index.php?rest_route=\/wp\/v2\/media\/6036"}],"wp:attachment":[{"href":"https:\/\/pueblosencamino.org\/index.php?rest_route=%2Fwp%2Fv2%2Fmedia&parent=6033"}],"wp:term":[{"taxonomy":"category","embeddable":true,"href":"https:\/\/pueblosencamino.org\/index.php?rest_route=%2Fwp%2Fv2%2Fcategories&post=6033"},{"taxonomy":"post_tag","embeddable":true,"href":"https:\/\/pueblosencamino.org\/index.php?rest_route=%2Fwp%2Fv2%2Ftags&post=6033"}],"curies":[{"name":"wp","href":"https:\/\/api.w.org\/{rel}","templated":true}]}}