{"id":5368,"date":"2018-03-01T18:12:06","date_gmt":"2018-03-01T18:12:06","guid":{"rendered":"http:\/\/pueblosencamino.org\/?p=5368"},"modified":"2018-03-01T18:12:06","modified_gmt":"2018-03-01T18:12:06","slug":"el-discurso-del-progreso-canto-desde-el-caqueta-riqueza-petrolera-y-pobreza-en-la-vereda","status":"publish","type":"post","link":"https:\/\/pueblosencamino.org\/?p=5368","title":{"rendered":"\u00abEl discurso del Progreso\u00bb: Canto desde el Caquet\u00e1 \u00abriqueza petrolera y pobreza en la vereda\u00bb"},"content":{"rendered":"<p>Juan V\u00e1squez se va a un lugar del bosque en Bel\u00e9n de los Andaqu\u00edes, Caquet\u00e1, Amazon\u00eda de Colombia y canta solo con su guitarra desde all\u00ed lo que \u00e9sta tierra y quienes de all\u00ed brotan saben y sienten. R\u00edos, bosques, aguacero, vida, ahora de nuevo amenazados. Canta la selva y la vida en el amor que engendra y brota&#8230;amenazada. Escuchar a Juan; escucharlo en la compa\u00f1\u00eda de este mensaje al aire, es encontrarnos frente a \u00e9l escuchando en cualquier parte, en todas partes. Acompa\u00f1arlo all\u00ed, en la Amazon\u00eda, en el bosque adonde pertenece este canto que nos regala.<\/p>\n<p>La Amazon\u00eda ha sido y es tierra \u00ab<em>bald\u00eda<\/em>\u00bb para la conquista. \u00ab<em>Desierto<\/em>\u00bb verde y vivo para que lo cerquen los ladrones de toda estirpe. Como dice un habitante de esas tierras \u00ab<em>las haciendas se establecieron con f\u00f3sforos<\/em>\u00ab; es decir que se prend\u00eda fuego a la selva y hasta donde alcanzara lo destruido se convert\u00eda en lindero con propietario. Fuego, no de f\u00f3sforos ni antorchas sino a balazos desde entonces. Misioneros, locos, religiosos, acaparadores, comerciantes de plantas, especies, semillas y todo lo que diera esa rica tierra, desde hace tres siglos entrando a sangre y fuego. Los pobladores de la selva, pueblos ind\u00edgenas, asesinados, cazados, evangelizados, convertidos, violadas. Caucho, oro, maderas. Todo para la rapi\u00f1a. Exterminio: no s\u00f3lo fuego de f\u00f3sforos y antorchas: bombardeos, ej\u00e9rcitos, guerra; un \u00ab<em>teatro de operaciones militares<\/em>\u00ab. Narcotr\u00e1fico y los dem\u00e1s tr\u00e1ficos de la codicia. Pol\u00edticos que a nombre de esas tierras explotadas y esos pueblos negados, promet\u00edan y prometen que, a cambio de votos y cargos, entran al gobierno, al congreso, para regalar carreteras, escuelas y&#8230;<strong>PROGRESO<\/strong>!!! <strong><a href=\"https:\/\/youtu.be\/GfGJatyuxEM\"><em>El Discurso del Progreso!<\/em><\/a>\u00a0\u00ab<em>Riqueza petrolera y pobreza en la vereda<\/em>.\u00bb\u00a0<\/strong>Vienen por el petr\u00f3leo, vienen por todo lo que les sirve para transformarlo en mercanc\u00eda y dinero matando mientras se mezcla su veneno con las aguas de \u00ab<em>mi tierra y de mis venas<\/em>\u00ab. Vienen a militarizar, a entregar a manos llenas la tierra a las transnacionales. Hoy el progreso llega reanimado y reavivado con un nuevo logo del PROGRESO : \u00ab<em><a href=\"https:\/\/ejercito.mil.co\/?idcategoria=404384\"><strong>Caquet\u00e1 es Pasi\u00f3n<\/strong><\/a><\/em>\u00ab. A trav\u00e9s de las fuerzas armadas, se invita al turismo y al despojo de tierras y riquezas que por la guerra y por haber sido la retaguardia de las FARC no pod\u00edan \u00ab<em>progresar<\/em>\u00ab. Todo esto y peor, es lo que trae el <em>discurso del progreso<\/em>. Pero desde esas tierras, r\u00edos, monta\u00f1as, planicies, gentes, llega este canto que niega el \u00ab<em>desierto<\/em>\u00ab, desmiente el \u00ab<em>bald\u00edo<\/em>\u00bb y por todo lo que vive anuncia que \u00a1NO!, \u00a1NO! AL DISCURSO DEL PROGRESO. \u00a1NO! PORQUE CAQUET\u00c1 NO VA A CEDER.<\/p>\n<p>Juan V\u00e1squez desde Bel\u00e9n de los Andaqu\u00edes-ya extintos por el <em>progreso<\/em>, le pone coraz\u00f3n, voz, guitarra y letra a este \u00a1NO! desde el Caquet\u00e1 que es un \u00a1S\u00cd! bello y nuestro por la vida y la dignidad que NO VA A CEDER. Ac\u00e1 para con-movernos y cantar y sentir; Juan Vasquez y \u00ab<em><a href=\"https:\/\/youtu.be\/GfGJatyuxEM\"><strong>El discurso del Progreso<\/strong><\/a><\/em>\u00ab. Pueblos en Camino. <strong>As\u00ed S\u00ed. Resistencias y Caminos.<\/strong><\/p>\n<p><a href=\"http:\/\/pueblosencamino.org\/wp-content\/uploads\/2018\/03\/petroleo_Desarrollo_o_destruccion_full.png\"><img loading=\"lazy\" decoding=\"async\" class=\"alignnone size-full wp-image-5371\" src=\"http:\/\/pueblosencamino.org\/wp-content\/uploads\/2018\/03\/petroleo_Desarrollo_o_destruccion_full.png\" alt=\"\" width=\"800\" height=\"501\" srcset=\"https:\/\/pueblosencamino.org\/wp-content\/uploads\/2018\/03\/petroleo_Desarrollo_o_destruccion_full.png 800w, https:\/\/pueblosencamino.org\/wp-content\/uploads\/2018\/03\/petroleo_Desarrollo_o_destruccion_full-300x188.png 300w, https:\/\/pueblosencamino.org\/wp-content\/uploads\/2018\/03\/petroleo_Desarrollo_o_destruccion_full-768x481.png 768w\" sizes=\"auto, (max-width: 800px) 100vw, 800px\" \/><\/a><\/p>\n<p><!--more--><\/p>\n<h1 style=\"text-align: center;\">EL DISCURSO DEL PROGRESO<\/h1>\n<h1 style=\"text-align: center;\">Juan V\u00e1squez<\/h1>\n<p><iframe loading=\"lazy\" width=\"800\" height=\"450\" src=\"https:\/\/www.youtube.com\/embed\/GfGJatyuxEM?feature=oembed\" frameborder=\"0\" allow=\"autoplay; encrypted-media\" allowfullscreen><\/iframe><\/p>\n<p><strong>Juan V\u00e1squez<\/strong><br \/>\n<strong>Grabado en Bel\u00e9n de los Andaqu\u00edes, Caquet\u00e1<\/strong><br \/>\n<strong>Diciembre de 2018<\/strong><br \/>\n<strong>Pueblos en Camino<\/strong><\/p>\n","protected":false},"excerpt":{"rendered":"<p>Juan V\u00e1squez se va a un lugar del bosque en Bel\u00e9n de los Andaqu\u00edes, Caquet\u00e1, Amazon\u00eda de Colombia y canta<\/p>\n","protected":false},"author":10,"featured_media":5369,"comment_status":"open","ping_status":"closed","sticky":false,"template":"","format":"standard","meta":{"colormag_page_container_layout":"default_layout","colormag_page_sidebar_layout":"default_layout","ngg_post_thumbnail":0,"footnotes":""},"categories":[93],"tags":[325,324,326,321,323],"class_list":["post-5368","post","type-post","status-publish","format-standard","has-post-thumbnail","hentry","category-destacados","tag-amazonia","tag-caqueta","tag-juan-vasquez","tag-musica","tag-progreso"],"_links":{"self":[{"href":"https:\/\/pueblosencamino.org\/index.php?rest_route=\/wp\/v2\/posts\/5368","targetHints":{"allow":["GET"]}}],"collection":[{"href":"https:\/\/pueblosencamino.org\/index.php?rest_route=\/wp\/v2\/posts"}],"about":[{"href":"https:\/\/pueblosencamino.org\/index.php?rest_route=\/wp\/v2\/types\/post"}],"author":[{"embeddable":true,"href":"https:\/\/pueblosencamino.org\/index.php?rest_route=\/wp\/v2\/users\/10"}],"replies":[{"embeddable":true,"href":"https:\/\/pueblosencamino.org\/index.php?rest_route=%2Fwp%2Fv2%2Fcomments&post=5368"}],"version-history":[{"count":1,"href":"https:\/\/pueblosencamino.org\/index.php?rest_route=\/wp\/v2\/posts\/5368\/revisions"}],"predecessor-version":[{"id":5372,"href":"https:\/\/pueblosencamino.org\/index.php?rest_route=\/wp\/v2\/posts\/5368\/revisions\/5372"}],"wp:featuredmedia":[{"embeddable":true,"href":"https:\/\/pueblosencamino.org\/index.php?rest_route=\/wp\/v2\/media\/5369"}],"wp:attachment":[{"href":"https:\/\/pueblosencamino.org\/index.php?rest_route=%2Fwp%2Fv2%2Fmedia&parent=5368"}],"wp:term":[{"taxonomy":"category","embeddable":true,"href":"https:\/\/pueblosencamino.org\/index.php?rest_route=%2Fwp%2Fv2%2Fcategories&post=5368"},{"taxonomy":"post_tag","embeddable":true,"href":"https:\/\/pueblosencamino.org\/index.php?rest_route=%2Fwp%2Fv2%2Ftags&post=5368"}],"curies":[{"name":"wp","href":"https:\/\/api.w.org\/{rel}","templated":true}]}}