{"id":5311,"date":"2018-02-18T08:26:46","date_gmt":"2018-02-18T08:26:46","guid":{"rendered":"http:\/\/pueblosencamino.org\/?p=5311"},"modified":"2018-02-18T09:07:05","modified_gmt":"2018-02-18T09:07:05","slug":"momento-de-peligro-y-estado-de-excepcion-el-carnaval-rebelde-y-la-guerra-total-desde-rio-de-janeiro-militarizado","status":"publish","type":"post","link":"https:\/\/pueblosencamino.org\/?p=5311","title":{"rendered":"\u00abMomento de Peligro\u00bb y \u00abEstado de Excepci\u00f3n\u00bb: El Carnaval Rebelde y la guerra total desde R\u00edo de Janeiro militarizado"},"content":{"rendered":"<p>Cuando un pueblo vive para un Carnaval, el Carnaval es la expresi\u00f3n incontenible, el estallido de lo que niega a ese pueblo. El olvido que se levanta. El Carnaval de R\u00edo de Janeiro es el olvido, lo negado, lo inexistente, haci\u00e9ndose danza, alegor\u00eda, canto, desfile, alegr\u00eda, fuerza, d\u00eda a d\u00eda durante todo el a\u00f1o, mientras se prepara. Que nadie dude del esfuerzo, de la dedicaci\u00f3n y entrega que hay en esta fiesta. No se huye de la realidad en el Carnaval: se proclama la otra, insultada, despreciada, negada, explotada. Se la niega en el marco de condiciones que intentan convertirla en espect\u00e1culo, en mercanc\u00eda y ganancia, encerrada en una avenida, atrayendo turistas y folclorizada-sexualizada, al servicio del mito despiadado de propaganda y farsa. Pero el Carnaval de R\u00edo es la explosi\u00f3n del tiempo pleno de los negros, pobres, negadas y negados. Este a\u00f1o, ante la dictadura de Temer, al servicio de las transnacionales, del gobierno que<a href=\"http:\/\/www.centralpolitico.com.br\/2017\/08\/privatizacao-do-aquifero-guarani-nossa.html?m=1\"><strong> privatiza para Coca-Cola o Nestl\u00e9<\/strong><\/a> el <a href=\"http:\/\/pueblosencamino.org\/?p=5170\"><strong>mayor acu\u00edfero del planeta<\/strong><\/a>, todas las riquezas de ese pa\u00eds y reduce con una reforma previsional el trabajo a la esclavitud hasta la muerte, mientras la miseria campea por favelas, calles y campos exhibiendo hambre y sin salida para toda una juventud ya reprimida y masacrada, este a\u00f1o, <a href=\"http:\/\/www.laizquierdadiario.com\/Este-ano-el-Carnaval-puso-en-la-avenida-el-grito-de-revuelta-de-los-brasilenos\"><strong>el Carnaval de R\u00edo fue una cachetada desde abajo,<\/strong><\/a> en escuelas de samba, una tras otra, representando la esclavitud y el despojo, cant\u00e1ndolas, bail\u00e1ndolas. Temer, las transnacionales, las reformas, el abuso del capitalismo, quedaron expuestos, burlados, resistidos por un pueblo en Carnaval. La libertad y la miseria se hicieron Carnaval. El \u00ab<em>momento de peligro<\/em>\u00bb en el que \u00ab<em>ni siquiera nuestros muertos est\u00e1n a salvo<\/em>\u00bb bajo el \u00ab<em>estado de excepci\u00f3n<\/em>\u00bb permanente y agudizado del sistema contra la vida, por la ganancia, tal como lo se\u00f1al\u00f3 Walter Benjamin, \u00a0fue burlado en este Carnaval que se transform\u00f3 en un levantamiento; en un <em>estado de excepci\u00f3n<\/em> desde abajo. La reacci\u00f3n: Temer inicia la ocupaci\u00f3n militar de R\u00edo de Janeiro superando <a href=\"http:\/\/pueblosencamino.org\/?p=5183\"><strong>la ya existente maquinaria de terror asesino<\/strong><\/a>. Un General (Braga Netto) tiene todo el poder, bajo el mando de Temer. Una advertencia, un primer golpe militar dentro del golpe pol\u00edtico. Luego de R\u00edo seguir\u00e1n otros Estados y todo el pa\u00eds, para imponer un gobierno ileg\u00edtimo, rechazado, odiado y falso hasta la desverg\u00fcenza. <a href=\"http:\/\/pueblosencamino.org\/?p=5120\"><strong>La guerra declarada contra los pueblos en todo el continente y el mundo<\/strong><\/a> y <a href=\"http:\/\/pueblosencamino.org\/?p=5081\"><strong>anunciada desde Davos<\/strong><\/a>, ahora se militariza. La ocupaci\u00f3n militar y la masacre comienzan. El Carnaval de R\u00edo llama a la rebeld\u00eda, la expresa. La respuesta de guerra muestra el camino, el destino que impone el capital al continente todo, desde Brasil, pero tambi\u00e9n desde cada pa\u00eds de la regi\u00f3n. La condena a Lula en un juicio que era una condena anticipada, tras el fracaso y la corrupci\u00f3n del gobierno del PT y el golpe de Temer posible solamente por la debilidad de un gobierno que traicion\u00f3 sus ideales, se da en el marco de una guerra continental contra los pueblos. De una escalada fascista que el Carnaval bail\u00f3, cant\u00f3, represent\u00f3. La semana de Carnaval, fue el d\u00eda del estallido de lo que se fue urdiendo y sigue creciendo en la penumbra de lo que condenan a la invisibilidad el r\u00e9gimen y el sistema. Hay que entender la militarizaci\u00f3n de R\u00edo en el marco de las leyes de esclavizaci\u00f3n (reforma pensiona\/previsional), la privatizaci\u00f3n de todo, la entrega de Brasil al capital transnacional, la ilegitimidad del r\u00e9gimen y la ocupaci\u00f3n a sangre y fuego del pa\u00eds, del continente y del mundo por el capital transnacional y sus gobiernos fascistas y progresistas. Este documental de la comparsa completa del Carnaval de R\u00edo y este art\u00edculo de Izquierda Diario invitan a conocer lo que sucede en Brasil: el estallido permanente desde abajo y le guerra contra la vida. El \u00fanico camino es la rebeld\u00eda. El Carnaval de la rebeld\u00eda, escuela por escuela, barrio por barrio, ensaya los cantos, los motivos, la alegr\u00eda que genera y trenza nuestra resistencia y levantamiento, d\u00eda por d\u00eda hasta hacer de la vida Carnaval y sacudirnos para siempre de los asesinos y ladrones que gobiernan.\u00a0<strong>\u00bfD\u00f3nde Estamos? En tiempo Real. Pueblos en Camino.<\/strong><!--more--><\/p>\n<h1 style=\"text-align: center;\">Desfile completo del Para\u00edso do Tuiuti:<br \/>\nLa esclavitud, dolor y rebeld\u00eda<\/h1>\n<p><iframe loading=\"lazy\" width=\"800\" height=\"450\" src=\"https:\/\/www.youtube.com\/embed\/RkVKiEzQMUw?feature=oembed\" frameborder=\"0\" allow=\"autoplay; encrypted-media\" allowfullscreen><\/iframe><\/p>\n<div class=\"row\">\n<div class=\"col-md-12\">\n<div class=\"header-articulo\">\n<h1 style=\"text-align: center;\">Claves para entender la intervenci\u00f3n militar en R\u00edo de Janeiro<\/h1>\n<p>Cinco claves para entender qu\u00e9 implica la intervenci\u00f3n federal y militar de R\u00edo de Janeiro que decret\u00f3 el presidente Michel Temer este viernes.<\/p>\n<\/div>\n<\/div>\n<\/div>\n<div class=\"row\">\n<div class=\"col-md-10 col-md-offset-1\">\n<div class=\"articulo\">\n<div class=\"foto\">\n<figure><a class=\"modal-fotos\" title=\"\" href=\"http:\/\/www.laizquierdadiario.com\/IMG\/arton96857.jpg\" rel=\"gallery1\"><img loading=\"lazy\" decoding=\"async\" class=\"img-responsive\" src=\"http:\/\/www.laizquierdadiario.com\/local\/cache-vignettes\/L653xH377\/arton96857-aab43.jpg?1518813491\" alt=\"\" width=\"653\" height=\"377\" \/><\/a><\/figure>\n<\/div>\n<h3 class=\"spip\">\u00bfCu\u00e1l es el motivo de la intervenci\u00f3n?<\/h3>\n<p>Con la excusa de acabar con la violencia en R\u00edo de Janeiro, el presidente de Brasil, Michel Temer, decret\u00f3 este viernes la intervenci\u00f3n federal en ese Estado, restringida al \u00e1rea de seguridad p\u00fablica. Detr\u00e1s de esta decisi\u00f3n de Temer, quien dijo que \u00abLa violencia es una met\u00e1stasis que se expande por todo el pa\u00eds\u00bb, se encuentran los verdaderos motivos de esta maniobra pol\u00edtica.<\/p>\n<ul>\n<li>\u00a0En primer lugar se encuentra el intento de revertir la impopularidad que arrastra su imagen, implic\u00e1ndose con un tema sensible como lo es el de la \u00abseguridad\u00bb en la segunda ciudad del pa\u00eds. Algunos analistas suger\u00edan este viernes que una jugada as\u00ed pod\u00eda terminar sepultando a su administraci\u00f3n, y aseguraban que se estaba jugando lo poco que le quedaba de legitimidad.<\/li>\n<li>\u00a0En segundo lugar, Temer busca desviar la atenci\u00f3n de la jugada pol\u00edtica que se cocina en Brasilia donde con la compra de votos y voluntades pretende conseguir una mayor\u00eda, que a\u00fan no tiene, para aprobar la reforma previsional. La intervenci\u00f3n de R\u00edo es una forma de intentar garantizarse el voto de la \u00abbancada de la bala\u00bb, como se llama a los diputados de la derecha securitaria que bregan por una pol\u00edtica de mano dura.<\/li>\n<li>\u00a0Finalmente, la militarizaci\u00f3n extrema de R\u00edo de Janeiro busca amedrentar y callar las voces de rechazo a los ataques como el de las reformas laboral y previsional. En los \u00faltimos d\u00edas, R\u00edo se convirti\u00f3 en el centro de todas las miradas cuando,\u00a0<a href=\"http:\/\/www.laizquierdadiario.com\/Este-ano-el-Carnaval-puso-en-la-avenida-el-grito-de-revuelta-de-los-brasilenos\">durante el Carnaval, el odio contra el gobierno de Temer y la resistencia a sus pol\u00edticas se hizo evidente incluso en los desfiles de las principales escolas de samba<\/a>.<strong>Te puede interesar:\u00a0<a href=\"http:\/\/www.laizquierdadiario.com\/Urgente-Temer-ordeno-la-intervencion-militar-de-Rio-de-Janeiro\">Temer orden\u00f3 la intervenci\u00f3n militar de R\u00edo de Janeiro<\/a><\/strong><br \/>\n<h3 class=\"spip\">\u00bfQu\u00e9 implica la intervenci\u00f3n federal?<\/h3>\n<p>Si bien desde el punto de vista jur\u00eddico una intervenci\u00f3n federal implicar\u00eda un quiebre de la autonom\u00eda del Estado intervenido, incluyendo el poder ejecutivo y legislativo, en este caso la intervenci\u00f3n se reduce al aspecto de la \u00abseguridad p\u00fablica\u00bb. Esto quiere decir que el decreto firmado el viernes, y que deber\u00eda tener el aval del congreso, no anula al ejecutivo y al legislativo, sino que pone bajo la \u00f3rbita de Temer a todos los cuerpos de seguridad, ministerios, empleados y dependencias del \u00e1rea. Desde ese momento Temer pasa a ser el responsable por todos los actos del interventor que designe.<\/p>\n<p>Para dejar en claro que de todas maneras la brutalidad que puedan ejercer las fuerzas represivas van a quedar absolutamente impunes, en octubre del a\u00f1o pasado el Senado brasile\u00f1o vot\u00f3 una ley que le da protecci\u00f3n a los militares que cometan cr\u00edmenes durante su accionar,\u00a0<a class=\"spip_out\" href=\"http:\/\/www.esquerdadiario.com.br\/Protecao-para-militares-que-cometem-crimes-e-aprovada-no-Senado\" target=\"_blank\" rel=\"external noopener\">aprobando un tribunal especial para los militares<\/a>.<\/p>\n<h3 class=\"spip\">\u00bfQui\u00e9n es el interventor designado por Temer?<\/h3>\n<p>El General Walter Souza Braga Netto ser\u00e1 nombrado interventor de Rio de Janeiro. Su curr\u00edculum es el de un especialista en el comando de operaciones de militarizaci\u00f3n de ciudades para el mantenimiento del \u201corden y paz\u201d.<\/p>\n<p>Se trata de un especialista en represi\u00f3n que fue Coordinador General del Asesoramiento Especial para los Juegos Ol\u00edmpicos y Paral\u00edmpicos, cuando en nombre del mantenimiento de la seguridad durante los juegos, se militariz\u00f3 y reprimi\u00f3 principalmente a las favelas cariocas.<\/p>\n<p>Braga Netto tambi\u00e9n estuvo a la cabeza de la \u201cOperaci\u00f3n Capixaba\u201d, cuando parientes de polic\u00edas militares acamparon frente a los batallones reivindicando mejores condiciones de trabajo, impidiendo la salida de los agentes de seguridad.<\/p>\n<p><strong>Te puede interesar:\u00a0<a href=\"http:\/\/www.laizquierdadiario.com\/General-Braga-Netto-el-interventor-de-Rio-de-Janeiro-es-un-especialista-en-represion\">El interventor de R\u00edo de Janeiro es un especialista en represi\u00f3n<\/a><\/strong><\/p>\n<figure id=\"attachment_5313\" aria-describedby=\"caption-attachment-5313\" style=\"width: 980px\" class=\"wp-caption alignnone\"><a href=\"http:\/\/pueblosencamino.org\/wp-content\/uploads\/2018\/02\/Militarizaci\u00f3n.jpg\"><img loading=\"lazy\" decoding=\"async\" class=\"size-full wp-image-5313\" src=\"http:\/\/pueblosencamino.org\/wp-content\/uploads\/2018\/02\/Militarizaci\u00f3n.jpg\" alt=\"\" width=\"980\" height=\"590\" srcset=\"https:\/\/pueblosencamino.org\/wp-content\/uploads\/2018\/02\/Militarizaci\u00f3n.jpg 980w, https:\/\/pueblosencamino.org\/wp-content\/uploads\/2018\/02\/Militarizaci\u00f3n-300x181.jpg 300w, https:\/\/pueblosencamino.org\/wp-content\/uploads\/2018\/02\/Militarizaci\u00f3n-768x462.jpg 768w\" sizes=\"auto, (max-width: 980px) 100vw, 980px\" \/><\/a><figcaption id=\"caption-attachment-5313\" class=\"wp-caption-text\">Bajo un Ministerio de Seguridad, el \u00abgatillo f\u00e1cil\u00bb con impunidad se toma R\u00edo (Foto Norte)<\/figcaption><\/figure>\n<h3 class=\"spip\">\u00bfQu\u00e9 cambia con la intervenci\u00f3n?<\/h3>\n<p>El interventor Braga Netto asumir\u00e1 el control de la Secretar\u00eda de Seguridad P\u00fablica y de los cuerpos de polic\u00eda. Al no estar subordinado al gobernador del Estado de R\u00edo de Janeiro, tiene absoluta autonom\u00eda y responde directamente a las \u00f3rdenes de Temer.<\/p>\n<p>Hay muchas cosas que a\u00fan est\u00e1n por definirse ya que esta ser\u00eda la primera vez desde la constituci\u00f3n de 1988 que se puso en marcha una intervenci\u00f3n federal de este tipo.<\/p>\n<p>En los hechos la intervenci\u00f3n dar\u00e1 superpoderes dictatoriales al Ej\u00e9rcito en la segunda ciudad m\u00e1s grande del pa\u00eds, y concentrar\u00e1 las fuerzas represivas, desde la agencia de espionaje, la Polic\u00eda Federal y el mando de las polic\u00edas, en una sola cartera ministerial.<\/p>\n<h3 class=\"spip\">\u00bfQu\u00e9 pasar\u00e1 con la votaci\u00f3n de la reforma previsional?<\/h3>\n<p>Los titulares de los principales diarios dicen que durante una intervenci\u00f3n federal no es posible avanzar con la reforma previsional o de cualquier otra enmienda constitucional. Parecer\u00eda ser una operaci\u00f3n de prensa para intentar desmontar la movilizaci\u00f3n de los trabajadores y la rabia que se expres\u00f3 en el carnaval, como as\u00ed tambi\u00e9n impedir las movilizaciones y jornadas de protesta como la que estaba planificada para el 19 de febrero. Dentro de los mismos art\u00edculos period\u00edsticos, abajo de los grandes titulares, diarios como Estad\u00e3o y Folha confirman lo contrario: en la reuni\u00f3n en que Temer decidi\u00f3 la intervenci\u00f3n federal ya defini\u00f3 que se suspenda la medida por un d\u00eda para votar la reforma. Esta hip\u00f3tesis podr\u00eda combinarse con una segunda opci\u00f3n: si Temer no consigue \u00abcomprar\u00bb a los 308 diputados necesarios, podr\u00eda avanzar en la votaci\u00f3n de partes de la reforma que no exigen enmendar la Constituci\u00f3n.<\/p>\n<p><strong>Te puede interesar: (DECLARACI\u00d3N POL\u00cdTICA)\u00a0<a href=\"http:\/\/www.laizquierdadiario.com\/Brasil-abajo-la-intervencion-federal-fuera-las-tropas-de-Rio-de-Janeiro\">Brasil: abajo la intervenci\u00f3n federal, fuera las tropas de R\u00edo de Janeiro<\/a><\/strong><\/p>\n<p><strong>La Izquierda Diario<\/strong><br \/>\n<strong>Viernes 16 de febrero\u00a0| 17:37<\/strong><br \/>\n<strong><a href=\"http:\/\/www.laizquierdadiario.com\/Claves-para-entender-la-intervencion-militar-en-Rio-de-Janeiro\">http:\/\/www.laizquierdadiario.com\/Claves-para-entender-la-intervencion-militar-en-Rio-de-Janeiro<\/a><\/strong><\/li>\n<\/ul>\n<p style=\"text-align: center;\"><strong>Para m\u00e1s informaci\u00f3n y an\u00e1lisis de <a href=\"https:\/\/www.laizquierdadiario.com\/Brasil\">Izquierda Diario sobre Brasil<\/a>, ver:\u00a0<a href=\"https:\/\/www.laizquierdadiario.com\/Brasil\">https:\/\/www.laizquierdadiario.com\/Brasil<\/a><\/strong><\/p>\n<\/div>\n<\/div>\n<\/div>\n","protected":false},"excerpt":{"rendered":"<p>Cuando un pueblo vive para un Carnaval, el Carnaval es la expresi\u00f3n incontenible, el estallido de lo que niega a<\/p>\n","protected":false},"author":10,"featured_media":5312,"comment_status":"open","ping_status":"closed","sticky":false,"template":"","format":"standard","meta":{"colormag_page_container_layout":"default_layout","colormag_page_sidebar_layout":"default_layout","ngg_post_thumbnail":0,"footnotes":""},"categories":[93,2,4],"tags":[272,300,109,303,301,304,299,302],"class_list":["post-5311","post","type-post","status-publish","format-standard","has-post-thumbnail","hentry","category-destacados","category-c22-donde-estamos","category-c46-ajuste-estructural","tag-brasil","tag-carnaval","tag-guerra","tag-militarizacion","tag-rebeldia","tag-reforma-previsional","tag-rio-de-janeiro","tag-temer"],"_links":{"self":[{"href":"https:\/\/pueblosencamino.org\/index.php?rest_route=\/wp\/v2\/posts\/5311","targetHints":{"allow":["GET"]}}],"collection":[{"href":"https:\/\/pueblosencamino.org\/index.php?rest_route=\/wp\/v2\/posts"}],"about":[{"href":"https:\/\/pueblosencamino.org\/index.php?rest_route=\/wp\/v2\/types\/post"}],"author":[{"embeddable":true,"href":"https:\/\/pueblosencamino.org\/index.php?rest_route=\/wp\/v2\/users\/10"}],"replies":[{"embeddable":true,"href":"https:\/\/pueblosencamino.org\/index.php?rest_route=%2Fwp%2Fv2%2Fcomments&post=5311"}],"version-history":[{"count":4,"href":"https:\/\/pueblosencamino.org\/index.php?rest_route=\/wp\/v2\/posts\/5311\/revisions"}],"predecessor-version":[{"id":5317,"href":"https:\/\/pueblosencamino.org\/index.php?rest_route=\/wp\/v2\/posts\/5311\/revisions\/5317"}],"wp:featuredmedia":[{"embeddable":true,"href":"https:\/\/pueblosencamino.org\/index.php?rest_route=\/wp\/v2\/media\/5312"}],"wp:attachment":[{"href":"https:\/\/pueblosencamino.org\/index.php?rest_route=%2Fwp%2Fv2%2Fmedia&parent=5311"}],"wp:term":[{"taxonomy":"category","embeddable":true,"href":"https:\/\/pueblosencamino.org\/index.php?rest_route=%2Fwp%2Fv2%2Fcategories&post=5311"},{"taxonomy":"post_tag","embeddable":true,"href":"https:\/\/pueblosencamino.org\/index.php?rest_route=%2Fwp%2Fv2%2Ftags&post=5311"}],"curies":[{"name":"wp","href":"https:\/\/api.w.org\/{rel}","templated":true}]}}