{"id":5197,"date":"2018-02-06T13:33:35","date_gmt":"2018-02-06T13:33:35","guid":{"rendered":"http:\/\/pueblosencamino.org\/?p=5197"},"modified":"2018-02-06T16:22:29","modified_gmt":"2018-02-06T16:22:29","slug":"plan-de-muerte-lanza-senalamientos-y-falsedades-poniendo-en-riesgo-inminente-a-indigenas-del-cauca","status":"publish","type":"post","link":"https:\/\/pueblosencamino.org\/?p=5197","title":{"rendered":"Plan de muerte lanza se\u00f1alamientos y falsedades poniendo en riesgo inminente a ind\u00edgenas del Cauca"},"content":{"rendered":"<p>Siguiendo un libreto y un gui\u00f3n prefabricados en el mismo estilo y dando continuidad al programa <a href=\"https:\/\/www.colectivodeabogados.org\/?Septimo-Dia-tergiverso-manipulo-y-falseo-informacion-sobre-actuacion-de-Cajar\">\u201cla Desarmonizaci\u00f3n, la flecha del conflicto\u201d de S\u00e9ptimo D\u00eda, Caracol TV<\/a> &nbsp;y comport\u00e1ndose como un sicario de la (des)informaci\u00f3n y, claramente con la intenci\u00f3n de generar desprecio y de poner en riesgo inminente e inmediato las vidas de individuos, comunidades y procesos, Herbin Hoyos, en una reciente edici\u00f3n de su programa radial \u201cA la carta\u201d, dedica hora y media a una \u201centrevista\u201d con un individuo que se identifica como ind\u00edgena Nasa y ex-mando de las milicias del Sexto Frente de las FARC en el norte del Cauca. En realidad Hoyos y su \u201ctestigo\u201d se ci\u00f1en meticulosamente a un gui\u00f3n prefabricado para presentar una serie de puntos de propaganda en una farsa evidente en un grotesco \u201cformato period\u00edstico\u201d. Como ya es costumbre en Colombia con este tipo de se\u00f1alamientos mal preparados y pobremente dise\u00f1ados (no exclusivos pero s\u00ed caracter\u00edsticos del se\u00f1or \u00c1lvaro Uribe V\u00e9lez y sus c\u00f3mplices), algunas verdades a medias sacadas de contexto se pronuncian en medio y al servicio de presentar como ciertas mentiras atroces. El programa est\u00e1 hecho desde y para quienes odian al movimiento ind\u00edgena y desprecian a las Farc.<\/p>\n<p><!--more--><\/p>\n<p><a href=\"http:\/\/pueblosencamino.org\/wp-content\/uploads\/2018\/02\/Uribe-hoyos.jpg\"><img loading=\"lazy\" decoding=\"async\" class=\"aligncenter size-full wp-image-5216\" src=\"http:\/\/pueblosencamino.org\/wp-content\/uploads\/2018\/02\/Uribe-hoyos.jpg\" alt=\"\" width=\"700\" height=\"450\" srcset=\"https:\/\/pueblosencamino.org\/wp-content\/uploads\/2018\/02\/Uribe-hoyos.jpg 700w, https:\/\/pueblosencamino.org\/wp-content\/uploads\/2018\/02\/Uribe-hoyos-300x193.jpg 300w\" sizes=\"auto, (max-width: 700px) 100vw, 700px\" \/><\/a><\/p>\n<p style=\"text-align: center;\"><span style=\"color: #808080;\"><strong><em>Uribe y su s\u00e9quito, incluido Herbin Hoyos, a la extrema derecha<\/em><\/strong><\/span><\/p>\n<p>Entre las intenciones m\u00e1s evidentes destacamos:<\/p>\n<p>La de <strong>denigrar de la Guardia Ind\u00edgena,<\/strong> de su dignidad, consciencia, compromiso, valor, humildad y amor por el territorio, ejemplares. Pretenden quienes con Hoyos y su \u201ctestigo\u201d fabricaron este atentado terrorista que Colombia acepte que se denigre no cualquiera, sino <strong>uno de los m\u00e1s hermosos y claros ejemplos de dignidad, vida, autonom\u00eda y resistencia en medio del horror<\/strong>.<\/p>\n<p>El de hacer un <strong>se\u00f1alamiento contra las autoridades indigenas del norte del Cauca en su conjunto<\/strong> poniendo \u00e9nfasis contra <a href=\"http:\/\/pueblosencamino.org\/?p=1763\">Feliciano Valencia<\/a> y contra un ex gobernador, entre otros. Aunque, de ninguna manera pretendemos plantear que est\u00e9n libres de contracciones y errores, Hoyos y su c\u00f3mplice no buscan se\u00f1alar \u00e9stas contradicciones y faltas con el rigor m\u00ednimo del periodismo investigativo serio. A todas luces, se trata como en el ya sentenciado programa de S\u00e9ptimo D\u00eda, del <strong>asesinato pol\u00edtico y moral p\u00fablico de toda la dirigencia ind\u00edgena de la ACIN y del CRIC<\/strong> y de retomar el odio contra Feliciano Valencia, justamente durante la campa\u00f1a pol\u00edtico electoral de \u00e9ste al Senado.<\/p>\n<p>De la misma forma, el \u201ctestigo\u201d y su contraparte de esta farsa teatral, muestran su <strong>desprecio descomunal contra las Farc y contra la paz<\/strong>. Tampoco estamos defendiendo a ese movimiento que viene reconociendo y asumiendo sus faltas y cr\u00edmenes de guerra cometidos y que son objeto de procesos de reparaci\u00f3n, justicia y perd\u00f3n pactadas (bien o mal) con el gobierno de Colombia (mientras que las contrapartes en la guerra se niegan sistem\u00e1ticamente a asumir su responsabilidad y se arrogan el derecho de juzgar y se\u00f1alar). Se\u00f1alamos en cambio, que quienes prepararon el libreto al que Hoyos y su entrevistado se ci\u00f1en, presenta de manera tan grotesca y a todas luces exagerada asuntos como el abuso de las mujeres por parte de las FARC, que lo dicho logra a la escucha de cualquiera con un m\u00ednimo de respeto hacia las mujeres, la paz y la vida, el efecto contrario al que se proponen quienes dise\u00f1aron este horrible espect\u00e1culo desinformativo. Si lo que se propon\u00edan era se\u00f1alar a las Farc por el maltrato a las mujeres, en realidad terminan, planteando y plasmando lo que cabe en sus mentes enfermas, se\u00f1al\u00e1ndose por ello a s\u00ed mismos en <strong>su desprecio y perversidad mis\u00f3gina hacia las mujeres enmascarada como defensa de las mismas.<\/strong><\/p>\n<p>La \u201cprueba\u201d de fondo de este \u201ctestigo\u201d y el prop\u00f3sito esencial de este <strong>se\u00f1alamiento criminal<\/strong> en clave de testimonio y entrevista, es el de <strong>\u201cdemostrar\u201d sin lugar a dudas el matrimonio entre las Farc y las autoridades ind\u00edgenas<\/strong> (no s\u00f3lo el de algunas en ciertas circunstancias). Ahora resulta que la actitud en general digna, aut\u00f3noma, valiente, de este movimiento durante d\u00e9cadas a un costo en vidas, sufrimiento que no tiene como reconocerse y presentarse de manera suficiente, para hacer justicia a tanto sacrificio y dignidad; ahora todo esto pretenden transformarlo en una conspiraci\u00f3n entre v\u00edctimas y victimarios. En realidad, lo que hubo fue una lucha constante y permanente desde el movimiento ind\u00edgena y su liderazgo m\u00e1s reconocidos bajo el mandato y orientaci\u00f3n de las asambleas y congresos, por transformar una guerra atroz en un camino de di\u00e1logo para la transformaci\u00f3n social requerida y a\u00fan pendiente y lejana, respeto a la vida, defensa de la autonom\u00eda, justicia y reconocimiento de territorios y pueblos. Consecuencia de esta actitud y de la insistencia en el di\u00e1logo por el que muchos ind\u00edgenas arriesgaron y sacrificaron sus vidas fue la firma de acuerdos de respeto mutuo que se ratificaron de cara al pa\u00eds y al mundo.<\/p>\n<p style=\"text-align: left;\"><a href=\"http:\/\/pueblosencamino.org\/wp-content\/uploads\/2018\/02\/Londono_Hoyos.jpg\"><img loading=\"lazy\" decoding=\"async\" class=\"size-full wp-image-5207 alignleft\" src=\"http:\/\/pueblosencamino.org\/wp-content\/uploads\/2018\/02\/Londono_Hoyos.jpg\" alt=\"\" width=\"640\" height=\"477\" srcset=\"https:\/\/pueblosencamino.org\/wp-content\/uploads\/2018\/02\/Londono_Hoyos.jpg 640w, https:\/\/pueblosencamino.org\/wp-content\/uploads\/2018\/02\/Londono_Hoyos-300x224.jpg 300w\" sizes=\"auto, (max-width: 640px) 100vw, 640px\" \/><\/a>Justamente estos acuerdos son presentados por el \u201ctestigo\u201d y por su co-guionista Hoyos, como pruebas de la complicidad entre las Farc y el movimiento ind\u00edgena. Para quienes no lo saben y quieran creer esta distorsi\u00f3n de la verdad, en medio de<a href=\"http:\/\/pueblosencamino.org\/?p=5120\"> la guerra<\/a>, la dirigencia ind\u00edgena opt\u00f3 e impuso el di\u00e1logo a las Farc, logrando superar la l\u00f3gica fundamental de este movimiento insurgente en el sentido de que el \u00fanico camino para transformar una realidad injusta era el de tomarse el poder a trav\u00e9s de una revoluci\u00f3n armada, rechazando y atacando a quienes no compartieran esta postura. <strong>M\u00e1s all\u00e1 de posturas y actuaciones individuales, el movimiento ind\u00edgena como tal y las autoridades, respondiendo al mandato de las bases, defendieron siempre una salida a trav\u00e9s del di\u00e1logo sin sacrificar jam\u00e1s el respeto a la autonom\u00eda, al territorio y a su dignidad.<\/strong><\/p>\n<p><a href=\"http:\/\/pueblosencamino.org\/wp-content\/uploads\/2018\/02\/guardiaindigena.jpg\"><img loading=\"lazy\" decoding=\"async\" class=\"aligncenter size-full wp-image-5202\" src=\"http:\/\/pueblosencamino.org\/wp-content\/uploads\/2018\/02\/guardiaindigena.jpg\" alt=\"\" width=\"900\" height=\"600\" srcset=\"https:\/\/pueblosencamino.org\/wp-content\/uploads\/2018\/02\/guardiaindigena.jpg 900w, https:\/\/pueblosencamino.org\/wp-content\/uploads\/2018\/02\/guardiaindigena-300x200.jpg 300w, https:\/\/pueblosencamino.org\/wp-content\/uploads\/2018\/02\/guardiaindigena-768x512.jpg 768w\" sizes=\"auto, (max-width: 900px) 100vw, 900px\" \/><\/a><\/p>\n<p>En s\u00edntesis, el libreto de este acto criminal con consecuencias potencialmente letales en un pa\u00eds en el que est\u00e1n asesinando luchadores y luchadoras sociales, tiene autores y beneficiarios evidentes en el contexto pol\u00edtico electoral actual. Los mismos que estaban detr\u00e1s del mencionado programa de S\u00e9ptimo D\u00eda, tambi\u00e9n de Caracol. Los mismos que heredando el <a href=\"http:\/\/pueblosencamino.org\/?s=macri\">racismo colonial reactivado<\/a> pretenden despojar, masacrar y someter a los pueblos ind\u00edgenas a partir de su odio y desprecio incontenibles. Para ellos y ellas, los pueblos indigenas merecen ser esclavos y son un estorbo para el progreso y la civilizaci\u00f3n. Buscan adem\u00e1s retomar el camino de la guerra y lo est\u00e1n logrando. Son intolerantes respecto de cualquier salida negociada al conflicto armado, as\u00ed \u00e9sta no modifique de hecho nada de la estructura de poder ni del modelo econ\u00f3mico que les garantiza sus privilegios. Esa es la derecha fascista de Colombia. Este programa sigue el libreto de esta derecha fascista de manera detallada. Ante todo, reitera su agenda, sus odios y sus prop\u00f3sitos. Para no mencionar m\u00e1s, basta con que el lector digno y respetuoso busque en los archivos period\u00edsticos los discursos de por ejemplo: Juan Jos\u00e9 Ch\u00e1ux Mosquera, ex gobernador del Cauca, ide\u00f3logo y comandante paramilitar; la irresponsable y siempre irracional Maria Fernanda Cabal; el condenado y corrupto ex ministro del Interior Fernando Londo\u00f1o Hoyos y, com\u00fan denominador, l\u00edder e inspiraci\u00f3n de estos personajes nefastos y de muchos otros, el expresidente y coordinador de odio, corrupci\u00f3n, terror y guerra, \u00c1lvaro Uribe V\u00e9lez.<\/p>\n<p><a href=\"http:\/\/pueblosencamino.org\/wp-content\/uploads\/2018\/02\/Colombia-Muerte.jpg\"><img loading=\"lazy\" decoding=\"async\" class=\"size-full wp-image-5204 alignright\" src=\"http:\/\/pueblosencamino.org\/wp-content\/uploads\/2018\/02\/Colombia-Muerte.jpg\" alt=\"\" width=\"600\" height=\"376\" srcset=\"https:\/\/pueblosencamino.org\/wp-content\/uploads\/2018\/02\/Colombia-Muerte.jpg 600w, https:\/\/pueblosencamino.org\/wp-content\/uploads\/2018\/02\/Colombia-Muerte-300x188.jpg 300w\" sizes=\"auto, (max-width: 600px) 100vw, 600px\" \/><\/a>El contexto en el que se prepara y se hace p\u00fablico este falso positivo propagand\u00edstico seguramente enmarcado en un macabro plan de terror y muerte que es urgente denunciar y detener, es el de un pa\u00eds que se hunde en una crisis social, pol\u00edtica, econ\u00f3mica, causada por quienes se han beneficiado de sus privilegios adquiridos y protegidos a sangre y fuego. <strong>Privilegiados y \u00e9lites con poderosas contrapartes transnacionales que ejecutan un plan de terror y guerra durante la actual campa\u00f1a electoral para generar el terror que necesitan y fomentar as\u00ed el camino de un orden autoritario, militarista y fascista que les permita acumular ganancias enormes, conservar y ensanchar sus riquezas y mal habidas propiedades (tierras por encima de todo), asumir un poder total incuestionable al servicio de sus ganancias, sustentado en una ocupaci\u00f3n militar y paramilitar de todo el pa\u00eds con el respaldo enardecido de masas confundidas y manipuladas por el odio, el orden y el fervor hacia sus l\u00edderes.<\/strong><\/p>\n<p><a href=\"http:\/\/pueblosencamino.org\/wp-content\/uploads\/2018\/02\/asamblea-indigenas.jpg\"><img loading=\"lazy\" decoding=\"async\" class=\"aligncenter size-full wp-image-5210\" src=\"http:\/\/pueblosencamino.org\/wp-content\/uploads\/2018\/02\/asamblea-indigenas.jpg\" alt=\"\" width=\"900\" height=\"346\" srcset=\"https:\/\/pueblosencamino.org\/wp-content\/uploads\/2018\/02\/asamblea-indigenas.jpg 900w, https:\/\/pueblosencamino.org\/wp-content\/uploads\/2018\/02\/asamblea-indigenas-300x115.jpg 300w, https:\/\/pueblosencamino.org\/wp-content\/uploads\/2018\/02\/asamblea-indigenas-768x295.jpg 768w\" sizes=\"auto, (max-width: 900px) 100vw, 900px\" \/><\/a>Al interior del movimiento y proceso ind\u00edgenas del Cauca, el contexto no es menos dif\u00edcil y exigente.<strong> <a href=\"http:\/\/pueblosencamino.org\/?p=5134\">Se trata de retomar el control territorial<\/a><\/strong> ahora debilitado y cuestionado, fortalecer la Guardia Ind\u00edgena, restaurar y restablecer el car\u00e1cter asambleario, deliberativo y participativo de todo el proceso a partir de bases y comunidades conscientes, organizadas y actuando en consecuencia. Se trata tambi\u00e9n de realizar la dif\u00edcil tarea de poner en su justo lugar lo pol\u00edtico electoral frente a la defensa del territorio y de la dignidad. Ello exige reconocer errores y contradicciones de manera franca y abierta y de realizar los cambios que se necesiten para no seguir cayendo en las manipulaciones de este post-acuerdo que encubre confunde, promueve ambiciones personales y captura con dineros, proyectos y promesas. <strong>Se trata en s\u00edntesis de retomar el camino que le ha permitido a estos pueblos pervivir durante siglos frente al odio y al desprecio que se expresan en este acto de propaganda asesina que denunciamos y rechazamos.<\/strong> Al se\u00f1or Hoyos y a su \u201ctestigo\u201d Nasa, lo mismo que a Caracol y a quienes prepararon y pretenden beneficiarse y actuar a partir de este acto vand\u00e1lico, les manifestamos con pleno conocimiento de causa que <strong>estos hechos que se\u00f1alan y pretenden argumentar con verdades a medias son fabricaciones de su imaginaci\u00f3n enferma, al servicio de quienes han llevado a este pa\u00eds por el camino del desangre, la miseria, la injusticia y la guerra.<\/strong> Ojal\u00e1 la palabra y la acci\u00f3n en el esp\u00edritu de la comunidad y tejidos a la Madre Tierra se\u00f1alen hoy un camino diferente. El programa \u201cA la carta\u201d, con este acto delincuencial, ha cometido un delito contra la vida, la dignidad, la humanidad, el territorio, la paz y los pueblos. La \u00fanica justicia posible es la condena de quienes esto perpetraron y planearon y de quienes de esto pretenden beneficiarse. La justicia de un pa\u00eds de los pueblos sin due\u00f1os. Sin estos due\u00f1os de siempre en su af\u00e1n de seguirlo siendo.<\/p>\n<p>&nbsp;<\/p>\n<p><strong>Vilma Almendra &nbsp;y Manuel Rozental<\/strong><\/p>\n<p><strong>Ex-integrantes del Tejido de Comunicaci\u00f3n ACIN<\/strong><\/p>\n<p><strong>&nbsp;Pueblos en Camino<\/strong><\/p>\n<p>Febrero 6 de 2018<\/p>\n","protected":false},"excerpt":{"rendered":"<p>Siguiendo un libreto y un gui\u00f3n prefabricados en el mismo estilo y dando continuidad al programa \u201cla Desarmonizaci\u00f3n, la flecha<\/p>\n","protected":false},"author":3,"featured_media":5201,"comment_status":"open","ping_status":"closed","sticky":false,"template":"","format":"standard","meta":{"colormag_page_container_layout":"default_layout","colormag_page_sidebar_layout":"default_layout","ngg_post_thumbnail":0,"footnotes":""},"categories":[7,17,19],"tags":[281,96,140,278,282,254,280,121,139,277,279],"class_list":["post-5197","post","type-post","status-publish","format-standard","has-post-thumbnail","hentry","category-c20-actualidades","category-c16-dominacion-global","category-c19-proyectos-de-economia-extractiva","tag-acin","tag-autonomia","tag-cauca","tag-control-territorial","tag-cric","tag-fascismo","tag-feliciano-valencia","tag-guardia-indigena","tag-indigenas","tag-proganda","tag-uribe-velez"],"_links":{"self":[{"href":"https:\/\/pueblosencamino.org\/index.php?rest_route=\/wp\/v2\/posts\/5197","targetHints":{"allow":["GET"]}}],"collection":[{"href":"https:\/\/pueblosencamino.org\/index.php?rest_route=\/wp\/v2\/posts"}],"about":[{"href":"https:\/\/pueblosencamino.org\/index.php?rest_route=\/wp\/v2\/types\/post"}],"author":[{"embeddable":true,"href":"https:\/\/pueblosencamino.org\/index.php?rest_route=\/wp\/v2\/users\/3"}],"replies":[{"embeddable":true,"href":"https:\/\/pueblosencamino.org\/index.php?rest_route=%2Fwp%2Fv2%2Fcomments&post=5197"}],"version-history":[{"count":14,"href":"https:\/\/pueblosencamino.org\/index.php?rest_route=\/wp\/v2\/posts\/5197\/revisions"}],"predecessor-version":[{"id":5218,"href":"https:\/\/pueblosencamino.org\/index.php?rest_route=\/wp\/v2\/posts\/5197\/revisions\/5218"}],"wp:featuredmedia":[{"embeddable":true,"href":"https:\/\/pueblosencamino.org\/index.php?rest_route=\/wp\/v2\/media\/5201"}],"wp:attachment":[{"href":"https:\/\/pueblosencamino.org\/index.php?rest_route=%2Fwp%2Fv2%2Fmedia&parent=5197"}],"wp:term":[{"taxonomy":"category","embeddable":true,"href":"https:\/\/pueblosencamino.org\/index.php?rest_route=%2Fwp%2Fv2%2Fcategories&post=5197"},{"taxonomy":"post_tag","embeddable":true,"href":"https:\/\/pueblosencamino.org\/index.php?rest_route=%2Fwp%2Fv2%2Ftags&post=5197"}],"curies":[{"name":"wp","href":"https:\/\/api.w.org\/{rel}","templated":true}]}}