{"id":5134,"date":"2018-02-01T05:19:19","date_gmt":"2018-02-01T05:19:19","guid":{"rendered":"http:\/\/pueblosencamino.org\/?p=5134"},"modified":"2018-02-01T15:12:42","modified_gmt":"2018-02-01T15:12:42","slug":"cauca-urge-control-territorial-para-frenar-la-guerra-contra-los-pueblos","status":"publish","type":"post","link":"https:\/\/pueblosencamino.org\/?p=5134","title":{"rendered":"Cauca: urge control territorial para frenar la guerra contra los pueblos"},"content":{"rendered":"<p>Preocupaci\u00f3n, zozobra, temor\u2026 es lo que sigue sacudiendo esta semana a Colombia con el incremento de asesinatos, amenazas, atentados, desapariciones, ataques &#8230; en una <a href=\"http:\/\/pueblosencamino.org\/?p=5120\">guerra contra los pueblos<\/a>: \u00ab13 activistas sociales asesinados, entre ellos 3 ind\u00edgenas, 6 campesinos y reclamantes de tierra, 2 l\u00edderes afrodescendientes, 1 profesor rural y un l\u00edder de la peque\u00f1a minera. 3 de esas muertos fueron hechas por el ej\u00e9rcito, dos bajo la figura de \u00abfalsos positivos\u00bb, presentando si pruebas a ind\u00edgenas como guerrilleros del ELN; el resto de asesinatos se les atribuye en su mayor\u00eda a grupos paramilitares, tanto bandas criminales ligadas al narcotr\u00e1fico, como los llamados ej\u00e9rcitos anti-restituci\u00f3n\u00bb (Rebeld\u00eda Contrainformativa).<\/p>\n<p><a href=\"http:\/\/pueblosencamino.org\/wp-content\/uploads\/2018\/02\/Guerracontraluchas.jpg\"><img loading=\"lazy\" decoding=\"async\" class=\"aligncenter size-full wp-image-5136\" src=\"http:\/\/pueblosencamino.org\/wp-content\/uploads\/2018\/02\/Guerracontraluchas.jpg\" alt=\"\" width=\"960\" height=\"480\" srcset=\"https:\/\/pueblosencamino.org\/wp-content\/uploads\/2018\/02\/Guerracontraluchas.jpg 960w, https:\/\/pueblosencamino.org\/wp-content\/uploads\/2018\/02\/Guerracontraluchas-300x150.jpg 300w, https:\/\/pueblosencamino.org\/wp-content\/uploads\/2018\/02\/Guerracontraluchas-768x384.jpg 768w\" sizes=\"auto, (max-width: 960px) 100vw, 960px\" \/><\/a><\/p>\n<p>Tal como lo venimos denunciando, <a href=\"https:\/\/enraizandoprensalibre.wordpress.com\/2018\/02\/01\/ni-uno-mas-asesinaron-19-luchadores-sociales-en-el-mes-de-enero\/\">el panorama no es nada alentador <\/a>tampoco en los resguardos ind\u00edgenas del norte del Cauca, donde las amenazas y las violencias siguen llegando armadas hasta los dientes y con sed de sangre para asesinar y despojar a los pueblos. En Corinto, cuando a\u00fan las comunidades no han cesado de <a href=\"http:\/\/pueblosencamino.org\/?p=5061\">llorar a sus muertas<\/a>, los se\u00f1ores de la guerra anuncian con panfletos intimidantes que: \u201cLLEG\u00d3 LA HORA DE LA LIMPIEZA SOCIAL\u2026 LOS TENEMOS EN LA MIRA. JUICIO Y MUERTE LLEGAR\u00c1 A LA HORA DE NUESTRA CACER\u00cdA INICIAL, FALTA IDENTIFICAR ALGUNOS PODRIDOS M\u00c1S, PERO NO NOS TOMAR\u00c1 MUCHO TIEMPO HACERLO. EMPEZAREMOS MUY PRONTO. LE PEDIMOS PERD\u00d3N A LA SOCIEDAD SI CAEN INOCENTES, PERO YA EST\u00c1N ADVERTIDOS\u201d.<\/p>\n<p><a href=\"http:\/\/pueblosencamino.org\/wp-content\/uploads\/2018\/02\/1.jpg\"><img loading=\"lazy\" decoding=\"async\" class=\"aligncenter size-full wp-image-5137\" src=\"http:\/\/pueblosencamino.org\/wp-content\/uploads\/2018\/02\/1.jpg\" alt=\"\" width=\"960\" height=\"256\" srcset=\"https:\/\/pueblosencamino.org\/wp-content\/uploads\/2018\/02\/1.jpg 960w, https:\/\/pueblosencamino.org\/wp-content\/uploads\/2018\/02\/1-300x80.jpg 300w, https:\/\/pueblosencamino.org\/wp-content\/uploads\/2018\/02\/1-768x205.jpg 768w\" sizes=\"auto, (max-width: 960px) 100vw, 960px\" \/><\/a><\/p>\n<p>Mientras que en el Resguardo de Guadualito de Santander de Quilichao y en el Resguardo Las Delicias en Buenos Aires se declaran en m\u00e1xima alerta, denunciando que en los \u00faltimos meses se ha visto personal extra\u00f1o en el territorio y que \u201cla autoridad tradicional y la comunidad en su malicia pudo comprobar que son personal armado, perteneciente al sexto frente de las FARC (disidentes), los cuales pretenden copar los territorios ind\u00edgenas y realizar actos delictivos, deslegitimando y dejando a entrever la Autoridad y la autonom\u00eda ind\u00edgena\u201d. Por eso reiteran su rechazo a todo grupo armado legal e ilegal y se declaran \u201cen Emergencia, en m\u00e1xima Alerta y en asamblea permanente, ejerciendo Control Territorial en protecci\u00f3n de la madre tierra\u201d. El panorama que se est\u00e1 instalando es aterrador y con seguridad lo que vendr\u00e1 ser\u00e1 peor, a menos que todos los cabildos ind\u00edgenas retomen el control territorial para defender la vida junto con los dem\u00e1s pueblos en Colombia. Si todas y todos no ejercemos ya el control territorial, los se\u00f1ores de la guerra &nbsp;(disidentes, legales, ilegales, narcoparamilitares, como se llamen), terminar\u00e1n controlando nuestras vidas. Ya algunos resguardos est\u00e1n en m\u00e1xima alerta y gracias al control que han ejercido se ha logrado evitar m\u00e1s lamentos, pero no es suficiente. En realidad, lo que sigue quedando claro es que con la paz del capital nos van a enterrar a todos en el mismo funeral y que la paz de los de arriba sigue matando a los de abajo. No queremos ni una ni uno menos en nuestros territorios y rechazamos todos los asesinatos que siguen enlutando a los movimientos y procesos dignos en Colombia. Compartimos la informaci\u00f3n que llega denunciando y llamando a levantarnos unidos frente al terror que nos est\u00e1 cercando, pues nuestro desaf\u00edo aqu\u00ed y ahora es &nbsp;&nbsp;\u00abtejernos como pueblos en resistencia y parterxs de autonom\u00eda y vida. No es una opci\u00f3n, es un imperativo. No encontrar el camino es seguir observando c\u00f3mo nos exterminan y permiti\u00e9ndolo\u00bb.<strong>&nbsp;<\/strong>&nbsp;<strong>No m\u00e1s!!! Pueblos en Camino<\/strong><\/p>\n<p><!--more--><\/p>\n<h2 style=\"text-align: center;\"><span style=\"color: #ff0000;\"><strong>Corinto. Que el miedo nos convoque a la unidad para la defensa de la vida<\/strong><\/span><\/h2>\n<p>Las comunidades de Corinto, regularmente han vivido fuertes episodios de violencia y zozobra; sin embargo los hechos ocurridos en los \u00faltimos d\u00edas como la desaparici\u00f3n y asesinato de las jovencitas Zory Brigite Polanco y Vanesa Usnas, el pasado 22 de enero y posteriormente el asesinato de Estefan\u00eda Dayana Cabrera, quien fue apu\u00f1alada por su excompa\u00f1ero sentimental el 28 de enero en Corinto, han generado miedo y gran preocupaci\u00f3n en toda la poblaci\u00f3n.<\/p>\n<p>A estos asesinatos se suma la agresi\u00f3n de la que fue v\u00edctima una promotora de salud de la IPS del Cabildo ind\u00edgena de Corinto, hecho ocurrido en la tarde del d\u00eda 30 de enero, en el momento en el que ella se dirig\u00eda a su casa, fue abordada por dos hombres armados que se desplazaban en una motocicleta, quienes intentaron llev\u00e1rsela a la fuerza, ella opuso resistencia y afortunadamente algunas personas la auxiliaron e impidieron que se la llevaran.<\/p>\n<p>Se escuchan rumores sobre una camioneta negra con vidrios polarizados que transita por el poblado de Corinto y dos hombres en una motocicleta; las instituciones educativas se encuentran en m\u00e1xima alerta, ya que tambi\u00e9n se han reportado intento de robo de ni\u00f1os, en algunas escuelas. Todo esto mientras se roban hasta furgones de comida, que afortunadamente la Guardia Ind\u00edgena rescata y sigue en su incansable labor del cuidado del territorio en medio de tanta muerte. Entre tanto en las comunidades de la parte alta de Corinto, se intensifica la disputa por el control del territorio entre los grupos armados. Pareciera que hacen alusi\u00f3n al panfleto que circul\u00f3 hace algunos d\u00edas, en el casco urbano de Corinto donde anuncian las mal llamadas limpiezas sociales.<\/p>\n<p><a href=\"http:\/\/pueblosencamino.org\/wp-content\/uploads\/2018\/02\/Panfleto_Corinto.jpg\"><img loading=\"lazy\" decoding=\"async\" class=\"aligncenter size-full wp-image-5135\" src=\"http:\/\/pueblosencamino.org\/wp-content\/uploads\/2018\/02\/Panfleto_Corinto.jpg\" alt=\"\" width=\"720\" height=\"960\" srcset=\"https:\/\/pueblosencamino.org\/wp-content\/uploads\/2018\/02\/Panfleto_Corinto.jpg 720w, https:\/\/pueblosencamino.org\/wp-content\/uploads\/2018\/02\/Panfleto_Corinto-225x300.jpg 225w\" sizes=\"auto, (max-width: 720px) 100vw, 720px\" \/><\/a><\/p>\n<p>Ante el miedo, el desespero y la zozobra que nos invade, lo que nos queda es la unidad entre los pueblos, pues lastimosamente la fuerza p\u00fablica no es garant\u00eda de seguridad para las comunidades; es as\u00ed que nos corresponde juntarnos para defendernos entre ind\u00edgenas, campesinos, afros y habitantes del casco urbano. Ya hemos venido coordinando acciones de cuidado territorial entre las comunidades, la guardia ind\u00edgena, la guardia campesina y la guarda cimarrona; porque quienes queremos vivir en armon\u00eda, somos m\u00e1s y ante el actual contexto, nos debe unir un mismo prop\u00f3sito. \u201dDefender la vida y defender el territorio\u201d. Convoco la autoridad del cabildo ind\u00edgena de Corinto.<\/p>\n<p><strong>Escuche el llamado del Gobernador del Cabildo de Corinto&nbsp;<\/strong><\/p>\n<p>&nbsp;<iframe loading=\"lazy\" style=\"border: 0px;\" src=\"https:\/\/radioteca.net\/media\/cyclope\/mediaelement\/media_player_embed.html?media_url=\/media\/uploads\/audios\/2018\/02\/audio-gob.mp3&amp;file_type=mp3&amp;radioteca_url=https:\/\/radioteca.net\/audio\/ante-el-terror-y-la-guerra-se-llama-a-la-defensa-d\/\" width=\"325px\" height=\"50px\"><\/iframe><br \/>\n&nbsp;<\/p>\n<p><strong>Por: Tejido de Comunicaci\u00f3n Wejxia Kasenxi, Cabildo Ind\u00edgena de Corinto<\/strong><\/p>\n<p><strong>Cauca, Colombia<\/strong><\/p>\n<p><strong>1 de febrero de 2018<\/strong><\/p>\n<h2 style=\"text-align: center;\"><span style=\"color: #ff0000;\"><strong>Delicias: Grupo disidente de las Farc quebranta la armon\u00eda. Fuera del territorio&nbsp;<\/strong><\/span><\/h2>\n<p><a href=\"http:\/\/pueblosencamino.org\/wp-content\/uploads\/2018\/02\/ComunicadoDelicias_2018.jpg\"><img loading=\"lazy\" decoding=\"async\" class=\"aligncenter size-full wp-image-5140\" src=\"http:\/\/pueblosencamino.org\/wp-content\/uploads\/2018\/02\/ComunicadoDelicias_2018.jpg\" alt=\"\" width=\"544\" height=\"561\" srcset=\"https:\/\/pueblosencamino.org\/wp-content\/uploads\/2018\/02\/ComunicadoDelicias_2018.jpg 544w, https:\/\/pueblosencamino.org\/wp-content\/uploads\/2018\/02\/ComunicadoDelicias_2018-291x300.jpg 291w\" sizes=\"auto, (max-width: 544px) 100vw, 544px\" \/><\/a><\/p>\n<p><a href=\"http:\/\/pueblosencamino.org\/wp-content\/uploads\/2018\/02\/ComunicadoAutoridadesTradicionales.pdf\">Leer en PDF: ComunicadoAutoridadesTradicionales<\/a><\/p>\n<p><strong>Febrero 1 de 2018<\/strong><\/p>\n","protected":false},"excerpt":{"rendered":"<p>Preocupaci\u00f3n, zozobra, temor\u2026 es lo que sigue sacudiendo esta semana a Colombia con el incremento de asesinatos, amenazas, atentados, desapariciones,<\/p>\n","protected":false},"author":3,"featured_media":5144,"comment_status":"open","ping_status":"closed","sticky":false,"template":"","format":"standard","meta":{"colormag_page_container_layout":"default_layout","colormag_page_sidebar_layout":"default_layout","ngg_post_thumbnail":0,"footnotes":""},"categories":[4,19],"tags":[121,245,255,131],"class_list":["post-5134","post","type-post","status-publish","format-standard","has-post-thumbnail","hentry","category-c46-ajuste-estructural","category-c19-proyectos-de-economia-extractiva","tag-guardia-indigena","tag-guerra-contra-los-pueblos","tag-norte-del-cauca","tag-resistencia-indigena"],"_links":{"self":[{"href":"https:\/\/pueblosencamino.org\/index.php?rest_route=\/wp\/v2\/posts\/5134","targetHints":{"allow":["GET"]}}],"collection":[{"href":"https:\/\/pueblosencamino.org\/index.php?rest_route=\/wp\/v2\/posts"}],"about":[{"href":"https:\/\/pueblosencamino.org\/index.php?rest_route=\/wp\/v2\/types\/post"}],"author":[{"embeddable":true,"href":"https:\/\/pueblosencamino.org\/index.php?rest_route=\/wp\/v2\/users\/3"}],"replies":[{"embeddable":true,"href":"https:\/\/pueblosencamino.org\/index.php?rest_route=%2Fwp%2Fv2%2Fcomments&post=5134"}],"version-history":[{"count":9,"href":"https:\/\/pueblosencamino.org\/index.php?rest_route=\/wp\/v2\/posts\/5134\/revisions"}],"predecessor-version":[{"id":5151,"href":"https:\/\/pueblosencamino.org\/index.php?rest_route=\/wp\/v2\/posts\/5134\/revisions\/5151"}],"wp:featuredmedia":[{"embeddable":true,"href":"https:\/\/pueblosencamino.org\/index.php?rest_route=\/wp\/v2\/media\/5144"}],"wp:attachment":[{"href":"https:\/\/pueblosencamino.org\/index.php?rest_route=%2Fwp%2Fv2%2Fmedia&parent=5134"}],"wp:term":[{"taxonomy":"category","embeddable":true,"href":"https:\/\/pueblosencamino.org\/index.php?rest_route=%2Fwp%2Fv2%2Fcategories&post=5134"},{"taxonomy":"post_tag","embeddable":true,"href":"https:\/\/pueblosencamino.org\/index.php?rest_route=%2Fwp%2Fv2%2Ftags&post=5134"}],"curies":[{"name":"wp","href":"https:\/\/api.w.org\/{rel}","templated":true}]}}