{"id":4542,"date":"2017-08-18T02:26:46","date_gmt":"2017-08-18T02:26:46","guid":{"rendered":"http:\/\/pueblosencamino.org\/?p=4542"},"modified":"2017-08-18T02:44:32","modified_gmt":"2017-08-18T02:44:32","slug":"tierra-esperanza-jovenes-rurales-frente-al-modelo-extractivista","status":"publish","type":"post","link":"https:\/\/pueblosencamino.org\/?p=4542","title":{"rendered":"\u00abTierra esperanza\u00bb:  j\u00f3venes rurales frente al modelo extractivista"},"content":{"rendered":"<p>Compartimos esta animaci\u00f3n realizada para Broederlijk Delen y publicada por Documental Peruano para contribuir a la discusi\u00f3n colectiva.<a href=\"http:\/\/pueblosencamino.org\/wp-content\/uploads\/2017\/08\/tierraesperanza.jpg\"><br \/>\n<\/a><\/p>\n<p><a href=\"https:\/\/youtu.be\/lvpDAYNkLQo\"><img loading=\"lazy\" decoding=\"async\" class=\"aligncenter size-full wp-image-4543\" src=\"http:\/\/pueblosencamino.org\/wp-content\/uploads\/2017\/08\/tierraesperanza.jpg\" alt=\"\" width=\"850\" height=\"464\" srcset=\"https:\/\/pueblosencamino.org\/wp-content\/uploads\/2017\/08\/tierraesperanza.jpg 850w, https:\/\/pueblosencamino.org\/wp-content\/uploads\/2017\/08\/tierraesperanza-300x164.jpg 300w, https:\/\/pueblosencamino.org\/wp-content\/uploads\/2017\/08\/tierraesperanza-768x419.jpg 768w\" sizes=\"auto, (max-width: 850px) 100vw, 850px\" \/><\/a><\/p>\n<p><!--more-->\u00abEsperanza tiene 17 a\u00f1os y debe decidir qu\u00e9 hacer de ahora en adelante. Ella y su familia han vivido en su comunidad por generaciones, pero ahora la situaci\u00f3n est\u00e1 cambiando. Durante un recorrido por su comunidad, se encuentra con amigos y amigas que le cuentan las decisiones que ellos y ellas han tomado. Esperanza eval\u00faa.<\/p>\n<p>Direcci\u00f3n: Gabriela Urco<br \/>\nProducci\u00f3n: Jimena Mora, Carlos Garc\u00eda de las Bayonas, Gabriela Urco<br \/>\nAnimaci\u00f3n: Sof\u00eda \u00c1lvarez, Jimena Mora, Gabriela Urco, Jokin Urruticoechea<br \/>\nArte: Claudia Mar\u00eda Calder\u00f3n, Carlos Garc\u00eda de las Bayonas<br \/>\nEdici\u00f3n: Gabriela Urco<br \/>\nDise\u00f1o sonoro: Jos\u00e9 Balado&nbsp;<br \/>\nIngeniero de sonido: Carlos Cuya<br \/>\nVoz: Endrina Castillo<\/p>\n<p>Video realizado para Broederlijk Delen. Este video se basa en el informe s\u00edntesis Acci\u00f3n Participativa en Bolivia, Per\u00fa y Colombia: percepciones y propuestas de los j\u00f3venes rurales frente al modelo extractivista y los desaf\u00edos actuales en el mundo rural\u00bb.<\/p>\n<p><strong>Fuente: Documental Peruano<\/strong><br \/>\n<strong>Publicado en junio de 2017<\/strong><\/p>\n","protected":false},"excerpt":{"rendered":"<p>Compartimos esta animaci\u00f3n realizada para Broederlijk Delen y publicada por Documental Peruano para contribuir a la discusi\u00f3n colectiva.<\/p>\n","protected":false},"author":3,"featured_media":4547,"comment_status":"open","ping_status":"closed","sticky":false,"template":"","format":"standard","meta":{"colormag_page_container_layout":"default_layout","colormag_page_sidebar_layout":"default_layout","ngg_post_thumbnail":0,"footnotes":""},"categories":[37,93],"tags":[92,100],"class_list":["post-4542","post","type-post","status-publish","format-standard","has-post-thumbnail","hentry","category-c35-contradiciones","category-destacados","tag-ambientalistas","tag-peru"],"_links":{"self":[{"href":"https:\/\/pueblosencamino.org\/index.php?rest_route=\/wp\/v2\/posts\/4542","targetHints":{"allow":["GET"]}}],"collection":[{"href":"https:\/\/pueblosencamino.org\/index.php?rest_route=\/wp\/v2\/posts"}],"about":[{"href":"https:\/\/pueblosencamino.org\/index.php?rest_route=\/wp\/v2\/types\/post"}],"author":[{"embeddable":true,"href":"https:\/\/pueblosencamino.org\/index.php?rest_route=\/wp\/v2\/users\/3"}],"replies":[{"embeddable":true,"href":"https:\/\/pueblosencamino.org\/index.php?rest_route=%2Fwp%2Fv2%2Fcomments&post=4542"}],"version-history":[{"count":4,"href":"https:\/\/pueblosencamino.org\/index.php?rest_route=\/wp\/v2\/posts\/4542\/revisions"}],"predecessor-version":[{"id":4548,"href":"https:\/\/pueblosencamino.org\/index.php?rest_route=\/wp\/v2\/posts\/4542\/revisions\/4548"}],"wp:featuredmedia":[{"embeddable":true,"href":"https:\/\/pueblosencamino.org\/index.php?rest_route=\/wp\/v2\/media\/4547"}],"wp:attachment":[{"href":"https:\/\/pueblosencamino.org\/index.php?rest_route=%2Fwp%2Fv2%2Fmedia&parent=4542"}],"wp:term":[{"taxonomy":"category","embeddable":true,"href":"https:\/\/pueblosencamino.org\/index.php?rest_route=%2Fwp%2Fv2%2Fcategories&post=4542"},{"taxonomy":"post_tag","embeddable":true,"href":"https:\/\/pueblosencamino.org\/index.php?rest_route=%2Fwp%2Fv2%2Ftags&post=4542"}],"curies":[{"name":"wp","href":"https:\/\/api.w.org\/{rel}","templated":true}]}}