{"id":411,"date":"2013-10-01T19:40:36","date_gmt":"2013-10-01T19:40:36","guid":{"rendered":"http:\/\/pueblosencamino.org\/wp\/?p=411"},"modified":"2013-10-01T19:40:36","modified_gmt":"2013-10-01T19:40:36","slug":"indigenas-anuncian-protesta-nacional-contra-gobierno-de-dilma-rousseff","status":"publish","type":"post","link":"https:\/\/pueblosencamino.org\/?p=411","title":{"rendered":"Ind\u00edgenas anuncian protesta nacional contra gobierno de Dilma Rousseff"},"content":{"rendered":"<p> \t&nbsp;<\/p>\n<div> \tLa <a href=\"http:\/\/www.apib.org.br\">Articulaci\u00f3n de los Pueblos Ind\u00edgenas de Brasil<\/a> (Apib) anunci\u00f3 la realizaci\u00f3n durante la presente semana de manifestaciones p\u00fablicas en seis ciudades del pa\u00eds, en rechazo al \u201cataque generalizado\u201d que el Gobierno estar\u00eda cometiendo contra los derechos territoriales ind\u00edgenas.<\/div>\n<p>  <!--more-->  <\/p>\n<div> \t&nbsp;<\/div>\n<div> \t<img decoding=\"async\" alt=\"\" src=\"http:\/\/revista-amauta.org\/wp-content\/uploads\/2009\/07\/brasilindigenas.jpg\" style=\"width: 500px; height: 375px; float: left; \" \/>Seg\u00fan se\u00f1ala la Apib, considerada como la principal organizaci\u00f3n ind\u00edgena del pa\u00eds, la gesti\u00f3n de Rousseff es la que ha regularizado menos tierras ind\u00edgenas desde que el pa\u00eds retorn\u00f3 a la democracia, en 1985.<\/div>\n<div> \t&nbsp;<\/div>\n<div> \tDos temas que preocupan a los ind\u00edgenas son la Propuesta de Enmienda Constitucional 215, que trasladar\u00eda del Poder Ejecutivo al Congreso la decisi\u00f3n sobre la demarcaci\u00f3n de territorios ind\u00edgenas, y la Ordenanza 303 de la Procuradur\u00eda General de la Uni\u00f3n, que burlar\u00eda la consulta previa a comunidades ind\u00edgenas.<\/div>\n<div> \t&nbsp;<\/div>\n<div> \t<strong>Manifestaciones<\/strong><\/div>\n<div> \t&nbsp;<\/div>\n<div> \tLos actos de protesta empezar\u00e1n el martes en la ciudad de Brasilia, frente al Congreso Nacional, cuando la organizaci\u00f3n ind\u00edgena se re\u00fana con legisladores, presidentes del Senado y la C\u00e1mara de Diputados, en tanto que el mi\u00e9rcoles la manifestaci\u00f3n ser\u00e1 en Sao Paulo.<\/div>\n<div> \t&nbsp;<\/div>\n<div> \tOtros lugares donde se har\u00e1n protestas ser\u00e1n la ciudad de Belem, capital del estado de Par\u00e1; en Fortaleza, capital de Cear\u00e1; en R\u00edo Blanco, capital de Acre y en el municipio amaz\u00f3nico de Pacaraima, en el estado de Roraima.<\/div>\n<div> \t&nbsp;<\/div>\n<div> \tLas manifestaciones cuentan con el apoyo de diversas organizaciones ambientalistas y defensoras de los derechos de los ind\u00edgenas.<\/div>\n<div> \t&nbsp;<\/div>\n<div> \tEllas son el Instituto Socioambiental (ISA), el Consejo Indigenista Misionario (Cimi), ligado a la Iglesia Cat\u00f3lica, el Centro de Trabajo Indigenista (CTI), Greenpeace y la Coordinaci\u00f3n Nacional de Comunidades Quilombolas (Conaq), entre otras.<\/div>\n<div> \t&nbsp;<\/div>\n<div> \t<strong>Fuente: <a href=\"http:\/\/servindi.org\/actualidad\/94000\">Servindi&nbsp;<\/a><\/strong><\/div>\n","protected":false},"excerpt":{"rendered":"<p>&nbsp; La Articulaci\u00f3n de los Pueblos Ind\u00edgenas de Brasil (Apib) anunci\u00f3 la realizaci\u00f3n durante la presente semana de manifestaciones p\u00fablicas<\/p>\n","protected":false},"author":3,"featured_media":0,"comment_status":"open","ping_status":"closed","sticky":false,"template":"","format":"standard","meta":{"colormag_page_container_layout":"default_layout","colormag_page_sidebar_layout":"default_layout","ngg_post_thumbnail":0,"footnotes":""},"categories":[26],"tags":[],"class_list":["post-411","post","type-post","status-publish","format-standard","hentry","category-c13-resistencias-y-luchas-sociales"],"_links":{"self":[{"href":"https:\/\/pueblosencamino.org\/index.php?rest_route=\/wp\/v2\/posts\/411","targetHints":{"allow":["GET"]}}],"collection":[{"href":"https:\/\/pueblosencamino.org\/index.php?rest_route=\/wp\/v2\/posts"}],"about":[{"href":"https:\/\/pueblosencamino.org\/index.php?rest_route=\/wp\/v2\/types\/post"}],"author":[{"embeddable":true,"href":"https:\/\/pueblosencamino.org\/index.php?rest_route=\/wp\/v2\/users\/3"}],"replies":[{"embeddable":true,"href":"https:\/\/pueblosencamino.org\/index.php?rest_route=%2Fwp%2Fv2%2Fcomments&post=411"}],"version-history":[{"count":0,"href":"https:\/\/pueblosencamino.org\/index.php?rest_route=\/wp\/v2\/posts\/411\/revisions"}],"wp:attachment":[{"href":"https:\/\/pueblosencamino.org\/index.php?rest_route=%2Fwp%2Fv2%2Fmedia&parent=411"}],"wp:term":[{"taxonomy":"category","embeddable":true,"href":"https:\/\/pueblosencamino.org\/index.php?rest_route=%2Fwp%2Fv2%2Fcategories&post=411"},{"taxonomy":"post_tag","embeddable":true,"href":"https:\/\/pueblosencamino.org\/index.php?rest_route=%2Fwp%2Fv2%2Ftags&post=411"}],"curies":[{"name":"wp","href":"https:\/\/api.w.org\/{rel}","templated":true}]}}