{"id":353,"date":"2013-08-30T16:50:08","date_gmt":"2013-08-30T16:50:08","guid":{"rendered":"http:\/\/pueblosencamino.org\/wp\/?p=353"},"modified":"2013-08-30T16:50:08","modified_gmt":"2013-08-30T16:50:08","slug":"reparacion-de-victimas-de-la-violencia-no-llega-en-peru","status":"publish","type":"post","link":"https:\/\/pueblosencamino.org\/?p=353","title":{"rendered":"Reparaci\u00f3n de v\u00edctimas de la violencia no llega en Per\u00fa"},"content":{"rendered":"<p> \t&nbsp;<\/p>\n<div> \tUna mujer ayacuchana de 65 a\u00f1os busca a su hijo entre c\u00edrculos formados por miles de peque\u00f1as piedras gris\u00e1ceas. Cada una de ellas, que caben en una mano, lleva tatuado el nombre de una v\u00edctima inocente de los a\u00f1os de enfrentamiento en Per\u00fa entre las fuerzas de seguridad del Estado y las guerrillas izquierdistas.<\/div>\n<p>  <!--more-->  <\/p>\n<div> \t&nbsp;<\/div>\n<div> \t\u201c\u00a1Aqu\u00ed est\u00e1 mi hijito, aqu\u00ed est\u00e1!\u201d, grita la mujer explotando en llanto. Su hijo desapareci\u00f3 hace 30 a\u00f1os, nunca encontr\u00f3 sus restos, una prenda, un rastro. Solo hoy esta piedra.<\/div>\n<div> \t&nbsp;<\/div>\n<div> \tSe llama Venicia \u00c1valos y lleg\u00f3 a Lima desde Ayacucho para participar en las actividades de conmemoraci\u00f3n por los 10 a\u00f1os de la presentaci\u00f3n del informe de la Comisi\u00f3n de la Verdad y Reconciliaci\u00f3n (CVR), que investig\u00f3 los cr\u00edmenes perpetrados en el marco de la represi\u00f3n, entre 1980 y 2000, a las organizaciones guerrilleras Sendero Luminoso y Movimiento Revolucionario Tupac Amaru.<\/div>\n<div> \t&nbsp;<\/div>\n<div> \tLa CVR calcul\u00f3 que en ese lapso hubo m\u00e1s de 69.000 v\u00edctimas, la mayor\u00eda quechuhablantes.<\/div>\n<div> \t&nbsp;<\/div>\n<div> \tPero \u00c1valos no est\u00e1 sola. Decenas de familiares de las v\u00edctimas de las regiones m\u00e1s golpeadas por la violencia de esos a\u00f1os llegaron el mi\u00e9rcoles 28 a Lima para reiterar principalmente dos demandas: reparaciones integrales y efectivas, y la b\u00fasqueda de los detenidos desaparecidos.<\/div>\n<div> \t&nbsp;<\/div>\n<div> \tSon dos enormes deudas que a\u00fan el Estado no ha logrado atender de manera satisfactoria, remarca la resoluci\u00f3n defensorial 162 que acaba de publicar la gubernamental Defensor\u00eda del Pueblo.<\/div>\n<div> \t&nbsp;<\/div>\n<div> \tHasta marzo, el Estado cumpli\u00f3 con entregar las reparaciones individuales a solo 37 por ciento de las 78.000 personas registradas para recibir este beneficio, mientras que en reparaciones colectivas se avanz\u00f3 en 33 por ciento, seg\u00fan cifras oficiales.<\/div>\n<div> \tEn la b\u00fasqueda de desaparecidos, el trabajo sigue m\u00e1s lentamente. Hasta abril se recuperaron 2.418 cuerpos de los sitios de entierro, de los cuales apenas 1.371 fueron entregados a sus familiares.<\/div>\n<div> \t&nbsp;<\/div>\n<div> \t\u201cSi consideramos que en 10 a\u00f1os se han recuperado unos 2.000 cuerpos, a este paso se necesitar\u00eda en el mejor de los casos unos 80 a\u00f1os para recuperar a las 16.000 v\u00edctimas que el Estado calcula (que est\u00e1n en los sitios de entierro) de manera subestimada\u201d, se\u00f1ala el libro \u201cLos muertos de Ayacucho\u201d, de la no gubernamental Comisi\u00f3n de Derechos Humanos (Comisedh).<\/div>\n<div> \t&nbsp;<\/div>\n<div> \tUno de los lugares donde se congregaron el mi\u00e9rcoles las v\u00edctimas que buscan precisamente a sus muertos fue el Memorial \u201cEl Ojo que Llora\u201d, donde \u00c1valos hall\u00f3 la piedra con el nombre de su hijo, Rigoberto Huaman\u00ed \u00c1valos.<\/div>\n<div> \t&nbsp;<\/div>\n<div> \tEste espacio cuenta con un laberinto de cantos rodados y una roca instalada al centro, con un ojo insertado que lagrimea sin cesar al mismo tiempo que discurren los episodios de horror, la tristeza, los reclamos y la impotencia de los sobrevivientes.<\/div>\n<div> \t&nbsp;<\/div>\n<div> \t\u201cCompa\u00f1eros del colegio de mi hijito ya son profesores, as\u00ed tambi\u00e9n pod\u00eda ser \u00e9l. Ya tienen sus familias, as\u00ed tambi\u00e9n podr\u00eda estar mi hijo\u201d, declar\u00f3 \u00c1valos a IPS.<\/div>\n<div> \tRigoberto era su primog\u00e9nito. En 1983, las fuerzas de seguridad se lo llevaron de su escuela junto a su maestro y otros compa\u00f1eros, narr\u00f3 la madre llena de rabia y a quien le parece una burla haber recibido 10.000 soles (3.600 d\u00f3lares) de reparaci\u00f3n.<\/div>\n<div> \t&nbsp;<\/div>\n<div> \t\u201c\u00bfEsa plata vale mi hijo?\u201d, pregunt\u00f3 esta madre integrante de la Asociaci\u00f3n Nacional de Familiares de Secuestrados y Desaparecidos del Per\u00fa (Anfasep), que hace 30 a\u00f1os se fund\u00f3 en Ayacucho para exigir la b\u00fasqueda de las v\u00edctimas. Preciamente, la CVR existi\u00f3 en respuesta al reclamo de estas mujeres.<\/div>\n<div> \tLos familiares exigen que el gobierno cumpla con entregar como reparaci\u00f3n econ\u00f3mica individual el equivalente a 30 UIT (Unidad Impositiva Tributaria), es decir 39.000 soles (unos 13.900 d\u00f3lares) por cada v\u00edctima.<\/div>\n<div> \t&nbsp;<\/div>\n<div> \tIsabel Coral, quien fue la secretaria ejecutiva de la Comisi\u00f3n Multisectorial de Alto Nivel (CMAN) y se encarg\u00f3 de conseguir en 2011 este compromiso del gobierno, dijo a IPS que ese monto de reparaci\u00f3n fue un acuerdo al que lleg\u00f3 directamente con el presidente de Per\u00fa, Ollanta Humala.<\/div>\n<div> \t\u201cLe expliqu\u00e9 a Ollanta que la violencia hab\u00eda sido tan atroz para estas personas, que se les hab\u00eda quitado todas sus estrategias para rehabilitarse y desarrollarse solos, que se necesitaba una reparaci\u00f3n integral, efectiva y con urgencia\u201d, relat\u00f3.<\/div>\n<div> \t&nbsp;<\/div>\n<div> \tCoral cont\u00f3 que acept\u00f3 redactar el cap\u00edtulo referido a las reparaciones del plan de gobierno de Humala, a cambio de que cumpliera con las v\u00edctimas si asum\u00eda el gobierno, como ocurri\u00f3. Pero hoy no \u201chay voluntad pol\u00edtica\u201d ni se act\u00faa de manera \u201cconsecuente\u201d y se ha optado por repartir el dinero en \u201cgotas\u201d, advirti\u00f3.<\/div>\n<div> \tCada familia de la v\u00edctima recibe 10.000 soles que debe repartirse entre sus miembros: esposa o esposo, y los hijos. Pero la aplicaci\u00f3n de las normas var\u00eda en cada caso.<\/div>\n<div> \tEnviciana Huancahuari perdi\u00f3 en la masacre de Lucanamarca (distrito de la regi\u00f3n centroandina peruana de Ayacucho) a su mam\u00e1, a su esposo y a una hermana. A su vez, otras hermanas perdieron a sus esposos.<\/div>\n<div> \t&nbsp;<\/div>\n<div> \tElla es un eslab\u00f3n de una cadena de desapariciones. Tiene 64 a\u00f1os y solo ha recibido 5.000 soles porque debe cumplir los 65, seg\u00fan la ley, para que le den la otra mitad del dinero.<\/div>\n<div> \t&nbsp;<\/div>\n<div> \tEl dinero que le entregaron a Huancahuari ya se reparti\u00f3 entre sus cinco hijos. Cada uno recibi\u00f3 1.000 soles (357 d\u00f3lares) que ya se esfumaron. Ella no recibi\u00f3 nada, refiri\u00f3. \u201c\u00bfSin comer vamos a estar? \u00bfMi mam\u00e1 (muerta) es una vaca? \u00bfEs un toro para que nos den 5.000 soles?\u201d, cuestion\u00f3 ante IPS.<\/div>\n<div> \tEl presidente de la Coordinadora Nacional de Organizaciones de Afectados por la Violencia Pol\u00edtica (Conavip), Jos\u00e9 Say\u00e1n, explic\u00f3 a IPS que las 14 organizaciones de familiares que representa exigen la modificatoria del decreto 051-2011, que plantea la reparaci\u00f3n de los 10.000 soles por v\u00edctima y que fue aprobado por Alan Garc\u00eda en su segundo gobierno de 2006 a 2011.<\/div>\n<div> \t&nbsp;<\/div>\n<div> \tCoral asegur\u00f3 que en diciembre de 2011 present\u00f3 una propuesta para que el Poder Ejecutivo modifique el decreto con la aprobaci\u00f3n de 11 ministerios, pero la cartera de Econom\u00eda y Finanzas trab\u00f3 la iniciativa.<\/div>\n<div> \tHasta ahora la modificatoria sigue congelada. Say\u00e1n y otros dirigentes se reunieron este mi\u00e9rcoles 29 con los parlamentarios para que impulsen el tema.<\/div>\n<div> \tPor su parte, Roc\u00edo Paz, representante de la Coordinadora Nacional de Derechos Humanos, se\u00f1al\u00f3 a IPS que el gobierno ha avanzado en el plano normativo pero no en su implementaci\u00f3n.<\/div>\n<div> \t&nbsp;<\/div>\n<div> \tEl interino defensor del Pueblo, Eduardo Vega, dijo que hay un \u201cestancamiento\u201d y un \u201cretroceso\u201d en las acciones de justicia y reparaci\u00f3n. El presidente de Comisedh, Pablo Rojas, expres\u00f3 la misma desaz\u00f3n, pero tambi\u00e9n rescat\u00f3 que la participaci\u00f3n de los familiares en el d\u00e9cimo aniversario del informe de la CVR reafirma \u201cla necesidad urgente de pol\u00edticas p\u00fablicas\u201d para ellos.<\/div>\n<div> \t&nbsp;<\/div>\n<div> \tEn respuesta, el secretario ejecutivo de CMAN, Adolfo Ch\u00e1varri, dijo el jueves 29 a la agencia oficial Andina que con este gobierno hay m\u00e1s avances que con el anterior, y que el apoyo no solo es econ\u00f3mico sino que se otorgan becas educativas y se brinda acompa\u00f1amiento psicol\u00f3gico a los familiares en la entrega de los restos de las v\u00edctimas.<\/div>\n<div> \tPero do\u00f1a Austu\u00f1aupa, quien perdi\u00f3 a su padre durante el conflicto, en la selva central de Satipo, reclam\u00f3 no haber recibido nada hasta ahora. Tiene los ojos brillantes de tristeza y de ira. Asegura que una promesa ya no es suficiente.<\/div>\n<div> \t&nbsp;<\/div>\n<div>\n<div> \t\t<strong>Por Milagros Salazar<\/strong><\/div>\n<div> \t\t&nbsp;<\/div>\n<\/p><\/div>\n","protected":false},"excerpt":{"rendered":"<p>&nbsp; Una mujer ayacuchana de 65 a\u00f1os busca a su hijo entre c\u00edrculos formados por miles de peque\u00f1as piedras gris\u00e1ceas.<\/p>\n","protected":false},"author":3,"featured_media":0,"comment_status":"open","ping_status":"closed","sticky":false,"template":"","format":"standard","meta":{"colormag_page_container_layout":"default_layout","colormag_page_sidebar_layout":"default_layout","ngg_post_thumbnail":0,"footnotes":""},"categories":[18],"tags":[],"class_list":["post-353","post","type-post","status-publish","format-standard","hentry","category-c18-extermino-terror-y-guerra"],"_links":{"self":[{"href":"https:\/\/pueblosencamino.org\/index.php?rest_route=\/wp\/v2\/posts\/353","targetHints":{"allow":["GET"]}}],"collection":[{"href":"https:\/\/pueblosencamino.org\/index.php?rest_route=\/wp\/v2\/posts"}],"about":[{"href":"https:\/\/pueblosencamino.org\/index.php?rest_route=\/wp\/v2\/types\/post"}],"author":[{"embeddable":true,"href":"https:\/\/pueblosencamino.org\/index.php?rest_route=\/wp\/v2\/users\/3"}],"replies":[{"embeddable":true,"href":"https:\/\/pueblosencamino.org\/index.php?rest_route=%2Fwp%2Fv2%2Fcomments&post=353"}],"version-history":[{"count":0,"href":"https:\/\/pueblosencamino.org\/index.php?rest_route=\/wp\/v2\/posts\/353\/revisions"}],"wp:attachment":[{"href":"https:\/\/pueblosencamino.org\/index.php?rest_route=%2Fwp%2Fv2%2Fmedia&parent=353"}],"wp:term":[{"taxonomy":"category","embeddable":true,"href":"https:\/\/pueblosencamino.org\/index.php?rest_route=%2Fwp%2Fv2%2Fcategories&post=353"},{"taxonomy":"post_tag","embeddable":true,"href":"https:\/\/pueblosencamino.org\/index.php?rest_route=%2Fwp%2Fv2%2Ftags&post=353"}],"curies":[{"name":"wp","href":"https:\/\/api.w.org\/{rel}","templated":true}]}}