{"id":3284,"date":"2016-10-01T18:21:14","date_gmt":"2016-10-01T18:21:14","guid":{"rendered":"http:\/\/pueblosencamino.org\/?p=3284"},"modified":"2016-10-01T18:21:14","modified_gmt":"2016-10-01T18:21:14","slug":"tania-veronica-un-resplandor-eclipsado-pronunciamiento-del-posgrado-de-sociologia-en-puebla","status":"publish","type":"post","link":"https:\/\/pueblosencamino.org\/?p=3284","title":{"rendered":"Tania Ver\u00f3nica, un resplandor eclipsado: Pronunciamiento del posgrado de Sociolog\u00eda en Puebla"},"content":{"rendered":"<p>Tania Ver\u00f3nica Luna fue maniatada y asesinada en su hogar de Puebla. Era estudiante del quinto cuatrimestre de la licenciatura en sociolog\u00eda en la Benem\u00e9rita Universidad Aut\u00f3noma de Puebla. Estudiantes, egresad@s y profesores del Posgrado en Sociolog\u00eda<\/p>\n<p>Instituto de Ciencias Sociales y Humanidades \u00abAlfonso V\u00e9lez Pliego\u00bb de esta universidad expresan a trav\u00e9s de este pronunciamiento p\u00fablico su dolor y solidaridad. Se trata de la sexta universitaria asesinada en los \u00faltimos tres a\u00f1os. Van, se\u00f1alan, 63 mujeres asesinadas en lo que va del 2016 en Puebla. La carta no se limita a denunciar los hechos y expresar solidaridad, dolor e ira. \u201cTania (y cada una de las otras v\u00edctimas)no s\u00f3lo es una cifra, es una historia, una familia, un c\u00edrculo de amig@s que queda roto e impotente; es una sonrisa ausente, un resplandor eclipsado, una alumna y colega cuya ausencia nos lacera.\u201d La carta auto-convoca y convoca a la sociedad, a las autoridades universitarias,\u201da trabajar en la reflexi\u00f3n y la pr\u00e1ctica sobre las relaciones que perpet\u00faan la brutalidad contra las mujeres y la poblaci\u00f3n en general. A no callar m\u00e1s.\u201d Tania Ver\u00f3nica Luna, esa mujer, esa vida, todas ellas, son un silencio inaceptable, doloroso, repugnante. La impotencia y la rabia no han alcanzado a tejerse y entrelazarse, a abrazarnos para empe\u00f1arnos en detener esta monstruosidad arrancando de ra\u00edz y desde abajo lo que lleva a estos actos y los \u201cbeneficios\u201d y beneficiarios de estos mensajes de muerte. Nos falta todo lo que nos falta y ahora, adem\u00e1s, le falta ella a sus familiares, afectos, compas, nos falta ella y nos faltan todas. La amenaza de otra ausencia forzada con cobard\u00eda nos angustia y convoca. Desde los l\u00edmites de un \u00a1Basta ya! que reclama acci\u00f3n eficaz y fuerza nos sumamos: <strong>As\u00ed No! Pueblos en Camino<\/strong><!--more--><\/p>\n<p style=\"text-align: center;\"><strong>Tania Ver\u00f3nica, un resplandor eclipsado:<br \/>\n<\/strong><strong>Pronunciamiento del posgrado de Sociolog\u00eda en Puebla<\/strong><\/p>\n<p>Recibimos la terrible noticia de que la compa\u00f1era Tania Ver\u00f3nica Luna quien cursaba el quinto cuatrimestre de la Licenciatura en Sociolog\u00eda fue encontrada asesinada al interior de su hogar, seg\u00fan noticias de la prensa local, con signos de haber sido maniatada y asfixiada.<\/p>\n<figure style=\"width: 1000px\" class=\"wp-caption alignnone\"><img loading=\"lazy\" decoding=\"async\" class=\"\" src=\"http:\/\/www.poblanerias.com\/wp-content\/archivos\/2013\/11\/Araceli-V\u00e1zquez-Barranco-1000x666.jpg\" alt=\"\" width=\"1000\" height=\"666\" \/><figcaption class=\"wp-caption-text\">Aracely V\u00e1squez<\/figcaption><\/figure>\n<p>Tania, originaria de Veracruz, adem\u00e1s de ser la sexta universitaria asesinada en los \u00faltimos tres a\u00f1os &#8211;junto a Aracely V\u00e1zquez Barranco, Mar\u00eda Jos\u00e9 Feliciano Romero, Nayeli Sosa Romero, Ira\u00eds Ortega P\u00e9rez, Isarve Cano Vargas&#8211;, es la m\u00e1s reciente de un conjunto de feminicidios en lo que va del 2016 en Puebla, que con ella suman ya 63 mujeres asesinadas.<\/p>\n<figure style=\"width: 800px\" class=\"wp-caption alignnone\"><img loading=\"lazy\" decoding=\"async\" class=\"\" src=\"http:\/\/entiempocomunicaciones.com\/media\/images\/JOVEN(1).jpg\" alt=\"\" width=\"800\" height=\"600\" \/><figcaption class=\"wp-caption-text\">Maria Jos\u00e9 Feliciano<\/figcaption><\/figure>\n<p><img loading=\"lazy\" decoding=\"async\" class=\"alignnone\" src=\"http:\/\/ladobe.com.mx\/wp-content\/uploads\/2015\/03\/Olga-Nayelii.jpg\" alt=\"\" width=\"973\" height=\"591\" \/><\/p>\n<p><img loading=\"lazy\" decoding=\"async\" class=\"alignnone aligncenter\" src=\"http:\/\/contrastesdepuebla.com\/wp-content\/uploads\/2014\/10\/image6.jpg\" alt=\"\" width=\"480\" height=\"258\" \/><\/p>\n<figure style=\"width: 640px\" class=\"wp-caption aligncenter\"><img loading=\"lazy\" decoding=\"async\" class=\"\" src=\"http:\/\/www.ndmx.co\/wp-content\/uploads\/2015\/05\/Isarve-Cano-2-640x450.jpg\" alt=\"\" width=\"640\" height=\"450\" \/><figcaption class=\"wp-caption-text\">Isarve Cano Vargas<\/figcaption><\/figure>\n<p>Tania no s\u00f3lo es una cifra, es una historia, una familia, un c\u00edrculo de amig@s que queda roto e impotente; es una sonrisa ausente, un resplandor eclipsado, una alumna y colega cuya ausencia nos lacera.<\/p>\n<p>Sumamos nuestro dolor al de sus cercan@s, amig@s y parientes. Reiteramos nuestro apoyo moral y en la medida de nuestras posibilidades acompa\u00f1amos sus acciones y duelo.<\/p>\n<p>La gravedad del asunto nos llama a que, adem\u00e1s de pronunciarnos para exigir justicia ante este lamentable hecho, convoquemos a la sociedad a no permitir una vez m\u00e1s que se intente culpabilizar a la v\u00edctima, a terminar con la indiferencia o miedo que no nos permite establecer un l\u00edmite ante la violencia indiscriminada manifestada contra las mujeres.<\/p>\n<p>Exigimos tambi\u00e9n a las autoridades universitarias que hagan todo lo que est\u00e9 en sus manos para fomentar una reflexi\u00f3n profunda dentro de la comunidad, que tomen con seriedad la realidad de los feminicidios, para evitar que esta situaci\u00f3n se siga repitiendo tanto dentro como fuera del \u00e1mbito universitario.<\/p>\n<p>Nos llamamos a nosotr@s mism@s, como parte de la comunidad universitaria y de la sociedad que vive en Puebla, a trabajar en la reflexi\u00f3n y la pr\u00e1ctica sobre las relaciones que perpet\u00faan la brutalidad contra las mujeres y la poblaci\u00f3n en general. A no callar m\u00e1s. Nos llamamos a esta labor para poder salir de esta espiral de violencia desatada en la que estamos.<\/p>\n<p><em><strong>Estudiantes, egresad@s y profesores del Posgrado en Sociolog\u00eda<\/strong><\/em><br \/>\n<em><strong>Instituto de Ciencias Sociales y Humanidades \u00abAlfonso V\u00e9lez Pliego\u00bb- BUAP<\/strong><\/em><\/p>\n<p>Lucia Linsalata<br \/>\nMina Lorena Navarro<br \/>\nMar\u00eda Noel Sosa<br \/>\nClaudia L\u00f3pez<br \/>\nItandehui Reyes-D\u00edaz<br \/>\nPaulino Alvarado<br \/>\nDawn Marie Paley<br \/>\nBlanca Lilia Campos Flores<br \/>\nRaquel Guti\u00e9rrez Aguilar<br \/>\nAugusto Salvador<br \/>\nVanesa Ramirez Carsolio<br \/>\nItzel Mariana Rodriguez Reyes<br \/>\nLuisa Aquisiras Terrones<br \/>\nUrsula Hortensia Hernandez Rodriguez<br \/>\nNorma Angelica Cuellar<br \/>\nXimena Pernas Cuevas<br \/>\nMelissa Rodr\u00edguez<br \/>\nDiego Castro<br \/>\nSabrina Jimena Gaucher Troncoso<br \/>\nLorena Garc\u00eda<br \/>\n\u00c1ngela Nanni \u00c1lvarez<br \/>\nManuel Rozental<br \/>\nVilma Almendra<br \/>\nMario Estuardo L\u00f3pez Barrientos<br \/>\nJuliana G\u00f3mez<br \/>\nFrancisco Javier Hern\u00e1ndez Hern\u00e1ndez<br \/>\nNoelia Correa<br \/>\nManuel Alfonso Melgarejo P\u00e9rez<br \/>\nTeresa Flores Solana<br \/>\nDenise Susana Lucero Mosqueda<br \/>\nCarolina Concepci\u00f3n Gonz\u00e1lez Gonz\u00e1lez<br \/>\nDaniel Guendulain<br \/>\nAntonio Fuentes D\u00edaz<br \/>\nSergio Tischler<br \/>\nJohn Holloway<br \/>\nFernando Matamoros Ponce<br \/>\nHugo Moreno<br \/>\nGiuseppe Lo Bruto<br \/>\nBlanca Cordero<br \/>\nPedro Hern\u00e1ndez<br \/>\nDaniele Fini<br \/>\nMagali S\u00e1nchez Garc\u00eda<br \/>\nSandra Rativa Gaona<br \/>\nDavid Rodr\u00edguez<br \/>\nPaula Alethia Gonz\u00e1lez Arellano<br \/>\nYirlean Ramos Feria<br \/>\nFernando Israel Mendoza Tepale<br \/>\nMar\u00eda Sagrario Anta Mart\u00ednez<br \/>\nCrosby Gir\u00f3n.<br \/>\nAlfredo D\u00edaz Rivera<br \/>\nPanagiotis Doulos<br \/>\nEdith Gonz\u00e1lez-Cruz<br \/>\nDr. Salvador Rosalesy de Gante<br \/>\nCynthia Mora<br \/>\nMayra Terrones<br \/>\nNancy M\u00e1rquez Mu\u00f1oz<br \/>\nEduardo V\u00e9lez Grajales<br \/>\nDiana Villegas Loeza<br \/>\nMar\u00eda Georgina Garibo Garc\u00eda<br \/>\nMtro. Carlos Otto V\u00e1zquez Salazar<br \/>\nGrupo de trabajocono_cimientoenlascalles \u2013 Quer\u00e9taro<br \/>\nMarlen Alicia Cano Morales<br \/>\nErnesto Escobar Morales<br \/>\nVictor Hugo S\u00e1nchez Santiago<br \/>\nRams\u00e9s Hern\u00e1ndez Ch\u00e1vez<br \/>\nMaria Curiel Bellon<br \/>\nTanya Gonz\u00e1lez Garc\u00eda<br \/>\nMikko Makimartti<br \/>\nJuliana Diaz<br \/>\nAlfonso Galileo Garc\u00eda Vela<br \/>\nFrancisco Javier G\u00f3mez Carpinteiro<br \/>\nCarlos Figueroa Ibarra<br \/>\nAna Lilia Salazar Zarco<\/p>\n<p>Puebla, 30 de septiembre 2016<\/p>\n<p>Notas del peri\u00f3dico:<br \/>\n* <a href=\"http:\/\/www.sinembargo.mx\/29-09-2016\/3098391\" target=\"_blank\">http:\/\/www.sinembargo.mx\/29-09-2016\/3098391<\/a><\/p>\n<p>* <a href=\"http:\/\/www.periodicocentral.mx\/2015\/pagina-negra\/feminicidios\/feminicidio-62-tania-fue-amarrada-y-asesinada-dentro-de-su-casa-en-la-colonia-tepeyac\" target=\"_blank\">http:\/\/www.periodicocentral.mx\/2015\/pagina-negra\/feminicidios\/feminicidio-62-tania-fue-amarrada-y-asesinada-dentro-de-su-casa-en-la-colonia-tepeyac<\/a><\/p>\n<p>* <a href=\"http:\/\/www.angulo7.com.mx\/2016\/09\/20\/muerte-61-mujer-huye-esposo-violencia-la-asesina-golpes\/\" target=\"_blank\">http:\/\/www.angulo7.com.mx\/2016\/09\/20\/muerte-61-mujer-huye-esposo-violencia-la-asesina-golpes\/<\/a><\/p>\n","protected":false},"excerpt":{"rendered":"<p>Tania Ver\u00f3nica Luna fue maniatada y asesinada en su hogar de Puebla. Era estudiante del quinto cuatrimestre de la licenciatura<\/p>\n","protected":false},"author":3,"featured_media":3285,"comment_status":"open","ping_status":"closed","sticky":false,"template":"","format":"standard","meta":{"colormag_page_container_layout":"default_layout","colormag_page_sidebar_layout":"default_layout","ngg_post_thumbnail":0,"footnotes":""},"categories":[17,93,19],"tags":[],"class_list":["post-3284","post","type-post","status-publish","format-standard","has-post-thumbnail","hentry","category-c16-dominacion-global","category-destacados","category-c19-proyectos-de-economia-extractiva"],"_links":{"self":[{"href":"https:\/\/pueblosencamino.org\/index.php?rest_route=\/wp\/v2\/posts\/3284","targetHints":{"allow":["GET"]}}],"collection":[{"href":"https:\/\/pueblosencamino.org\/index.php?rest_route=\/wp\/v2\/posts"}],"about":[{"href":"https:\/\/pueblosencamino.org\/index.php?rest_route=\/wp\/v2\/types\/post"}],"author":[{"embeddable":true,"href":"https:\/\/pueblosencamino.org\/index.php?rest_route=\/wp\/v2\/users\/3"}],"replies":[{"embeddable":true,"href":"https:\/\/pueblosencamino.org\/index.php?rest_route=%2Fwp%2Fv2%2Fcomments&post=3284"}],"version-history":[{"count":1,"href":"https:\/\/pueblosencamino.org\/index.php?rest_route=\/wp\/v2\/posts\/3284\/revisions"}],"predecessor-version":[{"id":3286,"href":"https:\/\/pueblosencamino.org\/index.php?rest_route=\/wp\/v2\/posts\/3284\/revisions\/3286"}],"wp:featuredmedia":[{"embeddable":true,"href":"https:\/\/pueblosencamino.org\/index.php?rest_route=\/wp\/v2\/media\/3285"}],"wp:attachment":[{"href":"https:\/\/pueblosencamino.org\/index.php?rest_route=%2Fwp%2Fv2%2Fmedia&parent=3284"}],"wp:term":[{"taxonomy":"category","embeddable":true,"href":"https:\/\/pueblosencamino.org\/index.php?rest_route=%2Fwp%2Fv2%2Fcategories&post=3284"},{"taxonomy":"post_tag","embeddable":true,"href":"https:\/\/pueblosencamino.org\/index.php?rest_route=%2Fwp%2Fv2%2Ftags&post=3284"}],"curies":[{"name":"wp","href":"https:\/\/api.w.org\/{rel}","templated":true}]}}