{"id":3194,"date":"2016-09-19T19:06:45","date_gmt":"2016-09-19T19:06:45","guid":{"rendered":"http:\/\/pueblosencamino.org\/?p=3194"},"modified":"2016-09-19T19:06:45","modified_gmt":"2016-09-19T19:06:45","slug":"sociedades-extractivistas-sobre-debacles-exterminios-y-las-luchasresistencias","status":"publish","type":"post","link":"https:\/\/pueblosencamino.org\/?p=3194","title":{"rendered":"Sociedades extractivistas: sobre debacles, exterminios y las luchas\/resistencias"},"content":{"rendered":"<p>El que los reg\u00edmenes progresistas, as\u00ed como los no progresistas en latinoam\u00e9rica, junto a empresas de car\u00e1cter estatal o transnacional, est\u00e9n desplegando amplios proyectos extractivistas que est\u00e1n ARRASANDO con territorios y especies enteras, a nombre del progreso y del \u201ccrecimiento\u201d, es uno de elementos tr\u00e1gicos de la crisis socioambiental que atravesamos.<!--more--><\/p>\n<p style=\"text-align: center;\"><strong>Sociedades extractivistas: sobre debacles, exterminios y las luchas\/resistencias<\/strong><\/p>\n<p>Dejar el mito y fetiche del \u201cdesarrollo\u201d, y pensar en las posibles salidas en diferentes espacios y escalas son algunas de las reflexiones necesarias, que realizan investigadorxs latinoamericanxs y que compartimos a continuaci\u00f3n. (*)<\/p>\n<p><a href=\"http:\/\/pueblosencamino.org\/wp-content\/uploads\/2016\/09\/extractivismo-2.jpg\" rel=\"attachment wp-att-3195\"><img loading=\"lazy\" decoding=\"async\" class=\"aligncenter size-full wp-image-3195\" src=\"http:\/\/pueblosencamino.org\/wp-content\/uploads\/2016\/09\/extractivismo-2.jpg\" alt=\"extractivismo-2\" width=\"700\" height=\"524\" srcset=\"https:\/\/pueblosencamino.org\/wp-content\/uploads\/2016\/09\/extractivismo-2.jpg 700w, https:\/\/pueblosencamino.org\/wp-content\/uploads\/2016\/09\/extractivismo-2-300x225.jpg 300w\" sizes=\"auto, (max-width: 700px) 100vw, 700px\" \/><\/a><\/p>\n<p><strong><em>Feminicidios y los bienes naturales como mercanc\u00edas<\/em><\/strong><\/p>\n<p>El extractivismo no es s\u00f3lo un modelo econ\u00f3mico, afirma el periodista Zibechi, sino que estamos ante sociedades extractivistas, donde la mercantilizaci\u00f3n de los bienes naturales conlleva procesos de privatizaci\u00f3n y despojo neocolonial contra comunidades y pueblos. Esto implica BRUTALES formas de represi\u00f3n y criminalizaci\u00f3n, llevadas por estados y empresas, contra quienes resisten a esta devastaci\u00f3n capitalista.<\/p>\n<p>Devastaci\u00f3n ejecutada por gobiernos abiertamente de derecha como el mexicano, y, parad\u00f3jicamente, por los gobiernos que se denominan \u201cprogresistas\u201d en Am\u00e9rica Latina (y sus empresas estatales).<br \/>\nAmpliando el <a href=\"https:\/\/chaskiclandestino.wordpress.com\/2016\/02\/26\/extractivismo-y-la-cuarta-guerra-mundial-contra-los-pueblos\/\" target=\"_blank\">an\u00e1lisis que Zibechi hab\u00eda presentado con anterioridad<\/a>, \u00e9ste se\u00f1ala que la se\u00f1a m\u00e1s violenta de los extractivismos es el crecimiento del narcotr\u00e1fico y los feminicidios. Es as\u00ed que el grado de violencia de por s\u00ed ya existente desde hace tanto contra las mujeres, alcanza hoy niveles que pueden llamarse de exterminio. La brutalidad de las muertes de mujeres mexicanas, solo como uno de los tantos ejemplos, son funcionales y parte del modelo extractivo. Es la manera de control sobre las poblaciones \u201cdescartables\u201d para el capital.<\/p>\n<p>Participaci\u00f3n de Ra\u00fal Zibechi:<\/p>\n<p><iframe loading=\"lazy\" width=\"800\" height=\"400\" scrolling=\"no\" frameborder=\"no\" src=\"https:\/\/w.soundcloud.com\/player\/?visual=true&#038;url=http%3A%2F%2Fapi.soundcloud.com%2Ftracks%2F282304043&#038;show_artwork=true&#038;maxwidth=800&#038;maxheight=1000\"><\/iframe><br \/>\n<em><strong>Consumos, consumismos y las diversidades de las luchas<\/strong><\/em><\/p>\n<p>La postura de los expositores, respecto a las posibilidades de enfrentar los extractivismos, est\u00e1n puestas para un debate absolutamente necesario, en este contexto de crisis de los progresismos latinoamericanos, los cuales en cierto momento se mostraban como alternativas incluso llamadas \u201cpos neoliberales\u201d. Crisis que ha dado paso a una serie de debates sobre \u201cel fin del ciclo progresista\u201d, y el advenimiento de bloques conservadores representados pol\u00edticamente en gobiernos como el de Macri en Argentina.<\/p>\n<p>Reg\u00edmenes extractivistas inundan territorios ind\u00edgenas y ciudades, con proyectos anclados en la vieja visi\u00f3n de un desarrollismo alimentado por discursos y pol\u00edticas estatales, entonces \u00bfCu\u00e1les son las posibles, alternativas o salidas, desde las luchas que se han sostenido como sectores de base desde hace muchos a\u00f1os atr\u00e1s?<\/p>\n<p>Jos\u00e9 Nu\u00f1ez, aqu\u00ed, plantea una cr\u00edtica a la noci\u00f3n del \u201cdesarrollo\u201d, as\u00ed como sostiene que la lucha contra el extractivismo, no puede entenderse sin una lucha anticapitalista, porque ha sido en el capitalismo del siglo XIX y XX donde se agudiza, profundiza y expande la crisis ambiental. Las propuestas que no son f\u00e1ciles de poner en pr\u00e1ctica, como el de agroecolog\u00eda y la conformaci\u00f3n de espacios \u201crur-urbanos\u201d, como una manera diferente de pensar lo urbano, as\u00ed como la cr\u00edtica al consumismo, propone, son procesos de desalienaci\u00f3n.<\/p>\n<p>Participaci\u00f3n de Jos\u00e9 Nu\u00f1ez:<\/p>\n<p><iframe loading=\"lazy\" width=\"800\" height=\"400\" scrolling=\"no\" frameborder=\"no\" src=\"https:\/\/w.soundcloud.com\/player\/?visual=true&#038;url=http%3A%2F%2Fapi.soundcloud.com%2Ftracks%2F282294615&#038;show_artwork=true&#038;maxwidth=800&#038;maxheight=1000\"><\/iframe><br \/>\nDesde otra perspectiva, Silvia Rivera en su reflexi\u00f3n, aborda elementos para pensar niveles \u201cmacro\u201d y \u201cmicro\u201d. Propuestas estatales de car\u00e1cter macro como proyectos hidroel\u00e9ctricos o nucleares, as\u00ed como los procesos de urbanizaci\u00f3n del agro y los niveles de consumo que hemos alcanzado, que se convierten en espacios de dominaci\u00f3n y destrucci\u00f3n socioambiental. A contrapelo, esto permite pensar en los espacios y escalas de las resistencias y luchas, de la \u201cmicropol\u00edtica\u201d, seg\u00fan Rivera, y dejar de mitificar el \u201cdesarrollo\u201d.<\/p>\n<p>Participaci\u00f3n de Silvia Rivera:<\/p>\n<p><iframe loading=\"lazy\" width=\"800\" height=\"400\" scrolling=\"no\" frameborder=\"no\" src=\"https:\/\/w.soundcloud.com\/player\/?visual=true&#038;url=http%3A%2F%2Fapi.soundcloud.com%2Ftracks%2F282116936&#038;show_artwork=true&#038;maxwidth=800&#038;maxheight=1000\"><\/iframe><br \/>\nCon las cr\u00edticas que pueden sostenerse con todas estas visiones, el debate est\u00e1 abierto.<\/p>\n<p>(*) Exposiciones de Decio Machado, Ra\u00fal Zibechi, Jos\u00e9 N\u00fa\u00f1ez y Silvia Rivera, presentadas en el seminario \u201cAn\u00e1lisis y alternativas a la dependencia y el extractivismo en el marco de la crisis econ\u00f3mica mundial\u201d, realizado por la C\u00e1tedra Libre Marcelo Quiroga Santa Cruz, en la UMSA, La Paz, (8 de septiembre de 2016). Por dificultades t\u00e9cnicas, no hemos podido incluir el audio del investigador Decio Machado, sin embargo los remitimos al blog donde \u00e9l escribe: <strong><a href=\"http:\/\/deciomachado.blogspot.com\/\" target=\"_blank\">http:\/\/deciomachado.blogspot.com\/<\/a><\/strong><\/p>\n<p><strong><a href=\"https:\/\/chaskiclandestino.wordpress.com\/2016\/09\/13\/sociedades-extractivistas-sobre-debacles-exterminios-y-las-luchasresistencias\/\" target=\"_blank\">Chaskiclandestino<\/a><\/strong><br \/>\n<strong>Septiembre 13 de 2016<\/strong><\/p>\n","protected":false},"excerpt":{"rendered":"<p>El que los reg\u00edmenes progresistas, as\u00ed como los no progresistas en latinoam\u00e9rica, junto a empresas de car\u00e1cter estatal o transnacional,<\/p>\n","protected":false},"author":3,"featured_media":3196,"comment_status":"open","ping_status":"closed","sticky":false,"template":"","format":"standard","meta":{"colormag_page_container_layout":"default_layout","colormag_page_sidebar_layout":"default_layout","ngg_post_thumbnail":0,"footnotes":""},"categories":[35,37,93],"tags":[],"class_list":["post-3194","post","type-post","status-publish","format-standard","has-post-thumbnail","hentry","category-c2-como-asi","category-c35-contradiciones","category-destacados"],"_links":{"self":[{"href":"https:\/\/pueblosencamino.org\/index.php?rest_route=\/wp\/v2\/posts\/3194","targetHints":{"allow":["GET"]}}],"collection":[{"href":"https:\/\/pueblosencamino.org\/index.php?rest_route=\/wp\/v2\/posts"}],"about":[{"href":"https:\/\/pueblosencamino.org\/index.php?rest_route=\/wp\/v2\/types\/post"}],"author":[{"embeddable":true,"href":"https:\/\/pueblosencamino.org\/index.php?rest_route=\/wp\/v2\/users\/3"}],"replies":[{"embeddable":true,"href":"https:\/\/pueblosencamino.org\/index.php?rest_route=%2Fwp%2Fv2%2Fcomments&post=3194"}],"version-history":[{"count":1,"href":"https:\/\/pueblosencamino.org\/index.php?rest_route=\/wp\/v2\/posts\/3194\/revisions"}],"predecessor-version":[{"id":3197,"href":"https:\/\/pueblosencamino.org\/index.php?rest_route=\/wp\/v2\/posts\/3194\/revisions\/3197"}],"wp:featuredmedia":[{"embeddable":true,"href":"https:\/\/pueblosencamino.org\/index.php?rest_route=\/wp\/v2\/media\/3196"}],"wp:attachment":[{"href":"https:\/\/pueblosencamino.org\/index.php?rest_route=%2Fwp%2Fv2%2Fmedia&parent=3194"}],"wp:term":[{"taxonomy":"category","embeddable":true,"href":"https:\/\/pueblosencamino.org\/index.php?rest_route=%2Fwp%2Fv2%2Fcategories&post=3194"},{"taxonomy":"post_tag","embeddable":true,"href":"https:\/\/pueblosencamino.org\/index.php?rest_route=%2Fwp%2Fv2%2Ftags&post=3194"}],"curies":[{"name":"wp","href":"https:\/\/api.w.org\/{rel}","templated":true}]}}