{"id":288,"date":"2013-03-06T16:11:23","date_gmt":"2013-03-06T16:11:23","guid":{"rendered":"http:\/\/pueblosencamino.org\/wp\/?p=288"},"modified":"2013-03-06T16:11:23","modified_gmt":"2013-03-06T16:11:23","slug":"maduro-anuncia-el-fallecimiento-de-chavez","status":"publish","type":"post","link":"https:\/\/pueblosencamino.org\/?p=288","title":{"rendered":"Maduro anuncia el fallecimiento de Ch\u00e1vez"},"content":{"rendered":"<p> \tEl presidente de Venezuela, Hugo Ch\u00e1vez, ha fallecido este lunes 5 de marzo en Caracas casi tres meses despu\u00e9s de operarse por cuarta vez de un c\u00e1ncer que le fue diagnosticado en junio del 2011, inform\u00f3 el vicepresidente, Nicol\u00e1s Maduro.<\/p>\n<p> \t\u00abA las 4.25 de la tarde (20.55 GMT) de hoy 5 de marzo ha fallecido el comandante presidente Hugo Ch\u00e1vez Fr\u00edas\u00bb, inform\u00f3 el vicepresidente venezolano emocionado a trav\u00e9s de radio y televisi\u00f3n.<\/p>\n<p> \tMaduro explic\u00f3 que tras reunirse en horas de la ma\u00f1ana con el alto mando pol\u00edtico y militar del pa\u00eds se dirigieron al Hospital Militar de Caracas para \u00abseguir la secuencia de salud\u00bb de Ch\u00e1vez, y que cuando estaban recibiendo parte de la situaci\u00f3n, recibieron la \u00abinformaci\u00f3n m\u00e1s dura y tr\u00e1gica que podamos transmitir a nuestro pueblo.<\/p>\n<p> \tIndic\u00f3 que Ch\u00e1vez falleci\u00f3 \u00abluego de batallar duramente con una enfermedad durante casi dos a\u00f1os, por el amor del pueblo, con las bendiciones de los pueblos y con la lealtad m\u00e1s absoluta de sus compa\u00f1eros, compa\u00f1eras de lucha\u00bb.<\/p>\n<p> \t&nbsp;<\/p>\n<p> \tVer video: <a href=\"http:\/\/www.rtve.es\/alacarta\/videos\/la-noche-en-24-horas\/maduro-anuncia-fallecimiento-chavez\/1708448\/\"><strong>http:\/\/www.rtve.es\/alacarta\/videos\/la-noche-en-24-horas\/maduro-anuncia-fallecimiento-chavez\/1708448\/<\/strong><\/a><\/p>\n<p> \t&nbsp;<\/p>\n<p> \t<strong>Fuente: <a href=\"http:\/\/www.rtve.es\/alacarta\/videos\/la-noche-en-24-horas\/maduro-anuncia-fallecimiento-chavez\/1708448\/\">A la carta<\/a><\/strong><\/p>\n<p> \t<a href=\"http:\/\/www.rtve.es\/alacarta\/videos\/la-noche-en-24-horas\/maduro-anuncia-fallecimiento-chavez\/1708448\/\"><strong>&nbsp;&nbsp;&nbsp;&nbsp;&nbsp;&nbsp;&nbsp;&nbsp;&nbsp;&nbsp;&nbsp;&nbsp;&nbsp; Tv y radio<\/strong><\/a><\/p>\n","protected":false},"excerpt":{"rendered":"<p>El presidente de Venezuela, Hugo Ch\u00e1vez, ha fallecido este lunes 5 de marzo en Caracas casi tres meses despu\u00e9s de<\/p>\n","protected":false},"author":3,"featured_media":0,"comment_status":"open","ping_status":"closed","sticky":false,"template":"","format":"standard","meta":{"colormag_page_container_layout":"default_layout","colormag_page_sidebar_layout":"default_layout","ngg_post_thumbnail":0,"footnotes":""},"categories":[31],"tags":[],"class_list":["post-288","post","type-post","status-publish","format-standard","hentry","category-c7-ultimo-momento"],"_links":{"self":[{"href":"https:\/\/pueblosencamino.org\/index.php?rest_route=\/wp\/v2\/posts\/288","targetHints":{"allow":["GET"]}}],"collection":[{"href":"https:\/\/pueblosencamino.org\/index.php?rest_route=\/wp\/v2\/posts"}],"about":[{"href":"https:\/\/pueblosencamino.org\/index.php?rest_route=\/wp\/v2\/types\/post"}],"author":[{"embeddable":true,"href":"https:\/\/pueblosencamino.org\/index.php?rest_route=\/wp\/v2\/users\/3"}],"replies":[{"embeddable":true,"href":"https:\/\/pueblosencamino.org\/index.php?rest_route=%2Fwp%2Fv2%2Fcomments&post=288"}],"version-history":[{"count":0,"href":"https:\/\/pueblosencamino.org\/index.php?rest_route=\/wp\/v2\/posts\/288\/revisions"}],"wp:attachment":[{"href":"https:\/\/pueblosencamino.org\/index.php?rest_route=%2Fwp%2Fv2%2Fmedia&parent=288"}],"wp:term":[{"taxonomy":"category","embeddable":true,"href":"https:\/\/pueblosencamino.org\/index.php?rest_route=%2Fwp%2Fv2%2Fcategories&post=288"},{"taxonomy":"post_tag","embeddable":true,"href":"https:\/\/pueblosencamino.org\/index.php?rest_route=%2Fwp%2Fv2%2Ftags&post=288"}],"curies":[{"name":"wp","href":"https:\/\/api.w.org\/{rel}","templated":true}]}}