{"id":1706,"date":"2015-08-25T12:30:13","date_gmt":"2015-08-25T12:30:13","guid":{"rendered":"http:\/\/pueblosencamino.org\/wp\/?p=1706"},"modified":"2015-08-25T12:30:13","modified_gmt":"2015-08-25T12:30:13","slug":"el-asesinato-de-genaro-garcia-por-las-farc-y-por-la-paz-con-respeto-a-pueblos-y-territorios","status":"publish","type":"post","link":"https:\/\/pueblosencamino.org\/?p=1706","title":{"rendered":"Genaro Garc\u00eda, vida y asesinato por territorios para la alegr\u00eda y la humanidad"},"content":{"rendered":"<p style=\"font-size: 14px; line-height: normal; font-family: Georgia; color: rgb(50, 51, 51); text-align: justify;\"> \t<span style=\"text-align: justify;\">El reconocimiento del asesinato de Genaro Garc\u00eda es un hecho positivo que no devuelve la vida a Genaro y a otros l\u00edderes indefensos y v\u00edctimas de cr\u00edmenes repugnantes, pero tampoco devuelve los territorios a sus verdaderos due\u00f1os ni garantiza que ser\u00e1n respetados. No se trata \u00fanicamente de que las partes en conflicto garanticen la vida a estos pobladores y sus l\u00edderes, lo cual ya es evidente, ni de que se haga justicia, se diga la verdad y se repare a sus comunidades y familias, se trata de que se obedezcan los mandatos ancestrales, comunitarios, legales y constitucionales, se respeten territorios, pueblos, recursos y formas de vida y, que el Estado colombiano, por fin, garantice los recursos y respaldos necesarios para que los ejemplares y hermosos procesos colectivos ind\u00edgenas y afro-colombianos en el Pac\u00edfico y en toda Colombia, dejen de ser perseguidos y consoliden sus maneras de convivir en comunidad con los territorios desde su alegr\u00eda y libertad retomada a partir de la conquista que persiste y se profundiza hasta hoy, por unos y otros. En el Pac\u00edfico, en resguardos y palenques, bajo cabildos y consejos comunitarios, hay formas de vida colectiva construidas bajo el terror y la persecuci\u00f3n que resultan indispensables para la supervivencia de estos pueblos y del planeta. La convivencia de pueblos y territorios es posible, ellas y ellos la viven a diario en la guerra. Que la puedan vivir en paz es su exigencia y la nuestra, es nuestra necesidad y mandato. Impedir que se siga repartiendo&nbsp; a la fuerza esta tierra rescatada y colectiva, es un asunto de toda Colombia y de la humanidad. Este es el tema que merece ser atendido. Por esta causa vivi\u00f3 y fue asesinado Genaro Garc\u00eda y por ella, nada menos, nada diferente, debe ser reconocida su vida y reparado el crimen que se la seg\u00f3. Como lo han proclamado las organizaciones y voceros del Proceso de Comunidades Negras: \u00abQue no nos roben con la Paz lo que nos han negado con la guerra\u00bb&nbsp;<\/span><b style=\"text-align: justify;\">En tiempo Real. Pueblos en Camino<\/b><\/p>\n<p style=\"font-size: 14px; line-height: normal; font-family: Georgia; text-align: justify;\"> \t<img loading=\"lazy\" decoding=\"async\" class=\" size-full wp-image-1702\" alt=\"\" src=\"http:\/\/pueblosencamino.org\/wp\/wp-content\/uploads\/2015\/08\/Genaro.jpg\" style=\"width: 650px; height: 433px;\" width=\"608\" height=\"405\" srcset=\"https:\/\/pueblosencamino.org\/wp-content\/uploads\/2015\/08\/Genaro.jpg 608w, https:\/\/pueblosencamino.org\/wp-content\/uploads\/2015\/08\/Genaro-300x200.jpg 300w\" sizes=\"auto, (max-width: 608px) 100vw, 608px\" \/><\/p>\n<p>  <!--more-->  <\/p>\n<p style=\"font-size: 14px; line-height: normal; font-family: Georgia; text-align: center;\"> \t<span style=\"font-size:20px;\"><strong>Genaro Garc\u00eda, vida y asesinato <\/strong><\/span><\/p>\n<p style=\"font-size: 14px; line-height: normal; font-family: Georgia; text-align: center;\"> \t<span style=\"font-size:20px;\"><strong>por territorios para la alegr\u00eda y la humanidad<\/strong><\/span><\/p>\n<p style=\"font-size: 14px; line-height: normal; font-family: Georgia; text-align: justify;\"> \t&nbsp;<\/p>\n<p style=\"font-size: 14px; line-height: normal; font-family: Georgia; text-align: justify;\"> \tGenaro Garc\u00eda, el l\u00edder afro-colombiano de Tumaco en el Pac\u00edfico colombiano, fue asesinado por las FARC hace tres semanas. As\u00ed lo reconoci\u00f3 ayer en La Habana el Comandante Pablo Catatumbo, rechazando esta acci\u00f3n y enviando condolencias a su familia. Este&nbsp;<strong><a href=\"http:\/\/lasillavacia.com\/node\/51239\">art\u00edculo de La Silla Vac\u00eda&nbsp;<\/a><\/strong>se\u00f1ala \u201dLo bueno y lo malo\u201d de este reconocimiento, seg\u00fan su autor Andr\u00e9s Berm\u00fadez Li\u00e9vano. Las comunidades y organizaciones afro-colombianas vienen denunciando este tipo de actos criminales y exigiendo que, en la mesa de La Habana se aborde el trato de las FARC y del Estado Colombiano a comunidades y procesos afro e indigenas y el&nbsp; respeto a sus territorios en todo el pa\u00eds ante la sistem\u00e1tica violaci\u00f3n e irrespeto a estas comunidades, sus procesos y territorios. Los derechos territoriales y auton\u00f3micos ind\u00edgenas y afros tienen reconocimiento y respaldo legal y constitucional. Normas que el estado colombiano y la insurgencia armada han violado de manera permanente. Bien conocido es el hecho de que las mayores masacres militares y paramilitares han sido cometidas contra poblaciones afro-colombianas en el Pac\u00edfico colombiano, justamente donde, a partir de la Ley 70 que les reconoce como pueblos originarios y reglamenta su autonom\u00eda, se les ha asesinado, masacrado y desplazado como corolario de esa legislaci\u00f3n para impedir, a sangre y fuego, el ejercicio de su autonom\u00eda. Las FARC tambi\u00e9n han actuado de esta manera. Los cr\u00edmenes cometidos son de tal magnitud (<a href=\"http:\/\/memoriaydignidad.org\/memoriaydignidad\/index.php\/casos-emblematicos\/141-masacres-1980-a-2010\/651-masacre-del-naya\"><strong>La masacre del Naya<\/strong><\/a>&nbsp;&nbsp;por paramilitares en coordinaci\u00f3n con las fuerzas armadas durante el gobierno Pastrana y la&nbsp;<a href=\"http:\/\/www.semana.com\/nacion\/articulo\/farc-piden-perdon-por-masacre-de-bojaya\/412647-3\"><strong>Masacre de Bojay\u00e1<\/strong><\/a>&nbsp;en donde las FARC bombardearon ls iglesia donde hab\u00edan buscado refugio civiles que fueron masacrados, son dos ejemplos entre muchos) que merecer\u00edan una investigaci\u00f3n como cr\u00edmenes de lesa humanidad y la justicia, verdad y reparaci\u00f3n integral debidas. El Estado Colombiano nunca ha reconocido abiertamente su responsabilidad por las masacres que ha cometido.&nbsp;<\/p>\n<p style=\"font-size: 14px; line-height: normal; font-family: Georgia; text-align: justify;\"> \tEn Colombia se sabe, por testimonios afrocolombianos e ind\u00edgenas que, en la vasta regi\u00f3n del Pac\u00edfico, desde Nari\u00f1o en la frontera con Ecuador, hasta Choc\u00f3 y Antioquia, en la frontera con Panam\u00e1, que, durante todo el proceso de negociaci\u00f3n en La Habana, los intentos por someter de manera violenta a comunidades y territorios se ha incrementado. Es all\u00ed donde ha quedado en evidencia para las y los pobladores, que durante la negociaci\u00f3n, las partes en conflicto aprovechan para hacerse a&nbsp;<a href=\"http:\/\/www.pueblosencamino.org\/index.php\/asi-si\/resistencias-y-luchas-sociales02\/455-la-paz-de-los-pueblos-sin-duenos\"><strong>territorios que ser\u00e1n su bot\u00edn en el post-conflicto<\/strong><\/a>. El caso del Alto Naya, donde se cometiera la masacre, es un ejemplo claro de esto. All\u00ed, adem\u00e1s del reciente desembarco masivo de tropas del ej\u00e9rcito durante el cese al fuego unilateral decretado por las FARC, comuneros ind\u00edgenas cuya identidad debe protegerse, han relatado la forma en que los Cabildos (autoridades ind\u00edgenas tradicionales) han recibido \u00f3rdenes por parte de las FARC de someterse a su mandato ya que sus territorios estar\u00e1n bajo el control de las mismas con la firma de los acuerdos de paz. La gente sabe que, de seguir esta din\u00e1mica, tanto el conflicto en su fase actual, como el post-conflicto, significan una guerra contra los procesos colectivos-comunitarios en territorios ind\u00edgenas y afro-colombianos (lo mismo que campesinos) contra las organizaciones y autoridades comunitarias para despojarlas de territorios y recursos e insertarse as\u00ed, en el \u00e1mbito del mercado del \u201cLibre Comercio\u201d con ventajas comparativas y competitivas. Una cosa es firmar la paz con una base social electoral en construcci\u00f3n y otra hacerlo con los territorios y recursos m\u00e1s valiosos y de mayor inter\u00e9s para el capital transnacional con la firma de los acuerdos. Estos territorios son Colombia. El proceso de paz los ha convertido en recursos estrat\u00e9gicos para las partes en conflicto dentro del modelo extractivo que no se altera con la negociaci\u00f3n. De all\u00ed el asesinato continuado de l\u00edderes, la amenaza e intimidaci\u00f3n a comuneras y comuneros y la creciente presencia ilegal y a base de terror de los grupos armados. Hasta ahora, la paz de La Habana, seg\u00fan lo que ac\u00e1 se reconoce, es la guerra contra ind\u00edgenas y afro-colombianos por territorios. Esa paz, la de los pueblos, la de ind\u00edgenas y afros en sus territorios ancestrales, colectivamente administrados y legal-constitucionalmente reconocidos, no ha sido reconocida ni respetada sino violentada y negada. El reconocimiento del asesinato de Genaro Garc\u00eda es un hecho positivo que no devuelve la vida a Genaro y a otros l\u00edderes indefensos y v\u00edctimas de cr\u00edmenes repugnantes, pero tampoco devuelve los territorios a sus verdaderos due\u00f1os ni garantiza que ser\u00e1n respetados. No se trata \u00fanicamente de que las partes en conflicto garanticen la vida a estos pobladores y sus l\u00edderes, lo cual ya es evidente, ni de que se haga justicia, se diga la verdad y se repare a sus comunidades y familias, se trata de que se obedezcan los mandatos ancestrales, comunitarios, legales y constitucionales, se respeten territorios, pueblos, recursos y formas de vida y, que el Estado colombiano, por fin, garantice los recursos y respaldos necesarios para que los ejemplares y hermosos procesos colectivos ind\u00edgenas y afro-colombianos en el Pac\u00edfico y en toda Colombia, dejen de ser perseguidos y consoliden sus maneras de convivir en comunidad con los territorios desde su alegr\u00eda y libertad retomada a partir de la conquista que persiste y se profundiza hasta hoy, por unos y otros. En el Pac\u00edfico, en resguardos y palenques, bajo cabildos y consejos comunitarios, hay formas de vida colectiva construidas bajo el terror y la persecuci\u00f3n que resultan indispensables para la supervivencia de estos pueblos y del planeta. La convivencia de pueblos y territorios es posible, ellas y ellos la viven a diario en la guerra. Que la puedan vivir en paz es su exigencia y la nuestra, es nuestra necesidad y mandato. Impedir que se siga repartiendo&nbsp; a la fuerza esta tierra rescatada y colectiva, es un asunto de toda Colombia y de la humanidad. Este es el tema que merece ser atendido. Por esta causa vivi\u00f3 y fue asesinado Genaro Garc\u00eda y por ella, nada menos, nada diferente, debe ser reconocida su vida y reparado el crimen que se la seg\u00f3. Como lo han proclamado las organizaciones y voceros del Proceso de Comunidades Negras: \u00abQue no nos roben con la Paz lo que nos han negado con la guerra\u00bb&nbsp;<b>En tiempo Real. Pueblos en Camino<\/b><\/p>\n<p style=\"font-size: 14px; line-height: normal; font-family: Georgia; text-align: justify;\"> \t&nbsp;<\/p>\n<p style=\"font-size: 14px; line-height: normal; font-family: Georgia; text-align: center;\"> \t<strong style=\"font-size: 18px; text-align: center;\">Lo bueno y lo malo de que las Farc acepten<\/strong><\/p>\n<p style=\"font-size: 18px; line-height: normal; font-family: Georgia; text-align: center;\"> \t<span style=\"font-size:18px;\"><strong>que mataron a Genaro Garc\u00eda<\/strong><\/span><\/p>\n<p style=\"font-size: 12px; line-height: normal; color: rgb(50, 51, 51); min-height: 14px; text-align: justify;\"> \t&nbsp;<\/p>\n<p style=\"font-size: 15px; line-height: normal; color: rgb(50, 51, 51); text-align: justify;\"> \t<span style=\"font-size:14px;\">Esta ma\u00f1ana <a href=\"http:\/\/www.pazfarc-ep.org\/index.php\/noticias-comunicados-documentos-farc-ep\/delegacion-de-paz-farc-ep\/2942-conclusion-de-la-investigacion-sobre-muerte-del-lider-afro-genaro-garcia\"><span style=\"color: rgb(0, 172, 249);\">la delegaci\u00f3n de las Farc en La Habana reconoci\u00f3<\/span><\/a> que guerrilleros de su Columna M\u00f3vil Daniel Aldana <a href=\"http:\/\/lasillavacia.com\/historia\/el-asesinato-con-el-que-acusan-las-farc-de-romper-la-tregua-51019\"><span style=\"color: rgb(0, 172, 249);\">asesinaron hace tres semanas a Genaro Garc\u00eda<\/span><\/a>, un reconocido l\u00edder afro del Pac\u00edfico nari\u00f1ense. Que los jefes de las Farc admitieran y rechazaran lo que calificaron de \u201ctan condenable acto\u201d, una semana despu\u00e9s de que <a href=\"http:\/\/pagina10.com\/index.php\/regiones\/item\/9290-las-farc-ep-se-pronuncian-frente-a-la-muerte-del-senor-genaro-garcia#.VduEixN_Oko\"><span style=\"color: rgb(0, 172, 249);\">esa misma guerrilla hubiera negado su responsabilidad<\/span><\/a> y acusara a los paramilitares del asesinato, significa una buena y una mala noticia para el proceso de paz.<\/span><\/p>\n<p style=\"font-size: 15px; line-height: normal; color: rgb(50, 51, 51); min-height: 18px; text-align: justify;\"> \t&nbsp;<\/p>\n<p style=\"font-size: 14px; line-height: normal; color: rgb(35, 35, 35); text-align: justify;\"> \t<span style=\"font-size:14px;\"><b>Lo Bueno<\/b><\/span><\/p>\n<p style=\"font-size: 12px; line-height: normal; color: rgb(102, 102, 102); min-height: 14px; text-align: justify;\"> \t&nbsp;<\/p>\n<p style=\"font-size: 15px; line-height: normal; color: rgb(50, 51, 51); text-align: justify;\"> \t<span style=\"font-size:14px;\">La buena noticia es que las Farc se movieron r\u00e1pidamente para investigar y reaccionar frente a este asesinato lo que demuestra su creciente sensibilidad frente a la opini\u00f3n p\u00fablica.<\/span><\/p>\n<p style=\"font-size: 15px; line-height: normal; color: rgb(50, 51, 51); min-height: 18px; text-align: justify;\"> \t<img loading=\"lazy\" decoding=\"async\" class=\" size-full wp-image-1703\" alt=\"\" src=\"http:\/\/pueblosencamino.org\/wp\/wp-content\/uploads\/2015\/08\/farc-pablo-catatumbo.jpg\" style=\"width: 650px; height: 455px;\" width=\"500\" height=\"350\" srcset=\"https:\/\/pueblosencamino.org\/wp-content\/uploads\/2015\/08\/farc-pablo-catatumbo.jpg 500w, https:\/\/pueblosencamino.org\/wp-content\/uploads\/2015\/08\/farc-pablo-catatumbo-300x210.jpg 300w\" sizes=\"auto, (max-width: 500px) 100vw, 500px\" \/><\/p>\n<p style=\"font-size: 15px; line-height: normal; color: rgb(50, 51, 51); text-align: justify;\"> \t&nbsp;<\/p>\n<p style=\"font-size: 14px; line-height: normal; font-family: Georgia;\"> \t<span style=\"font-size:12px;\">Esta ma\u00f1ana Pablo Catatumbo ley\u00f3 desde La Habana un comunicado en el que las Farc admitieron que hombres suyos asesinaron a Genaro Garc\u00eda, despu\u00e9s de negarlo hace una semana<\/span><\/p>\n<p style=\"font-size: 15px; line-height: normal; color: rgb(50, 51, 51); text-align: justify;\"> \t&nbsp;<\/p>\n<p style=\"font-size: 15px; line-height: normal; color: rgb(50, 51, 51); text-align: justify;\"> \t<span style=\"font-size:14px;\">Y lo hicieron al m\u00e1s alto nivel y con un comunicado que no estaba, como era tradicionalmente su costumbre, justificando la acci\u00f3n sino rechaz\u00e1ndola con vehemencia.<\/span><\/p>\n<p style=\"font-size: 15px; line-height: normal; color: rgb(50, 51, 51); min-height: 18px; text-align: justify;\"> \t&nbsp;<\/p>\n<p style=\"font-size: 15px; line-height: normal; color: rgb(50, 51, 51); text-align: justify;\"> \t<span style=\"font-size:14px;\">Aunque su respuesta inicial fue negar los hechos y atribu\u00edrselos a los paramilitares (que es lo que hicieron durante d\u00e9cadas) esta ma\u00f1ana, el jefe guerrillero \u2018Pablo Catatumbo\u2019 ley\u00f3 desde la Habana <a href=\"http:\/\/www.pazfarc-ep.org\/index.php\/noticias-comunicados-documentos-farc-ep\/delegacion-de-paz-farc-ep\/2942-conclusion-de-la-investigacion-sobre-muerte-del-lider-afro-genaro-garcia\"><span style=\"color: rgb(0, 172, 249);\">un comunicado del Bloque de Occidente de las Farc<\/span><\/a> en el que acepta que despu\u00e9s de investigar los hechos, <a href=\"http:\/\/lasillavacia.com\/historia\/el-asesinato-con-el-que-acusan-las-farc-de-romper-la-tregua-51019\"><span style=\"color: rgb(0, 172, 249);\">las Farc asesinaron al l\u00edder afro el 3 de agosto<\/span><\/a> y que hechos como este \u201ccontradicen la pol\u00edtica de las Farc-EP sobre el comportamiento con la poblaci\u00f3n civil y el respeto a las comunidades \u00e9tnicas\u201d.<\/span><\/p>\n<p style=\"font-size: 15px; line-height: normal; color: rgb(50, 51, 51); min-height: 18px; text-align: justify;\"> \t&nbsp;<\/p>\n<p style=\"font-size: 15px; line-height: normal; color: rgb(50, 51, 51); min-height: 18px; text-align: justify;\"> \t<img loading=\"lazy\" decoding=\"async\" class=\" size-full wp-image-1702\" alt=\"\" src=\"http:\/\/pueblosencamino.org\/wp\/wp-content\/uploads\/2015\/08\/Genaro.jpg\" style=\"width: 650px; height: 433px;\" width=\"608\" height=\"405\" srcset=\"https:\/\/pueblosencamino.org\/wp-content\/uploads\/2015\/08\/Genaro.jpg 608w, https:\/\/pueblosencamino.org\/wp-content\/uploads\/2015\/08\/Genaro-300x200.jpg 300w\" sizes=\"auto, (max-width: 608px) 100vw, 608px\" \/><\/p>\n<p style=\"font-size: 14px; line-height: normal; font-family: Georgia;\"> \t<span style=\"font-size:12px;\">Genaro Garc\u00eda, l\u00edder del consejo comunitario del Alto Mira, fue asesinado hace tres semanas en Tumaco, un crimen que las organizaciones afro le atribuyeron directamente a las Farc.<\/span><\/p>\n<p style=\"font-size: 15px; line-height: normal; color: rgb(50, 51, 51); min-height: 18px; text-align: justify;\"> \t&nbsp;<\/p>\n<p style=\"font-size: 15px; line-height: normal; color: rgb(50, 51, 51); text-align: justify;\"> \t<span style=\"font-size:14px;\">Subrayan, adem\u00e1s, que hechos como este \u201cgolpean directamente los procesos de organizaci\u00f3n y de lucha popular con los que nos sentimos identificados, contradicen la pol\u00edtica de las FARC-EP sobre el comportamiento con la poblaci\u00f3n civil y el respeto a las comunidades \u00e9tnicas\u201d y prometieron sancionar a los responsables e incluso le enviaron sus condolencias a la familia de Garc\u00eda y al consejo comunitario del Alto Mira.<\/span><\/p>\n<p style=\"font-size: 15px; line-height: normal; color: rgb(50, 51, 51); min-height: 18px; text-align: justify;\"> \t&nbsp;<\/p>\n<p style=\"font-size: 15px; line-height: normal; color: rgb(50, 51, 51); text-align: justify;\"> \t<span style=\"font-size:14px;\">Que las Farc en menos de un mes haya investigado y aceptado que cometi\u00f3 un crimen es algo que solo se hab\u00eda visto con el secuestro hace un a\u00f1o del general Rub\u00e9n Dar\u00edo Alzate, en el Choc\u00f3, y con el <a href=\"http:\/\/www.elpais.com.co\/elpais\/judicial\/noticias\/atentado-con-explosivos-deja-varios-heridos-pradera-valle\"><span style=\"color: rgb(0, 172, 249);\">atentado con una moto-bomba que dej\u00f3 un muerto y 61 heridos<\/span><\/a> en enero de 2014 frente a la alcald\u00eda de Pradera (Valle), todos episodios sucedidos durante el proceso de paz.<\/span><\/p>\n<p style=\"font-size: 15px; line-height: normal; color: rgb(50, 51, 51); min-height: 18px; text-align: justify;\"> \t&nbsp;<\/p>\n<p style=\"font-size: 15px; line-height: normal; color: rgb(50, 51, 51); text-align: justify;\"> \t<span style=\"font-size:14px;\">Pero que esa guerrilla admitiera el asesinato de un l\u00edder afro es algo totalmente in\u00e9dito, coinciden tres l\u00edderes afro consultados por La Silla.<\/span><\/p>\n<p style=\"font-size: 15px; line-height: normal; color: rgb(50, 51, 51); min-height: 18px; text-align: justify;\"> \t&nbsp;<\/p>\n<p style=\"font-size: 15px; line-height: normal; color: rgb(50, 51, 51); text-align: justify;\"> \t<span style=\"font-size:14px;\">\u201cQue yo recuerde, las Farc reconocieron la masacre de Bojay\u00e1 -que se hab\u00eda convertido en un esc\u00e1ndalo grande- pero nunca el asesinato de un l\u00edder individual. Es un alivio que lo hicieran y valoramos que eso demuestra su compromiso con el proceso de paz, pero reiteramos que casos como el de Genaro no se pueden repetir\u201d, le dijo a La Silla Jos\u00e9 Santos Caicedo, uno de los l\u00edderes del Proceso de Comunidades Negras (PCN), una de las organizaciones m\u00e1s representativas de los afro en el pa\u00eds.<\/span><\/p>\n<p style=\"font-size: 15px; line-height: normal; color: rgb(50, 51, 51); min-height: 18px; text-align: justify;\"> \t&nbsp;<\/p>\n<p style=\"font-size: 15px; line-height: normal; color: rgb(50, 51, 51); text-align: justify;\"> \t<span style=\"font-size:14px;\">\u201cS\u00ed marca un giro en la actitud de las Farc frente a las denuncias por violaciones de derechos humanos de comunidades negras del Pac\u00edfico. Hasta ahora siempre hab\u00edan negado su responsabilidad y eso dejaba a los l\u00edderes en una gran incertidumbre\u201d, dice C\u00e9sar Rodr\u00edguez Garavito, el cofundador de DeJusticia que trabaj\u00f3 con Genaro y su comunidad en Tumaco, as\u00ed como con otros consejos comunitarios afro.<\/span><\/p>\n<p style=\"font-size: 15px; line-height: normal; color: rgb(50, 51, 51); min-height: 18px; text-align: justify;\"> \t&nbsp;<\/p>\n<p style=\"font-size: 15px; line-height: normal; color: rgb(50, 51, 51); text-align: justify;\"> \t<span style=\"font-size:14px;\">Que, adem\u00e1s, las Farc hicieran expl\u00edcito que se \u201csienten identificados\u201d con procesos organizativos como los del Alto Mira es muy significativo y podr\u00eda convertirse en un tatequieto para los frentes guerrilleros que operan en esta zona porque entre las organizaciones afro les atribuyen a las Farc la autor\u00eda de varios asesinatos de l\u00edderes.<\/span><\/p>\n<p style=\"font-size: 15px; line-height: normal; color: rgb(50, 51, 51); text-align: justify;\"> \t<span style=\"font-size:14px;\">Solo en el Alto Mira, los responsabilizan de tres m\u00e1s.<\/span><\/p>\n<p style=\"font-size: 15px; line-height: normal; color: rgb(50, 51, 51); min-height: 18px; text-align: justify;\"> \t&nbsp;<\/p>\n<p style=\"font-size: 15px; line-height: normal; color: rgb(50, 51, 51); text-align: justify;\"> \t<span style=\"font-size:14px;\">La hermana de Genaro, Yerly Maricel Garc\u00eda, <a href=\"http:\/\/lasillavacia.com\/historia\/el-asesinato-con-el-que-acusan-las-farc-de-romper-la-tregua-51019\"><span style=\"color: rgb(0, 172, 249);\">fue asesinada en agosto de 2012<\/span><\/a> en el casco urbano de Tumaco por sicarios que \u2013seg\u00fan le dijeron a La Silla dos l\u00edderes- se presentaron como integrantes de las Farc y dijeron que estaban busc\u00e1ndolo a \u00e9l.<\/span><\/p>\n<p style=\"font-size: 15px; line-height: normal; color: rgb(50, 51, 51); text-align: justify;\"> \t<span style=\"font-size:14px;\">Tambi\u00e9n les se\u00f1alan de <a href=\"http:\/\/lasillavacia.com\/historia\/el-asesinato-con-el-que-acusan-las-farc-de-romper-la-tregua-51019\"><span style=\"color: rgb(0, 172, 249);\">los asesinatos en 2008<\/span><\/a> de Pablo Guti\u00e9rrez, presidente de la junta de la vereda El Pital, y de Armenio Cort\u00e9s, que era el fiscal del consejo comunitario.<\/span><\/p>\n<p style=\"font-size: 15px; line-height: normal; color: rgb(50, 51, 51); min-height: 18px; text-align: justify;\"> \t&nbsp;<\/p>\n<p style=\"font-size: 15px; line-height: normal; color: rgb(50, 51, 51); text-align: justify;\"> \t<span style=\"font-size:14px;\">Y de varios casos m\u00e1s en el Pac\u00edfico, como el de Ana Julia Renter\u00eda \u2013representante legal del consejo comunitario del R\u00edo Cajambre en Buenaventura- y su esposo que fueron desaparecidos en marzo de 2011. O el de Felipe Land\u00e1zuri, secretario del consejo comunitario del Bajo Mira, a quien <a href=\"http:\/\/www.notimerica.com\/sociedad\/noticia-colombia-hombres-armados-asesinan-trabajador-caritas-colombia-felipe-landazuri-mientras-desarrollaba-labor-20080702172408.html\"><span style=\"color: rgb(0, 172, 249);\">se llevaron hombres encapuchados en julio del 2008<\/span><\/a> antes de que su cuerpo apareciera horas despu\u00e9s con tres tiros. O el de Genaro Caicedo, l\u00edder del consejo de Yurumangu\u00ed en Buenaventura y padre del diputado vallecaucano Rolando Caicedo, asesinado en 1999 por hombres que se presentaron como milicianos de las Farc.<\/span><\/p>\n<p style=\"font-size: 15px; line-height: normal; color: rgb(50, 51, 51); min-height: 18px; text-align: justify;\"> \t&nbsp;<\/p>\n<p style=\"font-size: 15px; line-height: normal; color: rgb(50, 51, 51); text-align: justify;\"> \t<span style=\"font-size:14px;\">Desde antes del asesinato de Genaro Garc\u00eda, las organizaciones afro vienen denunciando que \u2013a\u00fan con proceso de paz- se han incrementado las amenazas y los hostigamientos de las Farc contra los consejos comunitarios en el Pac\u00edfico.<\/span><\/p>\n<p style=\"font-size: 15px; line-height: normal; color: rgb(50, 51, 51); min-height: 18px; text-align: justify;\"> \t&nbsp;<\/p>\n<p style=\"font-size: 15px; line-height: normal; color: rgb(50, 51, 51); text-align: justify;\"> \t<span style=\"font-size:14px;\">Seg\u00fan tres personas del movimiento afro, se han vuelto comunes los mensajes intimidatorios, los robos de sus lanchas o los motores para incomunicarlos o el reclutamiento forzoso de sus hijos, como parte de una estrategia para debilitar el tejido social en los consejos comunitarios en la frontera con Ecuador, la costa de Nari\u00f1o, los r\u00edos de Buenaventura y el norte del Cauca, todas regiones cuyo control territorial es crucial para el cultivo de coca y la salida de droga.<\/span><\/p>\n<p style=\"font-size: 15px; line-height: normal; color: rgb(50, 51, 51); min-height: 18px; text-align: justify;\"> \t&nbsp;<\/p>\n<p style=\"font-size: 15px; line-height: normal; color: rgb(50, 51, 51); text-align: justify;\"> \t<span style=\"font-size:14px;\">Como dice un l\u00edder afro de la regi\u00f3n, \u201cmucho de lo que est\u00e1 pasando en el Pac\u00edfico est\u00e1 ligado a ellos\u201d.<\/span><\/p>\n<p style=\"font-size: 15px; line-height: normal; color: rgb(50, 51, 51); min-height: 18px; text-align: justify;\"> \t&nbsp;<\/p>\n<p style=\"font-size: 15px; line-height: normal; color: rgb(50, 51, 51); text-align: justify;\"> \t<span style=\"font-size:14px;\">La Silla supo de al menos cinco l\u00edderes que han sido amenazados este a\u00f1o: Rosa Monta\u00f1o (la representante legal del consejo comunitario de Alto Guapi), Abraham Sinisterra (presidente del consejo de R\u00edo San Francisco, tambi\u00e9n en Guapi), Jairo Contreras (l\u00edder del consejo Nueva Esperanza del Hoyo \u2013 Pat\u00eda, en Cauca, que<a href=\"http:\/\/lasillavacia.com\/historia\/el-asesinato-con-el-que-acusan-las-farc-de-romper-la-tregua-51019\"><span style=\"color: rgb(0, 172, 249);\"> \u2013como cont\u00f3 La Silla- fue amenazado el mismo d\u00eda<\/span><\/a> del asesinato de Genaro), Jos\u00e9 Palomino (l\u00edder del consejo de San Bernardo, en Timbiqu\u00ed) y Sara Liliana Qui\u00f1\u00f3nez (la presidenta de la junta del consejo de Alto Mira que lideraba Genaro).<\/span><\/p>\n<p style=\"font-size: 15px; line-height: normal; color: rgb(50, 51, 51); min-height: 18px; text-align: justify;\"> \t&nbsp;<\/p>\n<p style=\"font-size: 15px; line-height: normal; color: rgb(50, 51, 51); text-align: justify;\"> \t<span style=\"font-size:14px;\">Por \u00faltimo, que los negociadores en La Habana hubieran asumido como propia la labor de investigar el asesinato y leer la declaraci\u00f3n rechazando el crimen es otra se\u00f1al de su compromiso con el proceso de paz.<\/span><\/p>\n<p style=\"font-size: 15px; line-height: normal; color: rgb(50, 51, 51); min-height: 18px; text-align: justify;\"> \t&nbsp;<\/p>\n<p style=\"font-size: 14px; line-height: normal; text-align: justify;\"> \t<strong><span style=\"font-size:14px;\">Lo Malo<\/span><\/strong><\/p>\n<p style=\"font-size: 12px; line-height: normal; color: rgb(102, 102, 102); min-height: 14px; text-align: justify;\"> \t&nbsp;<\/p>\n<p style=\"font-size: 12px; line-height: normal; color: rgb(102, 102, 102); min-height: 14px; text-align: justify;\"> \t<img loading=\"lazy\" decoding=\"async\" class=\" size-full wp-image-1704\" alt=\"\" src=\"http:\/\/pueblosencamino.org\/wp\/wp-content\/uploads\/2015\/08\/Habana.jpg\" style=\"width: 650px; height: 432px;\" width=\"710\" height=\"472\" srcset=\"https:\/\/pueblosencamino.org\/wp-content\/uploads\/2015\/08\/Habana.jpg 710w, https:\/\/pueblosencamino.org\/wp-content\/uploads\/2015\/08\/Habana-300x199.jpg 300w\" sizes=\"auto, (max-width: 710px) 100vw, 710px\" \/><\/p>\n<p style=\"font-size: 14px; line-height: normal; font-family: Georgia;\"> \t<span style=\"font-size:12px;\">El asesinato de Garc\u00eda -ocurrido menos de un mes despu\u00e9s de que las Farc decretaran otro cese unilateral- ha generado muchos temores entre las comunidades afro, que han pedido un espacio en la mesa de La Habana como la subcomisi\u00f3n de g\u00e9nero. Foto: Associated Press.<\/span><\/p>\n<p style=\"font-size: 12px; line-height: normal; color: rgb(102, 102, 102); min-height: 14px; text-align: justify;\"> \t&nbsp;<\/p>\n<p style=\"font-size: 15px; line-height: normal; color: rgb(50, 51, 51); text-align: justify;\"> \t<span style=\"font-size:14px;\">La mala noticia es que, ya quedando aclarado que s\u00ed era cierto lo que <a href=\"http:\/\/lasillavacia.com\/historia\/el-asesinato-con-el-que-acusan-las-farc-de-romper-la-tregua-51019\"><span style=\"color: rgb(0, 172, 249);\">algunos medios denunciamos desde tres d\u00edas despu\u00e9s del asesinato<\/span><\/a>, queda en evidencia que las Farc no s\u00f3lo violaron su cese unilateral sino que las hostilidades contra la sociedad civil se han mantenido en algunas regiones a pesar de la suspensi\u00f3n de los combates.<\/span><\/p>\n<p style=\"font-size: 15px; line-height: normal; color: rgb(50, 51, 51); min-height: 18px; text-align: justify;\"> \t&nbsp;<\/p>\n<p style=\"font-size: 15px; line-height: normal; color: rgb(50, 51, 51); min-height: 18px; text-align: justify;\"> \t<img loading=\"lazy\" decoding=\"async\" class=\" size-full wp-image-1705\" alt=\"\" src=\"http:\/\/pueblosencamino.org\/wp\/wp-content\/uploads\/2015\/08\/Mira.jpg\" style=\"width: 650px; height: 433px;\" width=\"810\" height=\"540\" srcset=\"https:\/\/pueblosencamino.org\/wp-content\/uploads\/2015\/08\/Mira.jpg 810w, https:\/\/pueblosencamino.org\/wp-content\/uploads\/2015\/08\/Mira-300x200.jpg 300w\" sizes=\"auto, (max-width: 810px) 100vw, 810px\" \/><\/p>\n<p style=\"font-size: 14px; line-height: normal; font-family: Georgia;\"> \t<span style=\"font-size:12px;\">A Genaro Garc\u00eda lo citaron guerrilleros de las Farc en un paraje rural de Tumaco, cerca del consejo comunitario de Las Varas y en una zona que es estrat\u00e9gica para el negocio de la coca de las Farc. Sus acompa\u00f1antes regresaron horas m\u00e1s tardes con su cuerpo.<\/span><\/p>\n<p style=\"font-size: 15px; line-height: normal; color: rgb(50, 51, 51); min-height: 18px; text-align: justify;\"> \t&nbsp;<\/p>\n<p style=\"font-size: 15px; line-height: normal; color: rgb(50, 51, 51); text-align: justify;\"> \t<span style=\"font-size:14px;\">Y quiz\u00e1s m\u00e1s grave a\u00fan, el comunicado de las Farc deja entrever que los jefes guerrilleros que est\u00e1n negociando en La Habana -que son casi todo el Secretariado- no tienen control de la Columna M\u00f3vil Daniel Aldana, que opera en una de las zonas m\u00e1s estrat\u00e9gicas en t\u00e9rminos econ\u00f3micos para las Farc (por ser -al mismo tiempo- puerto de embarque, frontera y centro del tr\u00e1fico de insumos qu\u00edmicos para la producci\u00f3n de coca\u00edna) y a la que se ha se\u00f1alado de tener v\u00ednculos directos con el Cartel de Sinaloa.<\/span><\/p>\n<p style=\"font-size: 15px; line-height: normal; color: rgb(50, 51, 51); min-height: 18px; text-align: justify;\"> \t&nbsp;<\/p>\n<p style=\"font-size: 15px; line-height: normal; color: rgb(50, 51, 51); text-align: justify;\"> \t<span style=\"font-size:14px;\">\u201cEso demuestra la baja capacidad de control que tienen las Farc sobre las columnas m\u00f3viles, que para un eventual escenario de cierre del conflicto deben tener prioridad y un modelo especial de desmovilizaci\u00f3n y desarme porque son las estructuras donde estar\u00e1n los mayores retos de reintegraci\u00f3n de combatientes\u201d , dice Jorge Restrepo, el director del Centro de Recursos para el An\u00e1lisis de Conflictos (Cerac) que ha monitoreado las acciones ofensivas de las Farc y que <a href=\"http:\/\/productos.cerac.org.co\/wp-content\/uploads\/2015\/05\/Semanario16_-LasColumnasM%C3%B3vilesDeLasFARC_LaAmenazaTerroristaDelConflicto.pdf\"><span style=\"color: rgb(0, 172, 249);\">viene advirtiendo de los riesgos de las columnas desde hace a\u00f1o y medio<\/span><\/a>. \u201cSon ellos donde hay mayor riesgo de una transici\u00f3n al terrorismo, como ha sucedido con los \u00dasuga [de los paramilitares] o el grupo de Megateo [que no se desmoviliz\u00f3 con el EPL]\u201d<\/span><\/p>\n<p style=\"font-size: 15px; line-height: normal; color: rgb(50, 51, 51); min-height: 18px; text-align: justify;\"> \t&nbsp;<\/p>\n<p style=\"font-size: 15px; line-height: normal; color: rgb(50, 51, 51); text-align: justify;\"> \t<span style=\"font-size:14px;\">El riesgo est\u00e1 en que <a href=\"http:\/\/productos.cerac.org.co\/wp-content\/uploads\/2015\/05\/Semanario16_-LasColumnasM%C3%B3vilesDeLasFARC_LaAmenazaTerroristaDelConflicto.pdf\"><span style=\"color: rgb(0, 172, 249);\">las columnas m\u00f3viles -que integran unos 100 a 200 hombres-<\/span><\/a> tienen autonom\u00eda operativa, fondos propios y -a diferencia de los frentes- tienen estructuras menos jer\u00e1rquicas y piramidales como el resto de las Farc.<\/span><\/p>\n<p style=\"font-size: 15px; line-height: normal; color: rgb(50, 51, 51); min-height: 18px; text-align: justify;\"> \t&nbsp;<\/p>\n<p style=\"font-size: 15px; line-height: normal; color: rgb(50, 51, 51); text-align: justify;\"> \t<span style=\"font-size:14px;\">De hecho, las columnas \u2013que controlan muchas \u00e1reas cocaleras y mineras- han sido las responsables de varios de los ataques que m\u00e1s le han costado a esa guerrilla en la opini\u00f3n p\u00fablica durante el proceso.<\/span><\/p>\n<p style=\"font-size: 15px; line-height: normal; color: rgb(50, 51, 51); min-height: 18px; text-align: justify;\"> \t&nbsp;<\/p>\n<p style=\"font-size: 15px; line-height: normal; color: rgb(50, 51, 51); text-align: justify;\"> \t<span style=\"font-size:14px;\">El atentado que dej\u00f3 11 militares muertos en Buenos Aires (Cauca) en mayo \u2013en pleno cese al fuego- lo realiz\u00f3 un comando de la Columna Miller Perdomo conocido como los \u2018Pisa suave\u2019, causando una crisis en el proceso.<\/span><\/p>\n<p style=\"font-size: 15px; line-height: normal; color: rgb(50, 51, 51); min-height: 18px; text-align: justify;\"> \t&nbsp;<\/p>\n<p style=\"font-size: 15px; line-height: normal; color: rgb(50, 51, 51); text-align: justify;\"> \t<span style=\"font-size:14px;\">La moto bomba que explot\u00f3 en Pradera la puso la Columna Gabriel Galvis, que opera en esa misma regi\u00f3n. Y yendo m\u00e1s lejos, <a href=\"http:\/\/www.elpais.com.co\/elpais\/judicial\/noticias\/ejercito-revela-nueva-estructura-columna-movil-teofilo-forero\"><span style=\"color: rgb(0, 172, 249);\">la Columna Te\u00f3filo Forero<\/span><\/a> fue la que puso la bomba al Club El Nogal en Bogot\u00e1, fue la responsable del asesinato de la familia Turbay Cote y fue la responsable del secuestro masivo en el Edificio Miraflores de Neiva.<\/span><\/p>\n<p style=\"font-size: 15px; line-height: normal; color: rgb(50, 51, 51); text-align: justify;\"> \t<span style=\"font-size:14px;\">Este asesinato de Genaro tambi\u00e9n pone de relieve un desaf\u00edo grande que enfrenta el pa\u00eds con miras al posconflicto y es la relaci\u00f3n de las Farc y de las comunidades campesinas en sus zonas de influencia y donde se priorizar\u00e1 la ejecuci\u00f3n de los acuerdos de paz con las comunidades afro e ind\u00edgenas que ocupan muchas veces el mismo espacio.<\/span><\/p>\n<p style=\"font-size: 15px; line-height: normal; color: rgb(50, 51, 51); min-height: 18px; text-align: justify;\"> \t&nbsp;<\/p>\n<p style=\"font-size: 15px; line-height: normal; color: rgb(50, 51, 51); text-align: justify;\"> \t<span style=\"font-size:14px;\">\u201cHay que aprovechar ese reconocimiento [de las Farc del asesinato de Garc\u00eda] para elevar el nivel de debate sobre los grupos \u00e9tnicos y el posconflicto. Que las Farc digan cu\u00e1l es su aspiraci\u00f3n de relaci\u00f3n con la gente negra e ind\u00edgena en sus territorios\u201d, dice Daniel Garc\u00e9s de PCN, que -junto con otras organizaciones afro como Amunafro y Conpa- ha pedido que se abra un espacio en la mesa de La Habana para que los ind\u00edgenas y los afro hablen con las Farc y el Gobierno sobre ese aterrizaje.<\/span><\/p>\n<p style=\"font-size: 15px; line-height: normal; color: rgb(50, 51, 51); min-height: 18px; text-align: justify;\"> \t&nbsp;<\/p>\n<p style=\"font-size: 15px; line-height: normal; color: rgb(50, 51, 51); text-align: justify;\"> \t<span style=\"font-size:14px;\">Haber reconocido la responsabilidad de sus hombres en el asesinato de Genaro Garc\u00eda puede ser un primer paso en esa direcci\u00f3n.<\/span><\/p>\n<p style=\"font-size: 15px; line-height: normal; color: rgb(50, 51, 51); min-height: 18px;\"> \t&nbsp;<\/p>\n<p style=\"font-size: 15px; line-height: normal; color: rgb(50, 51, 51);\"> \tPor: Andr\u00e9s Berm\u00fadez Li\u00e9vano,&nbsp;<\/p>\n<p style=\"font-size: 15px; line-height: normal; color: rgb(50, 51, 51);\"> \tLun, 2015-08-24 16:39<\/p>\n<p style=\"font-size: 15px; line-height: normal; color: rgb(50, 51, 51);\"> \tLa Silla Vac\u00eda<\/p>\n<p style=\"font-size: 15px; line-height: normal; color: rgb(50, 51, 51);\"> \thttp:\/\/lasillavacia.com\/node\/51239<\/p>\n","protected":false},"excerpt":{"rendered":"<p>El reconocimiento del asesinato de Genaro Garc\u00eda es un hecho positivo que no devuelve la vida a Genaro y a<\/p>\n","protected":false},"author":3,"featured_media":1702,"comment_status":"open","ping_status":"closed","sticky":false,"template":"","format":"standard","meta":{"colormag_page_container_layout":"default_layout","colormag_page_sidebar_layout":"default_layout","ngg_post_thumbnail":0,"footnotes":""},"categories":[4],"tags":[],"class_list":["post-1706","post","type-post","status-publish","format-standard","has-post-thumbnail","hentry","category-c46-ajuste-estructural"],"_links":{"self":[{"href":"https:\/\/pueblosencamino.org\/index.php?rest_route=\/wp\/v2\/posts\/1706","targetHints":{"allow":["GET"]}}],"collection":[{"href":"https:\/\/pueblosencamino.org\/index.php?rest_route=\/wp\/v2\/posts"}],"about":[{"href":"https:\/\/pueblosencamino.org\/index.php?rest_route=\/wp\/v2\/types\/post"}],"author":[{"embeddable":true,"href":"https:\/\/pueblosencamino.org\/index.php?rest_route=\/wp\/v2\/users\/3"}],"replies":[{"embeddable":true,"href":"https:\/\/pueblosencamino.org\/index.php?rest_route=%2Fwp%2Fv2%2Fcomments&post=1706"}],"version-history":[{"count":0,"href":"https:\/\/pueblosencamino.org\/index.php?rest_route=\/wp\/v2\/posts\/1706\/revisions"}],"wp:featuredmedia":[{"embeddable":true,"href":"https:\/\/pueblosencamino.org\/index.php?rest_route=\/wp\/v2\/media\/1702"}],"wp:attachment":[{"href":"https:\/\/pueblosencamino.org\/index.php?rest_route=%2Fwp%2Fv2%2Fmedia&parent=1706"}],"wp:term":[{"taxonomy":"category","embeddable":true,"href":"https:\/\/pueblosencamino.org\/index.php?rest_route=%2Fwp%2Fv2%2Fcategories&post=1706"},{"taxonomy":"post_tag","embeddable":true,"href":"https:\/\/pueblosencamino.org\/index.php?rest_route=%2Fwp%2Fv2%2Ftags&post=1706"}],"curies":[{"name":"wp","href":"https:\/\/api.w.org\/{rel}","templated":true}]}}