{"id":1503,"date":"2015-04-23T02:15:15","date_gmt":"2015-04-23T02:15:15","guid":{"rendered":"http:\/\/pueblosencamino.org\/wp\/?p=1503"},"modified":"2015-04-23T02:15:15","modified_gmt":"2015-04-23T02:15:15","slug":"bolivia-abre-la-posibilidad-del-uso-de-semillas-transgenicas-en-el-dia-de-la-tierra","status":"publish","type":"post","link":"https:\/\/pueblosencamino.org\/?p=1503","title":{"rendered":"Bolivia abre la posibilidad del uso de semillas transg\u00e9nicas, en el d\u00eda de la tierra"},"content":{"rendered":"<p style=\"margin-bottom: 1.2em; color: rgb(119, 119, 119); font-family: Arial, Helvetica, sans-serif; line-height: 19.200000762939453px; text-align: justify;\"> \t<strong style=\"color: rgb(0, 0, 0); font-size: 14px;\">\u00bfC\u00f3mo As\u00ed que en el d\u00eda de la Madre Tierra, el gobierno de Evo Morales pretende envenenarla con transg\u00e9nicos?<\/strong><\/p>\n<p style=\"margin-bottom: 1.2em; color: rgb(119, 119, 119); font-family: Arial, Helvetica, sans-serif; line-height: 19.200000762939453px; text-align: justify;\"> \t<span style=\"color: rgb(0, 0, 0); font-size: 14px; line-height: 17.920000076293945px;\">Compartimos <a href=\"https:\/\/soundcloud.com\/chaski-clandestinx\/la-paz-conferencia-no-a-los-transgenicosmp3\">la palabra y la voz de indignaci\u00f3n desde las diversas organizaciones que se pronunciaron &nbsp;hoy mi\u00e9rcoles 22 de abril en Bolivia, en la conferencia de prensa realizada contra los transg\u00e9nicos y el agronegocio<\/a>, y damos a conocer el texto <a href=\"http:\/\/www.territoriosenresistencia.org\/noticias\/bolivia-abre-la-posibilidad-del-uso-de-semillas-transgenicas-en-el-dia-de-la-tierra\">\u00ab<\/a><\/span><span style=\"color: rgb(0, 0, 0); font-size: 14px;\"><span style=\"line-height: 17.920000076293945px;\"><a href=\"http:\/\/www.territoriosenresistencia.org\/noticias\/bolivia-abre-la-posibilidad-del-uso-de-semillas-transgenicas-en-el-dia-de-la-tierra\">Bolivia abre la posibilidad del uso de semillas transg\u00e9nicas\u00bb<\/a>, que tambi\u00e9n hace referencia a este encuentro en defensa de la Madre Tierra, de las semillas y la vida toda.&nbsp;<\/span><\/span><\/p>\n<p style=\"margin-bottom: 1.2em; color: rgb(119, 119, 119); font-family: Arial, Helvetica, sans-serif; line-height: 19.200000762939453px; text-align: justify;\"> \t<em style=\"color: rgb(0, 0, 0); font-size: 14px;\">\u00ab\u2026 No puede ser que hayamos sacado a la McDonald\u00b4s &nbsp;y que ahora se est\u00e9 instalando en Santa Cruz, \u00bfcon la autorizaci\u00f3n de qui\u00e9n?, \u00bfpara vender qu\u00e9?. Adem\u00e1s los productos de origen transg\u00e9nicos son los m\u00e1s caros. Tambi\u00e9n queremos llamar la atenci\u00f3n a los gobernantes que no puede ser que se est\u00e9 definiendo la producci\u00f3n transg\u00e9nica para los pobres y la producci\u00f3n org\u00e1nica para los ricos. No pueden dividirnos compa\u00f1eras y compa\u00f1eros. Esta es la posici\u00f3n del Colectivo de Consumidores\u2026<\/em><span style=\"color: rgb(0, 0, 0); font-size: 14px;\"> \u00bb <strong><span style=\"font-size:16px;\"><a href=\"https:\/\/soundcloud.com\/chaski-clandestinx\/la-paz-conferencia-no-a-los-transgenicosmp3\">Escuchar todos los audios<\/a><\/span><\/strong><\/span><\/p>\n<p style=\"margin-bottom: 1.2em; color: rgb(119, 119, 119); font-family: Arial, Helvetica, sans-serif; line-height: 19.200000762939453px; text-align: justify;\"> \t<span style=\"color: rgb(0, 0, 0); font-size: 14px;\">A horas 8:30 de la ma\u00f1ana del d\u00eda de hoy se llev\u00f3 a cabo una conferencia de prensa, en inmediaciones de la Casa de los Deseos, sede del colectivo feminista Mujeres Creando. El objetivo de la conferencia fue el pronunciamiento de distintas organizaciones de la sociedad en contra de la posible permisi\u00f3n del uso de transg\u00e9nicos en la producci\u00f3n agr\u00edcola nacional, que se discute a la hora actual en la Cumbre \u201cSembrando Bolivia\u201d, en Santa Cruz&#8230;&nbsp;<\/span><\/p>\n<p>  <!--more-->  <\/p>\n<p style=\"margin-bottom: 1.2em; color: rgb(119, 119, 119); font-family: Arial, Helvetica, sans-serif; line-height: 19.200000762939453px;\"> \t<span style=\"font-size:14px;\"><a href=\"http:\/\/www.territoriosenresistencia.org\/wp-content\/uploads\/2015\/04\/11183035_868301079875944_1350385960_o.jpg\" style=\"outline: none; color: rgb(24, 98, 17);\"><span style=\"color:#000000;\"><img loading=\"lazy\" decoding=\"async\" alt=\"11183035_868301079875944_1350385960_o\" class=\"wp-image-3468 alignright\" height=\"218\" src=\"http:\/\/www.territoriosenresistencia.org\/wp-content\/uploads\/2015\/04\/11183035_868301079875944_1350385960_o.jpg\" style=\"margin-bottom: 15px; margin-left: 30px; padding: 4px; border: 1px solid rgb(204, 204, 204); max-width: 100%; height: auto; box-sizing: border-box; float: right; box-shadow: rgba(0, 0, 0, 0.14902) 0px 1px 1px; border-top-left-radius: 4px; border-top-right-radius: 4px; border-bottom-right-radius: 4px; border-bottom-left-radius: 4px;\" width=\"389\" \/><\/span><\/a><\/span><\/p>\n<p style=\"margin-bottom: 1.2em; color: rgb(119, 119, 119); font-family: Arial, Helvetica, sans-serif; line-height: 19.200000762939453px; text-align: justify;\"> \t<span style=\"color:#000000;\"><span style=\"font-size:14px;\">En la conferencia estuvieron presentes Patricia Molina en representaci\u00f3n de&nbsp;<em>Alianza para el Consumo Solidario y Responsable<\/em>&nbsp;y FOBOMADE; Cancio Rojas Arquiri Apu Mallku del CONAMAQ org\u00e1nico; Gualberto Cusi Magistrado del Tribunal Constitucional Plurinacional; Rita Saavedra del Colectivo de Consumidoras; y Paola Mamani en representaci\u00f3n de UMSA-BRUNA Bolivia.<\/span><\/span><\/p>\n<p style=\"margin-bottom: 1.2em; color: rgb(119, 119, 119); font-family: Arial, Helvetica, sans-serif; line-height: 19.200000762939453px; text-align: justify;\"> \t<span style=\"color:#000000;\"><span style=\"font-size:14px;\">Lxs invitadxs se pronunciaron en contra del hecho que decisiones importantes, como el uso de transg\u00e9nicos en Bolivia, as\u00ed como la expansi\u00f3n de la frontera agr\u00edcola, sean discutidas y tomadas en una Cumbre cerrada, en la que la \u00fanica representaci\u00f3n la tienen los empresarios del agronegocio del Oriente, y algunas organizaciones campesinas e ind\u00edgenas, que adem\u00e1s se hallan bajo la tutela del gobierno. Al respecto Cancio Rojas y Gualberto Cusi coincidieron en que el hecho de discutir sobre la posibilidad o no del uso de transg\u00e9nicos en la producci\u00f3n es, no s\u00f3lo una cuesti\u00f3n inconstitucional e ilegal, sino tambi\u00e9n un atentado directo contra la Madre Tierra.<\/span><\/span><\/p>\n<p style=\"margin-bottom: 1.2em; color: rgb(119, 119, 119); font-family: Arial, Helvetica, sans-serif; line-height: 19.200000762939453px; text-align: justify;\"> \t<span style=\"color:#000000;\"><span style=\"font-size:14px;\">Adem\u00e1s, del aspecto inconstitucional e ilegal, resaltado por todos lxs ponentes, se enfatiz\u00f3 en que no se trata de una cuesti\u00f3n que deber\u00eda ser discutida s\u00f3lo entre productores (empresarios y campesinos), sino que compete a toda la poblaci\u00f3n, que es la que consume alimentos. En ese marco, Mar\u00eda Galindo, del Colectivo Mujeres Creando, enfatiz\u00f3 que la lucha contra los transg\u00e9nicos no es s\u00f3lo una cuesti\u00f3n agraria, ni mucho que deba ser comprendida como una lucha esencialmente campesina e ind\u00edgena, sino que se relaciona directamente con las luchas feministas, y de colectivos ambientalistas urbanos.<\/span><\/span><\/p>\n<p style=\"margin-bottom: 1.2em; color: rgb(119, 119, 119); font-family: Arial, Helvetica, sans-serif; line-height: 19.200000762939453px; text-align: justify;\"> \t<span style=\"color:#000000;\"><span style=\"font-size:14px;\">En ese marco, todxs lxs ponentes acordaron que deber\u00eda plantearse una consulta a toda la poblaci\u00f3n al respecto de este tema tan agudo y urgente. Se plante\u00f3 la realizaci\u00f3n de un refer\u00e9ndum sobre la tem\u00e1tica del uso de transg\u00e9nicos en la producci\u00f3n agr\u00edcola, y el rechazo a que, en caso de que se viabilizara el uso de semillas gen\u00e9ticamente modificadas, los \u00fanicos beneficiados ser\u00edan los mega-empresarios del agronegocio en el Oriente del pa\u00eds.<\/span><\/span><\/p>\n<p style=\"margin-bottom: 1.2em; color: rgb(119, 119, 119); font-family: Arial, Helvetica, sans-serif; line-height: 19.200000762939453px;\"> \t<span style=\"color:#000000;\"><span style=\"font-size:14px;\">La cuesti\u00f3n principal, seg\u00fan Rita Saavedra es la lucha entre la producci\u00f3n de alimentos sanos para la poblaci\u00f3n, y la producci\u00f3n de productos gen\u00e9ticamente modificados cuya principal finalidad ser\u00eda la posterior producci\u00f3n de biocombustibles, debido a la baja de los precios de la soya en el mercado internacional. Y, esta es una batalla que no s\u00f3lo se est\u00e1 librando en Bolivia, sino en todo el mundo.<\/span><\/span><span style=\"font-size:14px;\"><a href=\"http:\/\/www.territoriosenresistencia.org\/wp-content\/uploads\/2015\/04\/11180378_868300613209324_1356531661_o.jpg\" style=\"outline: none; color: rgb(24, 98, 17);\"><span style=\"color:#000000;\"><img loading=\"lazy\" decoding=\"async\" alt=\"11180378_868300613209324_1356531661_o\" class=\"wp-image-3467 alignright\" height=\"222\" src=\"http:\/\/www.territoriosenresistencia.org\/wp-content\/uploads\/2015\/04\/11180378_868300613209324_1356531661_o.jpg\" style=\"margin-bottom: 15px; margin-left: 30px; padding: 4px; border: 1px solid rgb(204, 204, 204); max-width: 100%; height: auto; box-sizing: border-box; float: right; box-shadow: rgba(0, 0, 0, 0.14902) 0px 1px 1px; border-top-left-radius: 4px; border-top-right-radius: 4px; border-bottom-right-radius: 4px; border-bottom-left-radius: 4px;\" width=\"395\" \/><\/span><\/a><\/span><\/p>\n<p style=\"margin-bottom: 1.2em; color: rgb(119, 119, 119); font-family: Arial, Helvetica, sans-serif; line-height: 19.200000762939453px; text-align: justify;\"> \t<span style=\"color:#000000;\"><span style=\"font-size:14px;\"><strong>Hechos sobre los transg\u00e9nicos<\/strong><\/span><\/span><\/p>\n<p style=\"margin-bottom: 1.2em; color: rgb(119, 119, 119); font-family: Arial, Helvetica, sans-serif; line-height: 19.200000762939453px; text-align: justify;\"> \t<span style=\"color:#000000;\"><span style=\"font-size:14px;\">Si bien, para gran parte de la opini\u00f3n p\u00fablica, las discusiones que se llevan a cabo en Santa Cruz, en la Cumbre \u201cSembrando Bolivia\u201d, tiene que ver, entre otras cosas, con la permisi\u00f3n o no del uso de semillas transg\u00e9nicas en la producci\u00f3n agr\u00edcola, lo cierto es que el uso de las mismas es una realidad en el sector agr\u00edcola.<\/span><\/span><\/p>\n<p style=\"margin-bottom: 1.2em; color: rgb(119, 119, 119); font-family: Arial, Helvetica, sans-serif; line-height: 19.200000762939453px; text-align: justify;\"> \t<span style=\"color:#000000;\"><span style=\"font-size:14px;\">La mayor parte de la Soya producida en el oriente boliviano es a partir de semillas transg\u00e9nicas, que conlleva al uso de agrot\u00f3xicos que afectan tanto a la biodiversidad, como a la propia poblaci\u00f3n. En ese marco, lxs consumidorxs bolivianxs no est\u00e1n exentxs de la ingesta de alimentos gen\u00e9ticamente modificados, altamente perjudiciales para la salud. A esto se suma la importaci\u00f3n de una inmensa cantidad de productos transg\u00e9nicos afiliados directamente con la siniestra transnacional MONSANTO. Marcas como Kellogg\u2019s, Maggi, Knorr, Ades, y toda la gama de productos Unilever, son tan s\u00f3lo algunos de los ejemplos de la multiplicidad de productos transg\u00e9nicos que se consumen masivamente.<\/span><\/span><\/p>\n<p style=\"margin-bottom: 1.2em; color: rgb(119, 119, 119); font-family: Arial, Helvetica, sans-serif; line-height: 19.200000762939453px;\"> \t<span style=\"color:#000000;\"><span style=\"font-size:14px;\">En el caso de la producci\u00f3n agr\u00edcola, adem\u00e1s del uso de semillas modificadas, por parte de los empresarios del agronegocio, tambi\u00e9n ingresan semillas de manera irregular e ilegal, a los mercados de peque\u00f1os y medianos productores, de las zonas de los valles y altiplano. Semillas altamente t\u00f3xicas que, no obstante, no son tratadas con las precauciones necesarias por parte de los productores desinformados. En el caso de la quinua, por ejemplo, tan promocionada por el gobierno, una buena parte de la producci\u00f3n de este grano se realiza a partir de semillas mejoradas tra\u00eddas desde el Per\u00fa.<\/span><\/span><span style=\"font-size:14px;\"><a href=\"http:\/\/www.territoriosenresistencia.org\/wp-content\/uploads\/2015\/04\/11153399_868301229875929_1170590855_o.jpg\" style=\"outline: none; color: rgb(24, 98, 17);\"><span style=\"color:#000000;\"><img loading=\"lazy\" decoding=\"async\" alt=\"11153399_868301229875929_1170590855_o\" class=\"wp-image-3466 alignright\" height=\"224\" src=\"http:\/\/www.territoriosenresistencia.org\/wp-content\/uploads\/2015\/04\/11153399_868301229875929_1170590855_o.jpg\" style=\"margin-bottom: 15px; margin-left: 30px; padding: 4px; border: 1px solid rgb(204, 204, 204); max-width: 100%; height: auto; box-sizing: border-box; float: right; box-shadow: rgba(0, 0, 0, 0.14902) 0px 1px 1px; border-top-left-radius: 4px; border-top-right-radius: 4px; border-bottom-right-radius: 4px; border-bottom-left-radius: 4px;\" width=\"399\" \/><\/span><\/a><\/span><\/p>\n<p style=\"margin-bottom: 1.2em; color: rgb(119, 119, 119); font-family: Arial, Helvetica, sans-serif; line-height: 19.200000762939453px; text-align: justify;\"> \t<span style=\"color:#000000;\"><span style=\"font-size:14px;\">La necesidad de mayor informaci\u00f3n al respecto, que corresponde a instituciones como el SENASAG, que muy poco dice al respecto, es un tema de vital importancia, para presionar y promover pol\u00edticas de control y eliminaci\u00f3n de los mercados de semillas. Esta es una tarea imperativa, debido a que no s\u00f3lo tiene que ver con disposiciones constitucionales y legales, sino con la salud p\u00fablica, que corre grave peligro. Adem\u00e1s para evitar que los empresarios utilitaristas, cuyo \u00fanico objetivo es el lucro, esgriman argumentos como la estrategia del \u201c<em>hecho consumado<\/em>\u201d, empleada por los empresarios en Brasil y Paraguay.<\/span><\/span><\/p>\n<p style=\"margin-bottom: 1.2em; color: rgb(119, 119, 119); font-family: Arial, Helvetica, sans-serif; line-height: 19.200000762939453px; text-align: justify;\"> \t<span style=\"color:#000000;\"><span style=\"font-size:14px;\">El uso de transg\u00e9nicos, tanto en la fase de producci\u00f3n como en la del consumo humano, est\u00e1 directamente vinculado con el crecimiento de enfermos por C\u00e1ncer en todo el mundo. A esto se suma todas las personas directamente contaminadas y envenenadas por el uso de agrot\u00f3xicos por parte de grandes productores, que no tienen reparos en fumigar a sus vecinos (peque\u00f1os propietarios, comunidades ind\u00edgenas). Los transg\u00e9nicos atentan directamente contra la salud y la vida de todos los seres vivos, y son un riesgo mayor.<\/span><\/span><\/p>\n<p style=\"margin-bottom: 1.2em; color: rgb(119, 119, 119); font-family: Arial, Helvetica, sans-serif; line-height: 19.200000762939453px; text-align: justify;\"> \t<span style=\"color:#000000;\"><span style=\"font-size:14px;\"><strong>Expansi\u00f3n de la frontera agr\u00edcola<\/strong><\/span><\/span><\/p>\n<p style=\"margin-bottom: 1.2em; color: rgb(119, 119, 119); font-family: Arial, Helvetica, sans-serif; line-height: 19.200000762939453px; text-align: justify;\"> \t<span style=\"color:#000000;\"><span style=\"font-size:14px;\">Aunque el tema no fue abordado en profundidad durante la Conferencia de Prensa, es otro de los t\u00f3picos centrales de la Cumbre \u201cSembrando Bolivia\u201d que se realiza en Santa Cruz. Esta tem\u00e1tica est\u00e1 directamente relacionada con el uso de transg\u00e9nicos, pues la ampliaci\u00f3n de la frontera agr\u00edcola, en los t\u00e9rminos en los que la planteo el propio Vicepresidente del Estado \u00c1lvaro Garc\u00eda Linera, en un encuentro con los grandes empresarios del agro, tiene que ver principalmente con la intensificaci\u00f3n de la producci\u00f3n y de la explotaci\u00f3n de la tierra.<\/span><\/span><\/p>\n<p style=\"margin-bottom: 1.2em; color: rgb(119, 119, 119); font-family: Arial, Helvetica, sans-serif; line-height: 19.200000762939453px; text-align: justify;\"> \t<span style=\"color:#000000;\"><span style=\"font-size:14px;\">El vicepresidente del Estado, en el encuentro se\u00f1alado, afirm\u00f3 asumiendo un compromiso con los empresarios del agronegocio \u201c<em>es mi responsabilidad<\/em>\u201d, con relaci\u00f3n a asegurar la ampliaci\u00f3n de la frontera agr\u00edcola, y flexibilizar el tema de los desmontes. La l\u00f3gica es simple y siniestra: mayor tierra para mayor producci\u00f3n, y esto tan s\u00f3lo es posible, desde la perspectiva empresaria, a partir del uso de semillas con mayor rendimiento (transg\u00e9nicas).<\/span><\/span><\/p>\n<p style=\"margin-bottom: 1.2em; color: rgb(119, 119, 119); font-family: Arial, Helvetica, sans-serif; line-height: 19.200000762939453px; text-align: justify;\"> \t<span style=\"color:#000000;\"><span style=\"font-size:14px;\">Por lo tanto, la discusi\u00f3n sobre la expansi\u00f3n o no de la frontera agr\u00edcola, en la Cumbre, es una falacia, porque es un tema que ya fue acordado el a\u00f1o pasado entre los empresarios y el Vicepresidente \u00c1lvaro Garc\u00eda Linera. A esto se suma la voluntad del gobierno de \u201c<em>flexibilizar<\/em>\u201d la Funci\u00f3n Econ\u00f3mica Social (FES) de la tierra, para dar mayores facilidades a los grandes terratenientes, en el tema de la titulaci\u00f3n de tierras.<\/span><\/span><\/p>\n<p style=\"margin-bottom: 1.2em; color: rgb(119, 119, 119); font-family: Arial, Helvetica, sans-serif; line-height: 19.200000762939453px; text-align: justify;\"> \t<span style=\"color:#000000;\"><span style=\"font-size:14px;\">Por otra parte, al estilo de los gobiernos neoliberales, el gobierno se comprometi\u00f3 con los empresarios del agronegocio, exponentes de la oligarqu\u00eda de la Media Luna, la represi\u00f3n y castigo contra los avasalladores de tierras. En suma, todas las pol\u00edticas que lleva a cabo el gobierno, en el presente, est\u00e1n sobre todo enfocadas en favorecer al agronegocio, en desmedro de los peque\u00f1os y medianos productores campesinos e ind\u00edgenas.<\/span><\/span><\/p>\n<p style=\"margin-bottom: 1.2em; color: rgb(119, 119, 119); font-family: Arial, Helvetica, sans-serif; line-height: 19.200000762939453px; text-align: justify;\"> \t<span style=\"color:#000000;\"><span style=\"font-size:14px;\">Debe recordarse que el a\u00f1o 2009, de manera paralela al refer\u00e9ndum constitucional, se llev\u00f3 a cabo una consulta sobre la extensi\u00f3n de tierra m\u00e1xima permitida. En esta consulta, se impuso la opci\u00f3n 5000 has., frente a las 10.000 que ped\u00edan los grandes terratenientes del oriente. Aunque se trata de una cifra igualmente grande, la poblaci\u00f3n rechaz\u00f3 expresamente el latifundio, que a la hora actual, el agronegocio busca expandir con el aval del gobierno.<\/span><\/span><\/p>\n<p style=\"margin-bottom: 1.2em; color: rgb(119, 119, 119); font-family: Arial, Helvetica, sans-serif; line-height: 19.200000762939453px;\"> \t<span style=\"color:#000000;\"><span style=\"font-size:14px;\"><a href=\"http:\/\/www.territoriosenresistencia.org\/wp-content\/uploads\/2015\/04\/ni-en-mi-chicha.jpg\" style=\"outline: none; color: rgb(24, 98, 17);\"><img loading=\"lazy\" decoding=\"async\" alt=\"ni en mi chicha\" class=\"wp-image-3472 aligncenter\" height=\"795\" src=\"http:\/\/www.territoriosenresistencia.org\/wp-content\/uploads\/2015\/04\/ni-en-mi-chicha.jpg\" style=\"margin-right: auto; margin-bottom: 15px; margin-left: auto; padding: 4px; border: 1px solid rgb(204, 204, 204); max-width: 100%; height: auto; box-sizing: border-box; text-align: center; display: block; box-shadow: rgba(0, 0, 0, 0.14902) 0px 1px 1px; border-top-left-radius: 4px; border-top-right-radius: 4px; border-bottom-right-radius: 4px; border-bottom-left-radius: 4px;\" width=\"623\" \/><\/a><\/span><\/span><\/p>\n<p style=\"margin-bottom: 1.2em; color: rgb(119, 119, 119); font-family: Arial, Helvetica, sans-serif; line-height: 19.200000762939453px;\"> \t<span style=\"font-size:14px;\"><a href=\"http:\/\/www.territoriosenresistencia.org\/noticias\/cumbre-agroindustrial-empresarios-y-gobierno-van-a-darse-la-mano-para-aprobar-soya-maiz-y-algodon-transgenico\"><span style=\"color:#000000;\">Cumbre Agroindustrial: \u00abempresarios y Gobierno van a darse la mano para aprobar soya, ma\u00edz y algod\u00f3n transg\u00e9nico\u00bb<\/span><\/a><\/span><\/p>\n<p style=\"margin-bottom: 1.2em; color: rgb(119, 119, 119); font-family: Arial, Helvetica, sans-serif; line-height: 19.200000762939453px;\"> \t<strong><span style=\"font-size:14px;\"><span style=\"color:#000000;\">Autor y Fuente: <a href=\"http:\/\/www.territoriosenresistencia.org\/noticias\/bolivia-abre-la-posibilidad-del-uso-de-semillas-transgenicas-en-el-dia-de-la-tierra\">Territorios en Resistencia<\/a><\/span><\/span><\/strong><\/p>\n<p style=\"margin-bottom: 1.2em; color: rgb(119, 119, 119); font-family: Arial, Helvetica, sans-serif; line-height: 19.200000762939453px;\"> \t<span style=\"color: rgb(0, 0, 0); font-size: 14px;\">La Paz. 22 de abril de 2015<\/span><\/p>\n","protected":false},"excerpt":{"rendered":"<p>\u00bfC\u00f3mo As\u00ed que en el d\u00eda de la Madre Tierra, el gobierno de Evo Morales pretende envenenarla con transg\u00e9nicos? Compartimos<\/p>\n","protected":false},"author":3,"featured_media":0,"comment_status":"open","ping_status":"closed","sticky":false,"template":"","format":"standard","meta":{"colormag_page_container_layout":"default_layout","colormag_page_sidebar_layout":"default_layout","ngg_post_thumbnail":0,"footnotes":""},"categories":[37],"tags":[],"class_list":["post-1503","post","type-post","status-publish","format-standard","hentry","category-c35-contradiciones"],"_links":{"self":[{"href":"https:\/\/pueblosencamino.org\/index.php?rest_route=\/wp\/v2\/posts\/1503","targetHints":{"allow":["GET"]}}],"collection":[{"href":"https:\/\/pueblosencamino.org\/index.php?rest_route=\/wp\/v2\/posts"}],"about":[{"href":"https:\/\/pueblosencamino.org\/index.php?rest_route=\/wp\/v2\/types\/post"}],"author":[{"embeddable":true,"href":"https:\/\/pueblosencamino.org\/index.php?rest_route=\/wp\/v2\/users\/3"}],"replies":[{"embeddable":true,"href":"https:\/\/pueblosencamino.org\/index.php?rest_route=%2Fwp%2Fv2%2Fcomments&post=1503"}],"version-history":[{"count":0,"href":"https:\/\/pueblosencamino.org\/index.php?rest_route=\/wp\/v2\/posts\/1503\/revisions"}],"wp:attachment":[{"href":"https:\/\/pueblosencamino.org\/index.php?rest_route=%2Fwp%2Fv2%2Fmedia&parent=1503"}],"wp:term":[{"taxonomy":"category","embeddable":true,"href":"https:\/\/pueblosencamino.org\/index.php?rest_route=%2Fwp%2Fv2%2Fcategories&post=1503"},{"taxonomy":"post_tag","embeddable":true,"href":"https:\/\/pueblosencamino.org\/index.php?rest_route=%2Fwp%2Fv2%2Ftags&post=1503"}],"curies":[{"name":"wp","href":"https:\/\/api.w.org\/{rel}","templated":true}]}}