{"id":1212,"date":"2014-11-05T14:20:04","date_gmt":"2014-11-05T14:20:04","guid":{"rendered":"http:\/\/pueblosencamino.org\/wp\/?p=1212"},"modified":"2014-11-05T14:20:04","modified_gmt":"2014-11-05T14:20:04","slug":"raul-zibechi-el-ciclo-progresista-en-sudamerica-ha-terminado","status":"publish","type":"post","link":"https:\/\/pueblosencamino.org\/?p=1212","title":{"rendered":"Ra\u00fal Zibechi: \u201cEl ciclo progresista en Sudam\u00e9rica ha terminado\u201d"},"content":{"rendered":"<p style=\"font-size: 12px; line-height: normal; font-family: Helvetica; text-align: justify;\"> \t<span style=\"font-size:14px;\">Entrevista con Ra\u00fal Zibechi a partir de la Primera Vuelta electoral en Uruguay en la que gana Tabar\u00e9 V\u00e1squez sin el margen suficiente para ser Presidente. Zibechi reconoce que Tabar\u00e9 ganar\u00e1 la segunda vuelta pero que sus pol\u00edticas, como las de todos los gobiernos \u201cprogresistas\u201d no son transformadoras. Es m\u00e1s, Tabar\u00e9, como lo hizo en su primer gobierno, apoya el \u201cLibre Comercio\u201d y por ello se acercar\u00e1 a la Alianza del Pac\u00edfico distanci\u00e1ndose del Mercosur. Es un contexto de la derecha que anuncia necesariamente el resurgir de la resistencia y movilizaci\u00f3n social ya que no pueden cumplir con las aspiraciones de los pueblos y menos con sus obligaciones y promesas. Dice Ra\u00fal: \u201c<i>Pienso que el ciclo progresista en Sudam\u00e9rica ha terminado. Entiendo por ciclo progresista el que comenz\u00f3 con el Caracazo de 1989 como primer levantamiento popular opuesto al ajuste neoliberal y que despu\u00e9s se convirti\u00f3 en gobierno. O sea, el progresismo como fuerzas transformadoras que promueven cambios progresivos creo que est\u00e1 llegando a su fin. Seguir\u00e1 siendo gobierno durante un tiempo pero vemos que en general est\u00e1n a la defensiva.<\/i><\/span><\/p>\n<p style=\"font-size: 12px; line-height: normal; font-family: Helvetica; text-align: justify;\"> \t<span style=\"font-size:14px;\"><i>Es decir que lo que m\u00e1s est\u00e1n haciendo es mantener. Ya dejaron de promover cambios positivos. Por otro lado los cambios positivos de estos gobiernos fueron pol\u00edticas focalizadas para atender la pobreza, pero eso fue en un primer momento. Diez a\u00f1os de esa pol\u00edtica no produce transformaciones, simplemente hace que la pobreza sea m\u00e1s baja. Hace falta implementar un modelo que transforme, que integre, que genere empleo digno y que ya no hagan falta esas pol\u00edticas focalizadas<\/i>.\u201d <strong>Pueblos en Camino<\/strong><\/span><\/p>\n<p style=\"font-size: 12px; line-height: normal; font-family: Helvetica; min-height: 14px; text-align: justify;\"> \t&nbsp;<\/p>\n<p>  <!--more-->  <\/p>\n<p style=\"font-size: 12px; line-height: normal; font-family: Helvetica; text-align: justify;\"> \t<strong><span style=\"font-size:14px;\">Ra\u00fal Zibechi: \u201cEl ciclo progresista en Sudam\u00e9rica ha terminado\u201d<\/span><\/strong><\/p>\n<p style=\"font-size: 12px; line-height: normal; font-family: Helvetica; text-align: justify;\"> \t&nbsp;<\/p>\n<p style=\"font-size: 12px; line-height: normal; font-family: Helvetica; text-align: justify;\"> \t<img decoding=\"async\" alt=\"\" src=\"http:\/\/www.surysur.net\/site\/uploads\/2013\/09\/uru-raul-zibechi.jpg\" style=\"width: 650px; height: 433px;\" \/><\/p>\n<p style=\"font-size: 12px; line-height: normal; font-family: Helvetica; min-height: 14px; text-align: justify;\"> \t&nbsp;<\/p>\n<p style=\"font-size: 12px; line-height: normal; font-family: Helvetica; text-align: justify;\"> \t<span style=\"font-size:14px;\">El periodista y escritor uruguayo, Ra\u00fal Zibechi, dialog\u00f3 con L\u2019Ombelico del Mondo, programa internacional de Radionauta FM 106.3 y analiz\u00f3 las recientes elecciones en Brasil y Uruguay. Su mirada respecto al futuro de la regi\u00f3n.<\/span><\/p>\n<p style=\"font-size: 12px; line-height: normal; font-family: Helvetica; min-height: 14px; text-align: justify;\"> \t&nbsp;<\/p>\n<p style=\"font-size: 12px; line-height: normal; font-family: Helvetica; text-align: justify;\"> \t<span style=\"font-size:14px;\">Zibechi naci\u00f3 en Uruguay en 1952 y fue militante del Frente Estudiantil Revolucionario (FER), agrupaci\u00f3n estudiantil vinculada al Movimiento de Liberaci\u00f3n Nacional Tupamaros. Durante la dictadura uruguaya iniciada en 1973 se exili\u00f3 primero en Buenos Aires y luego, cuando sobrevino el golpe en Argentina, se traslad\u00f3 a Espa\u00f1a.<\/span><\/p>\n<p style=\"font-size: 12px; line-height: normal; font-family: Helvetica; min-height: 14px; text-align: justify;\"> \t&nbsp;<\/p>\n<p style=\"font-size: 12px; line-height: normal; font-family: Helvetica; text-align: justify;\"> \t<span style=\"font-size:14px;\">All\u00ed continu\u00f3 su militancia pol\u00edtica y al regresar a Uruguay en los a\u00f1os 80 desarroll\u00f3 un amplio trabajo como periodista e investigador con fuerte hincapi\u00e9 en los nuevos movimientos sociales. El programa de noticias internacionales, L\u2019Ombelico del Mondo lo entrevist\u00f3 para conocer sus impresiones y an\u00e1lisis de la situaci\u00f3n actual en Am\u00e9rica Latina tras las elecciones en Brasil y Uruguay.<\/span><\/p>\n<p style=\"font-size: 12px; line-height: normal; font-family: Helvetica; min-height: 14px; text-align: justify;\"> \t&nbsp;<\/p>\n<p style=\"font-size: 12px; line-height: normal; font-family: Helvetica; text-align: justify;\"> \t<span style=\"font-size:14px;\">&#8211; Usted estaba en Montevideo el 26 de octubre cuando se realizaron las elecciones presidenciales en Uruguay \u00bfc\u00f3mo vivi\u00f3 la jornada en la que Tabar\u00e9 V\u00e1zquez se impuso, aunque sin los votos suficientes para ganar en primera vuelta, sobre su principal adversario Luis Lacalle Pou?<\/span><\/p>\n<p style=\"font-size: 12px; line-height: normal; font-family: Helvetica; min-height: 14px; text-align: justify;\"> \t&nbsp;<\/p>\n<p style=\"font-size: 12px; line-height: normal; font-family: Helvetica; text-align: justify;\"> \t<span style=\"font-size:14px;\">\u2013 El resultado fue m\u00e1s o menos el esperado solo que el Frente Amplio obtuvo, adem\u00e1s de ser la fuerza mayoritaria es la mayor\u00eda absoluta en el Parlamento, cosa que no era esperada.<\/span><\/p>\n<p style=\"font-size: 12px; line-height: normal; font-family: Helvetica; min-height: 14px; text-align: justify;\"> \t&nbsp;<\/p>\n<p style=\"font-size: 12px; line-height: normal; font-family: Helvetica; text-align: justify;\"> \t<span style=\"font-size:14px;\">Se puede leer este resultado como una gran estabilidad en el voto del Frente Amplio donde saca, voto m\u00e1s, voto menos, lo mismo que hace cinco a\u00f1os. Pero tiene una p\u00e9rdida de unos tres puntos por izquierda que los gana por derecha.<\/span><\/p>\n<p style=\"font-size: 12px; line-height: normal; font-family: Helvetica; min-height: 14px; text-align: justify;\"> \t&nbsp;<\/p>\n<p style=\"font-size: 12px; line-height: normal; font-family: Helvetica; text-align: justify;\"> \t<span style=\"font-size:14px;\">O sea, le quita un 3% a los partidos tradicionales, sobre todo en el interior del pa\u00eds donde gana incluso en feudos tradicionales del Partido Colorado y el Partido Nacional, donde nunca hab\u00eda ganado. Y a su vez tiene, sobre todo en Montevideo, una p\u00e9rdida de votos que van en tres direcciones: hacia el voto blanco y nulo; hacia el Partido Ecologista; y hacia la Uni\u00f3n Popular que consigui\u00f3 una banca produciendo por primera vez que haya en el Parlamento una fuerza a la izquierda del Frente Amplio.<\/span><\/p>\n<p style=\"font-size: 12px; line-height: normal; font-family: Helvetica; min-height: 14px; text-align: justify;\"> \t&nbsp;<\/p>\n<p style=\"font-size: 12px; line-height: normal; font-family: Helvetica; text-align: justify;\"> \t<span style=\"font-size:14px;\">&#8211; En paralelo a las elecciones presidenciales se realiz\u00f3 el plebiscito por la baja de la edad de imputabilidad que finalmente sali\u00f3 negativo. Hubo una campa\u00f1a muy fuerte de sectores de la juventud por el No a la baja. Estos j\u00f3venes son los que, a priori, parecen estar m\u00e1s desencantados con el Frente Amplio.<\/span><\/p>\n<p style=\"font-size: 12px; line-height: normal; font-family: Helvetica; min-height: 14px; text-align: justify;\"> \t&nbsp;<\/p>\n<p style=\"font-size: 12px; line-height: normal; font-family: Helvetica; text-align: justify;\"> \t<span style=\"font-size:14px;\">\u2013 Hubo un sector juvenil, de clase media sobre todo, que se moviliz\u00f3 por el no a la baja de la edad de imputabilidad. Probablemente ese sector haya votado masivamente al frente amplio aunque inicialmente no era muy af\u00edn a hacerlo.<\/span><\/p>\n<p style=\"font-size: 12px; line-height: normal; font-family: Helvetica; min-height: 14px; text-align: justify;\"> \t&nbsp;<\/p>\n<p style=\"font-size: 12px; line-height: normal; font-family: Helvetica; text-align: justify;\"> \t<span style=\"font-size:14px;\">Por otro lado se dio la situaci\u00f3n de que, en todos los partidos, hubo quienes apoyaron el Si a la baja. Hubo muchos votos frenteamplistas, se calcula que un 20%, que adem\u00e1s de las papeletas de los diferentes grupos del Frente inclu\u00edan el Si a la baja. Lo que quiere decir que el tema ha trascendido y esta es una posici\u00f3n que defienden incluso los partidos del Frente Amplio.<\/span><\/p>\n<p style=\"font-size: 12px; line-height: normal; font-family: Helvetica; min-height: 14px; text-align: justify;\"> \t&nbsp;<\/p>\n<p style=\"font-size: 12px; line-height: normal; font-family: Helvetica; text-align: justify;\"> \t<span style=\"font-size:14px;\">&#8211; \u00bfC\u00f3mo ve de cara a la segunda vuelta la situaci\u00f3n en Uruguay y qu\u00e9 rol puede llegar a tener la izquierda, como Uni\u00f3n Popular, que ha crecido en los \u00faltimos a\u00f1os?<\/span><\/p>\n<p style=\"font-size: 12px; line-height: normal; font-family: Helvetica; min-height: 14px; text-align: justify;\"> \t&nbsp;<\/p>\n<p style=\"font-size: 12px; line-height: normal; font-family: Helvetica; text-align: justify;\"> \t<span style=\"font-size:14px;\">\u2013 La segunda vuelta ya est\u00e1 decidida. Va a ganar Tabar\u00e9 V\u00e1zquez porque con que repita la misma votaci\u00f3n que tuvo ya gana. La suma de Blancos y Colorados no alcanzan al Frente Amplio y el papel que juega la izquierda m\u00e1s consecuente es muy peque\u00f1o. Estamos hablando del 1% de los votos.<\/span><\/p>\n<p style=\"font-size: 12px; line-height: normal; font-family: Helvetica; min-height: 14px; text-align: justify;\"> \t&nbsp;<\/p>\n<p style=\"font-size: 12px; line-height: normal; font-family: Helvetica; text-align: justify;\"> \t<span style=\"font-size:14px;\">Por eso creo que el ballotage no va a tener secretos. Tabar\u00e9 V\u00e1zquez va a tener el 53% o quiz\u00e1s el 55% de los votos con una diferencia de por lo menos diez puntos sobre Lacalle Pou.<\/span><\/p>\n<p style=\"font-size: 12px; line-height: normal; font-family: Helvetica; min-height: 14px; text-align: justify;\"> \t&nbsp;<\/p>\n<p style=\"font-size: 12px; line-height: normal; font-family: Helvetica; text-align: justify;\"> \t<span style=\"font-size:14px;\">&#8211; En Brasil el Partido de los Trabajadores volvi\u00f3 a ganar la presidencia en el ballotage el domingo 26 y Dilma Rousseff ser\u00e1 nuevamente presidenta. \u00bfC\u00f3mo se configura el futuro frente a este escenario para la izquierda y los movimientos populares que no siempre han participado del gobierno o lo han apoyado en algunos aspectos solamente?<\/span><\/p>\n<p style=\"font-size: 12px; line-height: normal; font-family: Helvetica; min-height: 14px; text-align: justify;\"> \t&nbsp;<\/p>\n<p style=\"font-size: 12px; line-height: normal; font-family: Helvetica; text-align: justify;\"> \t<span style=\"font-size:14px;\">\u2013 Bueno, mal. Porque el voto de la primera vuelta fue muy conservador. El Parlamento que emerge de la primera vuelta en Brasil est\u00e1 bastante m\u00e1s a la derecha del que hab\u00eda. Tienen mayor\u00eda absoluta los diputados que defienden al agronegocio.<\/span><\/p>\n<p style=\"font-size: 12px; line-height: normal; font-family: Helvetica; min-height: 14px; text-align: justify;\"> \t&nbsp;<\/p>\n<p style=\"font-size: 12px; line-height: normal; font-family: Helvetica; text-align: justify;\"> \t<span style=\"font-size:14px;\">La llamada \u201cbancada de la bala\u201d, compuesta por polic\u00edas y militares, que defienden que la gente se arme contra la delincuencia, creci\u00f3 bastante. La bancada antiaborto, quienes defienden las posiciones m\u00e1s conservadoras, son hoy hegem\u00f3nicas. El PT ten\u00eda 88 diputados y pas\u00f3 a 70.<\/span><\/p>\n<p style=\"font-size: 12px; line-height: normal; font-family: Helvetica; min-height: 14px; text-align: justify;\"> \t&nbsp;<\/p>\n<p style=\"font-size: 12px; line-height: normal; font-family: Helvetica; text-align: justify;\"> \t<span style=\"font-size:14px;\">Por eso cualquier decisi\u00f3n que tome el Poder Ejecutivo en Brasil va a tener que pasar por un Parlamento donde le va a costar mucho. Las promesas de campa\u00f1a de Dilma, como la reforma pol\u00edtica, se van a tropezar con un congreso derechizado.<\/span><\/p>\n<p style=\"font-size: 12px; line-height: normal; font-family: Helvetica; min-height: 14px; text-align: justify;\"> \t&nbsp;<\/p>\n<p style=\"font-size: 12px; line-height: normal; font-family: Helvetica; text-align: justify;\"> \t<span style=\"font-size:14px;\">De modo que en Brasil el conflicto social se va a relanzar en los pr\u00f3ximos a\u00f1os porque la situaci\u00f3n de como qued\u00f3 el mapa y la voluntad de la propia presidenta y el PT va a provocar una situaci\u00f3n de dificultad para que se aprueben las reformas que est\u00e1n comprometidas, por lo menos con los movimientos.<\/span><\/p>\n<p style=\"font-size: 12px; line-height: normal; font-family: Helvetica; min-height: 14px; text-align: justify;\"> \t&nbsp;<\/p>\n<p style=\"font-size: 12px; line-height: normal; font-family: Helvetica; text-align: justify;\"> \t<span style=\"font-size:14px;\">&#8211; \u00bfY la vuelta de Tabar\u00e9 en Uruguay es de alguna manera un corrimiento hacia el centro del Frente Amplio?<\/span><\/p>\n<p style=\"font-size: 12px; line-height: normal; font-family: Helvetica; min-height: 14px; text-align: justify;\"> \t&nbsp;<\/p>\n<p style=\"font-size: 12px; line-height: normal; font-family: Helvetica; text-align: justify;\"> \t<span style=\"font-size:14px;\">\u2013 En el escenario internacional sin ninguna duda. Porque ah\u00ed Tabar\u00e9 V\u00e1zquez ya tuvo un conflicto muy fuerte con Argentina en su primera presidencia y en esta, est\u00e1 el gran debate de que va a pasar con el Mercosur. V\u00e1zquez no es amigo del Mercosur, mira a la Alianza del Pac\u00edfico y aqu\u00ed vamos a tener una situaci\u00f3n que se va a reeditar, pero en un escenario m\u00e1s grave, lo que ya sucedi\u00f3 en su primera presidencia cuando estuvo a punto de firmar un Tratado de Libre Comercio con Estados Unidos.<\/span><\/p>\n<p style=\"font-size: 12px; line-height: normal; font-family: Helvetica; min-height: 14px; text-align: justify;\"> \t&nbsp;<\/p>\n<p style=\"font-size: 12px; line-height: normal; font-family: Helvetica; text-align: justify;\"> \t<span style=\"font-size:14px;\">Hay un corrimiento al centro, por tanto a la derecha, del gobierno. En un escenario general en el cual la actitud conservadora de la poblaci\u00f3n, tanto en Brasil como en Uruguay, y probablemente en otros pa\u00edses es cada vez mayor.<\/span><\/p>\n<p style=\"font-size: 12px; line-height: normal; font-family: Helvetica; min-height: 14px; text-align: justify;\"> \t&nbsp;<\/p>\n<p style=\"font-size: 12px; line-height: normal; font-family: Helvetica; text-align: justify;\"> \t<span style=\"font-size:14px;\">Esto es fruto de un ciclo econ\u00f3mico de alza, de un aumento exponencial del consumismo y de formas de vida que hacen que la poblaci\u00f3n se haga, d\u00eda a d\u00eda, m\u00e1s conservadora.<\/span><\/p>\n<p style=\"font-size: 12px; line-height: normal; font-family: Helvetica; min-height: 14px; text-align: justify;\"> \t&nbsp;<\/p>\n<p style=\"font-size: 12px; line-height: normal; font-family: Helvetica; text-align: justify;\"> \t<span style=\"font-size:14px;\">&#8211; En los \u00faltimos a\u00f1os se ha valorado m\u00e1s la figura del presidente saliente Jos\u00e9 Mujica como personaje m\u00e1s que sus pol\u00edticas al frente del gobierno \u00bfEsto es as\u00ed realmente o la figura acompa\u00f1o las pol\u00edticas efectivas?<\/span><\/p>\n<p style=\"font-size: 12px; line-height: normal; font-family: Helvetica; min-height: 14px; text-align: justify;\"> \t&nbsp;<\/p>\n<p style=\"font-size: 12px; line-height: normal; font-family: Helvetica; text-align: justify;\"> \t<span style=\"font-size:14px;\">\u2013 Creo que las figuras pueden ser muy simp\u00e1ticas, pero las pol\u00edticas que estamos viendo -monocultivos de soja, miner\u00eda a cielo abierto, sin cambios estructurales y reproduciendo la desigualdad- hablan por s\u00ed solas. Los personajes por m\u00e1s interesantes que sean no llegan a configurar pol\u00edticas de Estado. Entonces aqu\u00ed estamos ante un d\u00e9ficit de pol\u00edticas de transformaci\u00f3n.<\/span><\/p>\n<p style=\"font-size: 12px; line-height: normal; font-family: Helvetica; min-height: 14px; text-align: justify;\"> \t&nbsp;<\/p>\n<p style=\"font-size: 12px; line-height: normal; font-family: Helvetica; text-align: justify;\"> \t<span style=\"font-size:14px;\">&#8211; Con Dilma Rousseff en Brasil, Tabar\u00e9 V\u00e1zquez en Uruguay, un 2015 en Argentina que probablemente nos depara un presidente m\u00e1s conservador en t\u00e9rminos internacionales, una Venezuela a la defensiva. Hoy parece que el \u00fanico l\u00edder que queda firme de la izquierda en Am\u00e9rica Latina es Evo Morales. \u00bfQu\u00e9 rol est\u00e1 teniendo este bloque progresista y de izquierda en el continente de cara a lo que se viene?<\/span><\/p>\n<p style=\"font-size: 12px; line-height: normal; font-family: Helvetica; min-height: 14px; text-align: justify;\"> \t&nbsp;<\/p>\n<p style=\"font-size: 12px; line-height: normal; font-family: Helvetica; text-align: justify;\"> \t<span style=\"font-size:14px;\">\u2013 Pienso que el ciclo progresista en Sudam\u00e9rica ha terminado. Entiendo por ciclo progresista el que comenz\u00f3 con el Caracazo de 1989 como primer levantamiento popular opuesto al ajuste neoliberal y que despu\u00e9s se convirti\u00f3 en gobierno. O sea, el progresismo como fuerzas transformadoras que promueven cambios progresivos creo que est\u00e1 llegando a su fin. Seguir\u00e1 siendo gobierno durante un tiempo pero vemos que en general est\u00e1n a la defensiva.<\/span><\/p>\n<p style=\"font-size: 12px; line-height: normal; font-family: Helvetica; min-height: 14px; text-align: justify;\"> \t&nbsp;<\/p>\n<p style=\"font-size: 12px; line-height: normal; font-family: Helvetica; text-align: justify;\"> \t<span style=\"font-size:14px;\">Es decir que lo que m\u00e1s est\u00e1n haciendo es mantener. Ya dejaron de promover cambios positivos. Por otro lado los cambios positivos de estos gobiernos fueron pol\u00edticas focalizadas para atender la pobreza, pero eso fue en un primer momento. Diez a\u00f1os de esa pol\u00edtica no produce transformaciones, simplemente hace que la pobreza sea m\u00e1s baja. Hace falta implementar un modelo que transforme, que integre, que genere empleo digno y que ya no hagan falta esas pol\u00edticas focalizadas.<\/span><\/p>\n<p style=\"font-size: 12px; line-height: normal; font-family: Helvetica; min-height: 14px; text-align: justify;\"> \t&nbsp;<\/p>\n<p style=\"font-size: 12px; line-height: normal; font-family: Helvetica; text-align: justify;\"> \t<span style=\"font-size:14px;\">Si seguimos exportando soja a China, si seguimos con la miner\u00eda, con el petr\u00f3leo, con los monocultivos, el ciclo de transformaciones se agota por s\u00ed solo. Y no hay ni claridad pol\u00edtica, ni deseo, ni voluntad de ir m\u00e1s all\u00e1. Porque para hacerlo hay que tocar intereses muy pesados que son precisamente los que est\u00e1n apoyando a estos gobiernos.<\/span><\/p>\n<p style=\"font-size: 12px; line-height: normal; font-family: Helvetica; min-height: 14px; text-align: justify;\"> \t&nbsp;<\/p>\n<p style=\"font-size: 12px; line-height: normal; font-family: Helvetica; text-align: justify;\"> \t<span style=\"font-size:14px;\">Los movimientos populares lentamente est\u00e1n volviendo a la resistencia. Primero en Brasil con las manifestaciones de 2013. En Argentina tuvimos un hecho muy importante en diciembre de 2010 con la ocupaci\u00f3n del Parque Indoamericano. Ahora tenemos el caso de Malvinas Argentinas donde han frenado a Monsanto. Los movimientos est\u00e1n ah\u00ed. Cualquier corrimiento a la derecha o crisis econ\u00f3mica que se haga caer sobre las espaldas de los sectores populares va a haber un clar\u00edsimo relanzamiento de los movimientos.<\/span><\/p>\n<p style=\"font-size: 12px; line-height: normal; font-family: Helvetica; min-height: 14px; text-align: justify;\"> \t&nbsp;<\/p>\n<p style=\"font-size: 12px; line-height: normal; font-family: Helvetica; text-align: justify;\"> \t<a href=\"http:\/\/notas.org.ar\/2014\/11\/04\/raul-zibechi-ciclo-progresista-sudamerica-terminado\/\"><strong><span style=\"font-size:14px;\">Notas<\/span><\/strong><\/a><\/p>\n<p style=\"font-size: 12px; line-height: normal; font-family: Helvetica; text-align: justify;\"> \t<strong><span style=\"font-size:14px;\">Periodismo Popular<\/span><\/strong><\/p>\n<p style=\"font-size: 12px; line-height: normal; font-family: Helvetica; text-align: justify;\"> \t<strong><span style=\"font-size:14px;\">Noviembre 4 de 2014<\/span><\/strong><\/p>\n<p style=\"font-size: 12px; line-height: normal; font-family: Helvetica; text-align: justify;\"> \t<strong><span style=\"font-size:14px;\">http:\/\/notas.org.ar\/2014\/11\/04\/raul-zibechi-ciclo-progresista-sudamerica-terminado\/<\/span><\/strong><\/p>\n","protected":false},"excerpt":{"rendered":"<p>Entrevista con Ra\u00fal Zibechi a partir de la Primera Vuelta electoral en Uruguay en la que gana Tabar\u00e9 V\u00e1squez sin<\/p>\n","protected":false},"author":3,"featured_media":0,"comment_status":"open","ping_status":"closed","sticky":false,"template":"","format":"standard","meta":{"colormag_page_container_layout":"default_layout","colormag_page_sidebar_layout":"default_layout","ngg_post_thumbnail":0,"footnotes":""},"categories":[3],"tags":[],"class_list":["post-1212","post","type-post","status-publish","format-standard","hentry","category-c48-lectura-de-contexto"],"_links":{"self":[{"href":"https:\/\/pueblosencamino.org\/index.php?rest_route=\/wp\/v2\/posts\/1212","targetHints":{"allow":["GET"]}}],"collection":[{"href":"https:\/\/pueblosencamino.org\/index.php?rest_route=\/wp\/v2\/posts"}],"about":[{"href":"https:\/\/pueblosencamino.org\/index.php?rest_route=\/wp\/v2\/types\/post"}],"author":[{"embeddable":true,"href":"https:\/\/pueblosencamino.org\/index.php?rest_route=\/wp\/v2\/users\/3"}],"replies":[{"embeddable":true,"href":"https:\/\/pueblosencamino.org\/index.php?rest_route=%2Fwp%2Fv2%2Fcomments&post=1212"}],"version-history":[{"count":0,"href":"https:\/\/pueblosencamino.org\/index.php?rest_route=\/wp\/v2\/posts\/1212\/revisions"}],"wp:attachment":[{"href":"https:\/\/pueblosencamino.org\/index.php?rest_route=%2Fwp%2Fv2%2Fmedia&parent=1212"}],"wp:term":[{"taxonomy":"category","embeddable":true,"href":"https:\/\/pueblosencamino.org\/index.php?rest_route=%2Fwp%2Fv2%2Fcategories&post=1212"},{"taxonomy":"post_tag","embeddable":true,"href":"https:\/\/pueblosencamino.org\/index.php?rest_route=%2Fwp%2Fv2%2Ftags&post=1212"}],"curies":[{"name":"wp","href":"https:\/\/api.w.org\/{rel}","templated":true}]}}