{"id":1162,"date":"2014-10-09T15:33:00","date_gmt":"2014-10-09T15:33:00","guid":{"rendered":"http:\/\/pueblosencamino.org\/wp\/?p=1162"},"modified":"2014-10-09T15:33:00","modified_gmt":"2014-10-09T15:33:00","slug":"tlc-ecuador-ue-europa-chantajeo-y-correa-se-arrodillo-con-discurso-soberano","status":"publish","type":"post","link":"https:\/\/pueblosencamino.org\/?p=1162","title":{"rendered":"TLC Ecuador\/UE. Europa chantaje\u00f3 y Correa se arrodill\u00f3 con discurso soberano"},"content":{"rendered":"<div style=\"text-align: justify;\"> \t<span style=\"font-size:14px;\">La filtraci\u00f3n de cables entre la sede de la embajada del Ecuador en Bruselas y el Ministerio de Relaciones Exteriores del Ecuador ha dejado expuesta la evidencia que demuestra de manera contundente dos hechos: La Uni\u00f3n Europea chantaje\u00f3 al Ecuador con negarle beneficios a sus productos de no firmar el TLC en las mismas condiciones en que lo hicieran Per\u00fa y Colombia. El gobierno del Ecuador en cabeza del propio Presidente Correa se arrodill\u00f3 ante este chantaje que enmascar\u00f3 simult\u00e1neamente como un acuerdo digno en las condiciones que exige Ecuador y diferente a los firmados entre la UE, Colombia y Per\u00fa. No sorprende la actitud imperial abusiva y arrogante de los europeos y tampoco, las decisiones serviles, violatorias de la Constituci\u00f3n de Monte Cristi con las que Correa, a nombre de la soberan\u00eda, el Socialismo del Siglo XXI y la verborrea mentirosa contra \u201cpelucones\u201d burgueses e imperios, entrega al Ecuador a manos llenas con el apoyo de una izquierda sectaria nacional e internacional que le cree el discurso y se niega a ver los hechos, aunque los conozcan de sobra y les estallen en la cara. En Ecuador tambi\u00e9n se construye el Capitalismo del Siglo XXI. Capitalismo izquierdo-parlante para beneficio de la vanidad, la arrogancia y el poder. Tan repugnante es la relaci\u00f3n imperio-enclave entre Europa y Ecuador en torno de los TLC como la capacidad de mentir, encubrir y enga\u00f1ar de esta \u201cizquierda progresista\u201d que tantos defienden en contra de los hechos. La diferencia entre Ecuador, Per\u00fa y Colombia ante los TLC es que Per\u00fa y Colombia se arrodillan a nombre del proyecto neoliberal de derecha, mientras que Alianza Pa\u00eds y sus aliados y c\u00f3mplices lo hacen a nombre de la revoluci\u00f3n de los pueblos, la soberan\u00eda y la lucha contra el imperio. <strong>C\u00f3mo As\u00ed?<\/strong><\/span><\/div>\n<p>  <!--more-->  <\/p>\n<div> \t&nbsp;<\/div>\n<div style=\"text-align: center;\"> \t<strong>FILTRACI\u00d3N DE CABLES DE LA EMBAJADA DE ECUADOR EN BRUSELAS<\/strong><\/div>\n<div style=\"text-align: center;\"> \t<span style=\"font-size:18px;\"><strong>La UE chantaje\u00f3 a Ecuador para que firmara el TLC<\/strong><\/span><\/div>\n<div> \t&nbsp;<\/div>\n<div style=\"text-align: center;\"> \t<strong><span style=\"font-size:14px;\">La UE amenaz\u00f3 a Ecuador con cerrar la puerta a sus productos y dejarlo \u00abaislado\u00bb si no se adher\u00eda a un tratado de libre comercio firmado antes con Per\u00fa y Colombia.<\/span><\/strong><\/div>\n<div style=\"text-align: justify;\"> \t&nbsp;<\/div>\n<div style=\"text-align: justify;\"> \t&nbsp;<\/div>\n<div style=\"text-align: justify;\"> \t<img loading=\"lazy\" decoding=\"async\" class=\" size-full wp-image-1160\" alt=\"\" src=\"http:\/\/pueblosencamino.org\/wp\/wp-content\/uploads\/2014\/10\/Bruselas 1.jpg\" style=\"width: 650px; height: 434px;\" width=\"644\" height=\"430\" srcset=\"https:\/\/pueblosencamino.org\/wp-content\/uploads\/2014\/10\/Bruselas%201.jpg 644w, https:\/\/pueblosencamino.org\/wp-content\/uploads\/2014\/10\/Bruselas%201-300x200.jpg 300w\" sizes=\"auto, (max-width: 644px) 100vw, 644px\" \/><\/div>\n<div style=\"text-align: justify;\"> \t<span style=\"font-size:14px;\">Imagen de los papeles filtrados, donde se plasma la posibilidad de que Ecuador pierda ventajas comerciales si no firma el TLC. \/ \u00c1LVARO MINGUITO<\/span><\/div>\n<div style=\"text-align: justify;\"> \t&nbsp;<\/div>\n<div style=\"text-align: justify;\"> \t<strong><span style=\"font-size:14px;\">El interminable viaje a la derecha de Rafael Correa<\/span><\/strong><\/div>\n<div style=\"text-align: justify;\"> \t&nbsp;<\/div>\n<div style=\"text-align: justify;\"> \t<span style=\"font-size:14px;\">El 17 de julio, tras cuatro a\u00f1os de negociaci\u00f3n, Ecuador firmaba el tratado de asociaci\u00f3n econ\u00f3mica con la Uni\u00f3n Europea. Un acuerdo del que tambi\u00e9n forman parte Per\u00fa y Colombia. El ministro de Comercio Exterior ecuatoriano, Francisco Rivadeneira, se adelantaba a las posibles cr\u00edticas afirmando que el acuerdo \u201cest\u00e1 adaptado\u201d a las necesidades del pa\u00eds y \u201cpotencia al m\u00e1ximo las oportunidades, reduce a su m\u00ednima expresi\u00f3n los costos, respeta el modelo de desarrollo del pa\u00eds y permite proteger a los sectores m\u00e1s sensibles a nivel productivo\u201d.<\/span><\/div>\n<div style=\"text-align: justify;\"> \t&nbsp;<\/div>\n<div style=\"text-align: justify;\"> \t<span style=\"font-size:14px;\">No fue suficiente para acallar las voces que ven\u00edan denunciando desde el inicio de las negociaciones que se trata de un tratado de libre comercio encubierto, \u201cpropio del modelo de desarrollo neoliberal impulsado en la d\u00e9cada de los 90 y que se encuentra re\u00f1ido con la letra y el esp\u00edritu\u201d de la actual Constituci\u00f3n, aprobada en 2007.<\/span><\/div>\n<div style=\"text-align: justify;\"> \t&nbsp;<\/div>\n<div style=\"text-align: justify;\"> \t<span style=\"font-size:14px;\">Las palabras entrecomilladas no proceden de alguno de los m\u00faltiples grupos opositores que se posicionan a la izquierda del Ejecutivo, sino de Fernando Yepez Lasso, ex embajador de Ecuador ante la Uni\u00f3n Europea durante la negociaci\u00f3n del acuerdo. Gracias a una filtraci\u00f3n de cables enviados desde la sede diplom\u00e1tica de Ecuador en Bruselas a altos cargos del Ministerio de Relaciones Exteriores del pa\u00eds andino, es posible reconstruir los entresijos de la negociaci\u00f3n entre Quito y la UE. Esta informaci\u00f3n fue recibida a trav\u00e9s de una colaboraci\u00f3n con la Associated Whistleblowing Press mediante su plataforma EcuadorTransparente.org, parte de la red de Filtrala, en la que participan Diagonal, La Marea, elDiario.es y Mongolia.<\/span><\/div>\n<div style=\"text-align: justify;\"> \t&nbsp;<\/div>\n<div style=\"text-align: justify;\"> \t<span style=\"font-size:14px;\">&nbsp;\u201cLa posibilidad de que nuestro pa\u00eds sea excluido del SGP+ es un elemento de presi\u00f3n por parte de la Comisi\u00f3n Europea\u00bb<\/span><\/div>\n<div style=\"text-align: justify;\"> \t&nbsp;<\/div>\n<div style=\"text-align: justify;\"> \t<strong><span style=\"font-size:14px;\">La extorsi\u00f3n de la Uni\u00f3n Europea<\/span><\/strong><\/div>\n<div style=\"text-align: justify;\"> \t&nbsp;<\/div>\n<div style=\"text-align: justify;\"> \t<span style=\"font-size:14px;\">Seg\u00fan afirma el embajador Yepez Lasso en los cables filtrados, la Uni\u00f3n Europea presion\u00f3 a Ecuador para que firme el tratado de libre comercio con la UE, amenaz\u00e1ndolo con dejarlo fuera de los beneficios arancelarios otorgados al pa\u00eds a trav\u00e9s del Sistema General de Preferencias Plus (SGP+), un mecanismo, prorrogado hasta finales de 2014, que abre las fronteras de la Uni\u00f3n a diferentes productos ecuatorianos. El fin del los beneficios del SGP+, por el que entran en Europa el 85% de las exportaciones ecuatorianas, a excepci\u00f3n del banano, supondr\u00edan para las cuentas del pa\u00eds andino el pago de 328 millones anuales en aranceles, seg\u00fan la asociaci\u00f3n de empresarios ecuatorianos Fedexpor.<\/span><\/div>\n<div style=\"text-align: justify;\"> \t&nbsp;<\/div>\n<div style=\"text-align: justify;\"> \t<span style=\"font-size:14px;\">As\u00ed lo explicaba Yepez Lasso en uno de los cables de 2011: \u201cLa posibilidad de que nuestro pa\u00eds sea excluido del SGP+ es un elemento de presi\u00f3n por parte de la Comisi\u00f3n Europea y de ciertos sectores empresariales para que el Ecuador adhiera al TLC concluido por la UE con Colombia y Per\u00fa como \u00fanica alternativa para evitar la p\u00e9rdida de acceso a este mercado\u201d.<\/span><\/div>\n<div style=\"text-align: justify;\"> \t&nbsp;<\/div>\n<div style=\"text-align: justify;\"> \t<img loading=\"lazy\" decoding=\"async\" class=\" size-full wp-image-1161\" alt=\"\" src=\"http:\/\/pueblosencamino.org\/wp\/wp-content\/uploads\/2014\/10\/Bruselas 2.jpg\" style=\"width: 650px; height: 434px;\" width=\"644\" height=\"430\" srcset=\"https:\/\/pueblosencamino.org\/wp-content\/uploads\/2014\/10\/Bruselas%202.jpg 644w, https:\/\/pueblosencamino.org\/wp-content\/uploads\/2014\/10\/Bruselas%202-300x200.jpg 300w\" sizes=\"auto, (max-width: 644px) 100vw, 644px\" \/><\/div>\n<div style=\"text-align: justify;\"> \t<span style=\"font-size:14px;\">El embajador ecuatoriano ante la UE califica el TLC de \u00abagresivo\u00bb, semejante a aquellos que han sido criticados por el propio presidente Correa.<\/span><\/div>\n<div style=\"text-align: justify;\"> \t&nbsp;<\/div>\n<div style=\"text-align: justify;\"> \t<span style=\"font-size:14px;\">Sobre las posibles incompatibilidades entre el tratado y la Constituci\u00f3n de Ecuador y las leyes de Empresas P\u00fablicas y de la Econom\u00eda Popular y Solidaria, Gaspar Frontini, jefe negociador de la Comisi\u00f3n Europea, se mostraba \u201coptimista\u201d, escribe Yepez Lasso, \u201cen el sentido de que determinadas contradicciones y dificultades con las leyes ecuatorianas (\u2026) desaparecer\u00edan ya que el TLC por su jerarqu\u00eda normativa de instrumento internacional prevalecer\u00eda sobre ellas, seg\u00fan nuestro ordenamiento jur\u00eddico\u201d.<\/span><\/div>\n<div style=\"text-align: justify;\"> \t&nbsp;<\/div>\n<div style=\"text-align: justify;\"> \t<span style=\"font-size:14px;\">Seg\u00fan el embajador ecuatoriano, en una conversaci\u00f3n con Frontini, el jefe negociador de la Comisi\u00f3n le confirmaba las opciones del pa\u00eds andino: \u201cEcuador no tiene alternativa a la adhesi\u00f3n, con las particularidades del caso, al TLC concluido con Colombia y Per\u00fa ya que en el 2014 perder\u00eda el SGP+ y, consecuentemente, el acceso privilegiado al mercado europeo. El Ecuador quedar\u00eda aislado, mientras sus competidores andinos y centroamericanos se beneficiar\u00edan de un tratado de libre comercio\u201d.<\/span><\/div>\n<div style=\"text-align: justify;\"> \t&nbsp;<\/div>\n<div style=\"text-align: justify;\"> \t<span style=\"font-size:14px;\">Y se lo confirmaba Tom\u00e1s Dupl\u00e1, entonces director para Am\u00e9rica Latina del Servicio Europeo de Acci\u00f3n Exterior: Ecuador no tiene otra opci\u00f3n que adherirse al \u201cTLC concluido con Colombia y Per\u00fa, con las particularidades del caso\u201d, medida que debe venir acompa\u00f1ada \u201cde la suspensi\u00f3n de la pol\u00edtica de denuncia de los TBI&#8217;s\u201d, en referencia a los tratados bilaterales de protecci\u00f3n rec\u00edproca de inversiones, un mecanismo que somete al Estado a la jurisdicci\u00f3n del Centro Internacional de Arreglo de Diferencias Relativas a Inversiones (CIADI) del Banco Mundial, ambos organismos proclives a la resoluci\u00f3n de conflictos en favor de las compa\u00f1\u00edas transnacionales.<\/span><\/div>\n<div style=\"text-align: justify;\"> \t&nbsp;<\/div>\n<div style=\"text-align: justify;\"> \t<span style=\"font-size:14px;\">La UE exigi\u00f3 a Ecuador que deje de denunciar los tratados bilaterales de protecci\u00f3n de inversiones, amparados por el Banco Mundial<\/span><\/div>\n<div style=\"text-align: justify;\"> \t&nbsp;<\/div>\n<div style=\"text-align: justify;\"> \t<span style=\"font-size:14px;\">Mientras en Ecuador se auditaban los tratados bilaterales de protecci\u00f3n rec\u00edproca de inversiones firmados con anterioridad, Tom\u00e1s Dupla y el comisario europeo Karel de Gucht habr\u00edan conminado a Ecuador a suspender dicha pol\u00edtica de denuncias. M\u00e1s all\u00e1 del contenido de las filtraciones, el presidente Correa a\u00fan no ha firmado la derogaci\u00f3n de los tratados bilaterales en el Legislativo ecuatoriano.<\/span><\/div>\n<div style=\"text-align: justify;\"> \t&nbsp;<\/div>\n<div style=\"text-align: justify;\"> \t<span style=\"font-size:14px;\">El mismo comisario europeo de Comercio, Karel de Gutch, hab\u00eda hablado con la entonces ministra Nathalie Cely \u201ccon particular franqueza, dureza y burdo desd\u00e9n, al afirmar que la UE negocia solamente TLC&#8217;s; que para ello el Ecuador debe reformar su Constituci\u00f3n y que la pol\u00edtica de denuncia de los TBl&#8217;s debe ser superada. \u00c9sa es la flexibilidad de la UE, expresada al m\u00e1s alto nivel de la Comisi\u00f3n Europea, y que de manera alguna permite pensar en apertura hacia nuestros planteamientos esenciales sobre la naturaleza del acuerdo comercial y nuestro modelo de desarrollo\u201d.<\/span><\/div>\n<div style=\"text-align: justify;\"> \t&nbsp;<\/div>\n<div style=\"text-align: justify;\"> \t<img decoding=\"async\" alt=\"\" src=\"https:\/\/www.diagonalperiodico.net\/sites\/default\/files\/dsc_5327.jpg\" style=\"width: 650px; height: 416px;\" \/><\/div>\n<div style=\"text-align: justify;\"> \t<span style=\"font-size:14px;\">Foto de los documentos donde el embajador ante la UE compara el actual TLC con los firmados en los 90.<\/span><\/div>\n<div style=\"text-align: justify;\"> \t&nbsp;<\/div>\n<div style=\"text-align: justify;\"> \t<strong><span style=\"font-size:14px;\">Entre la espada y el TLC<\/span><\/strong><\/div>\n<div style=\"text-align: justify;\"> \t&nbsp;<\/div>\n<div style=\"text-align: justify;\"> \t<span style=\"font-size:14px;\">Para la Uni\u00f3n Europea no hab\u00eda un plan B. Ni un gran margen de negociaci\u00f3n. La adhesi\u00f3n de Ecuador al tratado firmado anteriormente con Per\u00fa y Colombia era el \u00fanico instrumento comercial sobre la mesa de negociaciones. \u201cEl \u00fanico acuerdo comercial posible con la UE es la adhesi\u00f3n al TLC concluido con Colombia y Per\u00fa \u2013defend\u00eda el embajador ecuatoriano en la UE en los cables filtrados\u2013 con las especificidades m\u00ednimas de cada pa\u00eds\u201d. Unas condiciones que dif\u00edcilmente pueden conjugarse con la Constituci\u00f3n ecuatoriana.<\/span><\/div>\n<div style=\"text-align: justify;\"> \t&nbsp;<\/div>\n<div style=\"text-align: justify;\"> \t<span style=\"font-size:14px;\">\u201cEl \u00fanico acuerdo comercial posible con la UE es la adhesi\u00f3n al TLC concluido con Colombia y Per\u00fa\u00bb<\/span><\/div>\n<div style=\"text-align: justify;\"> \t&nbsp;<\/div>\n<div style=\"text-align: justify;\"> \t<span style=\"font-size:14px;\">La Constituci\u00f3n de Montecristi \u2013promulgada en 2007 y que recoge gran cantidad de demandas sociales defendidas en largos ciclos de movilizaciones y levantamientos populares\u2013 proh\u00edbe la firma de tratados que cedan jurisdicci\u00f3n soberana a instancias de arbitrajes internacionales, exige medidas protectoras al sector agroalimentario y pesquero, da prioridad en las compras p\u00fablicas a productos y servicios nacionales, protege la producci\u00f3n nacional y procura el fortalecimiento de los mercados internos. Sin embargo, seg\u00fan afirma el analista e hist\u00f3rico activista Edgar Isch, el texto del acuerdo suscrito entre Ecuador y la UE apenas incorpora modificaciones respecto al de Colombia y Per\u00fa, unas reservas muy menores en cuanto a compras p\u00fablicas, y la inclusi\u00f3n en los anexos de algunas excepciones y plazos para productos sensibles, al igual que los existentes con respecto a los otros dos pa\u00edses andinos.<\/span><\/div>\n<div style=\"text-align: justify;\"> \t&nbsp;<\/div>\n<div style=\"text-align: justify;\"> \t<span style=\"font-size:14px;\">Kintto Lucas fue vicecanciller de Ecuador entre 2010 y 2012, uno de las personas m\u00e1s cercanas a la negociaci\u00f3n del tratado con la Uni\u00f3n Europea. \u201cLo que dec\u00eda en 2012 cuando renunci\u00e9 de vicecanciller se est\u00e1 cumpliendo, Ecuador se adhiere al TLC de Colombia y Per\u00fa con la UE. Que pena\u201d, escrib\u00eda en su cuenta de twitter el martes 7 de octubre. \u201cCon el TLC los restauradores de la derecha est\u00e1n contentos. Se unen cuando se trata de sus grandes intereses. Felicitaciones por la victoria\u201d, escrib\u00eda en la red unos minutos despu\u00e9s.<\/span><\/div>\n<div> \t&nbsp;<\/div>\n<div> \t<a href=\"https:\/\/www.diagonalperiodico.net\/global\/24183-la-ue-chantajeo-ecuador-para-firmase-tlc.html\"><span style=\"font-size:16px;\"><strong>Mart\u00edn C\u00faneo<\/strong><\/span><\/a><\/div>\n<div> \t<a href=\"https:\/\/www.diagonalperiodico.net\/global\/24183-la-ue-chantajeo-ecuador-para-firmase-tlc.html\"><span style=\"font-size:16px;\"><strong>Redacci\u00f3n<\/strong><\/span><\/a><\/div>\n<div> \t<a href=\"https:\/\/www.diagonalperiodico.net\/global\/24183-la-ue-chantajeo-ecuador-para-firmase-tlc.html\"><span style=\"font-size:16px;\"><strong>Diagonal Global<\/strong><\/span><\/a><\/div>\n<div> \t<a href=\"https:\/\/www.diagonalperiodico.net\/global\/24183-la-ue-chantajeo-ecuador-para-firmase-tlc.html\"><span style=\"font-size:16px;\"><strong>08\/10\/14 \u00b7 15:00<\/strong><\/span><\/a><\/div>\n<div> \t<a href=\"https:\/\/www.diagonalperiodico.net\/global\/24183-la-ue-chantajeo-ecuador-para-firmase-tlc.html\"><span style=\"font-size:16px;\"><strong>https:\/\/www.diagonalperiodico.net\/global\/24183-la-ue-chantajeo-ecuador-para-firmase-tlc.html<\/strong><\/span><\/a><\/div>\n<div> \t&nbsp;&nbsp;<\/div>\n","protected":false},"excerpt":{"rendered":"<p>La filtraci\u00f3n de cables entre la sede de la embajada del Ecuador en Bruselas y el Ministerio de Relaciones Exteriores<\/p>\n","protected":false},"author":3,"featured_media":1160,"comment_status":"open","ping_status":"closed","sticky":false,"template":"","format":"standard","meta":{"colormag_page_container_layout":"default_layout","colormag_page_sidebar_layout":"default_layout","ngg_post_thumbnail":0,"footnotes":""},"categories":[37],"tags":[],"class_list":["post-1162","post","type-post","status-publish","format-standard","has-post-thumbnail","hentry","category-c35-contradiciones"],"_links":{"self":[{"href":"https:\/\/pueblosencamino.org\/index.php?rest_route=\/wp\/v2\/posts\/1162","targetHints":{"allow":["GET"]}}],"collection":[{"href":"https:\/\/pueblosencamino.org\/index.php?rest_route=\/wp\/v2\/posts"}],"about":[{"href":"https:\/\/pueblosencamino.org\/index.php?rest_route=\/wp\/v2\/types\/post"}],"author":[{"embeddable":true,"href":"https:\/\/pueblosencamino.org\/index.php?rest_route=\/wp\/v2\/users\/3"}],"replies":[{"embeddable":true,"href":"https:\/\/pueblosencamino.org\/index.php?rest_route=%2Fwp%2Fv2%2Fcomments&post=1162"}],"version-history":[{"count":0,"href":"https:\/\/pueblosencamino.org\/index.php?rest_route=\/wp\/v2\/posts\/1162\/revisions"}],"wp:featuredmedia":[{"embeddable":true,"href":"https:\/\/pueblosencamino.org\/index.php?rest_route=\/wp\/v2\/media\/1160"}],"wp:attachment":[{"href":"https:\/\/pueblosencamino.org\/index.php?rest_route=%2Fwp%2Fv2%2Fmedia&parent=1162"}],"wp:term":[{"taxonomy":"category","embeddable":true,"href":"https:\/\/pueblosencamino.org\/index.php?rest_route=%2Fwp%2Fv2%2Fcategories&post=1162"},{"taxonomy":"post_tag","embeddable":true,"href":"https:\/\/pueblosencamino.org\/index.php?rest_route=%2Fwp%2Fv2%2Ftags&post=1162"}],"curies":[{"name":"wp","href":"https:\/\/api.w.org\/{rel}","templated":true}]}}