{"id":1159,"date":"2014-10-09T04:31:08","date_gmt":"2014-10-09T04:31:08","guid":{"rendered":"http:\/\/pueblosencamino.org\/wp\/?p=1159"},"modified":"2014-10-09T04:31:08","modified_gmt":"2014-10-09T04:31:08","slug":"desde-puembo-ecuador-vivos-se-los-llevaron-vivos-los-queremos-no-a-la-guerra-contra-el-pueblo-de-mexico","status":"publish","type":"post","link":"https:\/\/pueblosencamino.org\/?p=1159","title":{"rendered":"Desde Puembo, Ecuador: \u00a1Vivos se los llevaron, vivos los queremos!. \u00a1\u00a1No a la guerra contra el pueblo de M\u00e9xico!!"},"content":{"rendered":"<p style=\"line-height: normal; font-family: Helvetica; color: rgb(20, 25, 35); text-align: justify;\"> \tEl 26 de septiembre pasado en Iguala, Guerrero, M\u00e9xico, la polic\u00eda municipal de la ciudad en alianza con un grupo de sicarios armados desat\u00f3 una balacera en contra de estudiantes de la Normal Rural de Ayotzinapa que se manifestaban en esa ciudad y tambi\u00e9n en contra de un autob\u00fas de deportistas de Chilpancingo que se trasladaban a Iguala. Como resultado de tales hechos 6 personas resultaron asesinadas.<\/p>\n<p>  <!--more-->  <\/p>\n<p style=\"line-height: normal; font-family: Helvetica; color: rgb(20, 25, 35); min-height: 16px; text-align: justify;\"> \t&nbsp;<\/p>\n<p style=\"line-height: normal; font-family: Helvetica; color: rgb(20, 25, 35); text-align: justify;\"> \tEsa misma noche, adem\u00e1s, \u201cdesaparecieron\u201d 43 estudiantes de la Normal de Ayotzinapa; algunos de los cuales fueron vistos por \u00faltima vez cuando eran detenidos por elementos de la mencionada polic\u00eda municipal. Hasta el d\u00eda de hoy, los 43 estudiantes contin\u00faan sin aparecer, pese a los esfuerzos por encontrarlos que han desplegado sus padres y familiares, sus maestros, las autoridades comunitarias de Guerrero y un gran n\u00famero de personas solidarias que no han escatimado esfuerzos por hallar a los j\u00f3venes normalistas.<\/p>\n<p style=\"line-height: normal; font-family: Helvetica; color: rgb(20, 25, 35); min-height: 16px; text-align: justify;\"> \t&nbsp;<\/p>\n<p style=\"line-height: normal; font-family: Helvetica; color: rgb(20, 25, 35); min-height: 16px; text-align: justify;\"> \t<img decoding=\"async\" alt=\"\" src=\"https:\/\/scontent-a-lax.xx.fbcdn.net\/hphotos-xpa1\/v\/t1.0-9\/1011264_10152922659905312_3753543737858039442_n.jpg?oh=6991037bcd14645ca0322e03197762eb&amp;oe=54AFAE87\" style=\"width: 650px; height: 650px;\" \/><\/p>\n<p style=\"line-height: normal; font-family: Helvetica; color: rgb(20, 25, 35); text-align: justify;\"> \t&nbsp;<\/p>\n<p style=\"line-height: normal; font-family: Helvetica; color: rgb(20, 25, 35); text-align: justify;\"> \t<strong>Ante tales hechos, manifestamos lo siguiente:<\/strong><\/p>\n<p style=\"line-height: normal; font-family: Helvetica; color: rgb(20, 25, 35); min-height: 16px; text-align: justify;\"> \t&nbsp;<\/p>\n<p style=\"line-height: normal; font-family: Helvetica; color: rgb(20, 25, 35); text-align: justify;\"> \t1. Expresamos nuestra m\u00e1s profunda solidaridad con los estudiantes y maestros de la Normal Rural de Ayotzinapa y con sus familiares quienes est\u00e1n sufriendo las m\u00e1s crueles consecuencias de la ya inocultable guerra contra la poblaci\u00f3n que se abate sobre el territorio de la Rep\u00fablica Mexicana, en especial sobre Guerrero.<\/p>\n<p style=\"line-height: normal; font-family: Helvetica; color: rgb(20, 25, 35); min-height: 16px; text-align: justify;\"> \t&nbsp;<\/p>\n<p style=\"line-height: normal; font-family: Helvetica; color: rgb(20, 25, 35); text-align: justify;\"> \t2. Repudiamos la sanguinaria agresi\u00f3n contra los j\u00f3venes estudiantes mexicanos de la Normal de Ayotzinapa, protagonizada por la asociaci\u00f3n criminal entre una dependencia de la fuerza p\u00fablica y grupos de sicarios armados. Lamentamos, adem\u00e1s, que esta terrible acci\u00f3n en este caso exagerada en su crueldad, no es algo ajeno a la vida cotidiana que padece el pueblo de M\u00e9xico, atrapado entre la violencia asesina y la propaganda oficial que banaliza el sufrimiento y pretende ahogar la rabia y la indignaci\u00f3n.<\/p>\n<p style=\"line-height: normal; font-family: Helvetica; color: rgb(20, 25, 35); min-height: 16px; text-align: justify;\"> \t&nbsp;<\/p>\n<p style=\"line-height: normal; font-family: Helvetica; color: rgb(20, 25, 35); text-align: justify;\"> \t3. Saludamos el conjunto de acciones y movilizaciones por la aparici\u00f3n con vida de los hasta hoy desaparecidos normalistas que el d\u00eda de hoy se realizar\u00e1n en distintas ciudades de la Rep\u00fablica Mexicana y nos sumamos a los esfuerzos colectivos por expresar un contundente \u00a1\u00a1\u00a1YA BASTA!!! de violencia contra la poblaci\u00f3n estudiosa y trabajadora, contra las mujeres y los migrantes, contra todos nosotros. Esta acci\u00f3n de repudio, la entendemos tambi\u00e9n como un \u00a1\u00a1\u00a1YA BASTA!!! de impunidad y de soportar la asociaci\u00f3n criminal entre las autoridades de todos los niveles y de todo el sistema pol\u00edtico, coludidos, todos, en esta guerra contra el pueblo de M\u00e9xico.<\/p>\n<p style=\"line-height: normal; font-family: Helvetica; color: rgb(20, 25, 35); min-height: 16px; text-align: justify;\"> \t&nbsp;<\/p>\n<p style=\"line-height: normal; font-family: Helvetica; color: rgb(20, 25, 35); text-align: justify;\"> \t4. Hacemos votos por la perseverancia de la lucha por la aparici\u00f3n de los desaparecidos de Ayotzinapa y ratificamos nuestro compromiso con la necesaria movilizaci\u00f3n social que hoy se hace nuevamente presente en las calles de la Rep\u00fablica y que ser\u00e1 lo \u00fanico que pueda establecer, al fin, un l\u00edmite a esta demencial violencia que se abate sobre la sociedad mexicana.<\/p>\n<p style=\"line-height: normal; font-family: Helvetica; color: rgb(20, 25, 35); text-align: justify;\"> \tPuembo, Ecuador, 8 de octubre de 2014<\/p>\n<p style=\"line-height: normal; font-family: Helvetica; color: rgb(20, 25, 35); min-height: 16px; text-align: justify;\"> \t&nbsp;<\/p>\n<p style=\"line-height: normal; font-family: Helvetica; color: rgb(20, 25, 35); text-align: justify;\"> \t<strong>Raquel Guti\u00e9rrez \u2013 M\u00e9xico<\/strong><\/p>\n<p style=\"line-height: normal; font-family: Helvetica; color: rgb(20, 25, 35); text-align: justify;\"> \t<strong>Alberto Acosta \u2013 Ecuador<\/strong><\/p>\n<p style=\"line-height: normal; font-family: Helvetica; color: rgb(20, 25, 35); text-align: justify;\"> \t<strong>Maristella Svampa \u2013 Argentina<\/strong><\/p>\n<p style=\"line-height: normal; font-family: Helvetica; color: rgb(20, 25, 35); text-align: justify;\"> \t<strong>Edgardo Lander \u2013 Venezuela<\/strong><\/p>\n<p style=\"line-height: normal; font-family: Helvetica; color: rgb(20, 25, 35); text-align: justify;\"> \t<strong>Ulrich Brand \u2013 Austria<\/strong><\/p>\n<p style=\"line-height: normal; font-family: Helvetica; color: rgb(20, 25, 35); text-align: justify;\"> \t<strong>Tadzio Mueller \u2013 Alemania<\/strong><\/p>\n<p style=\"line-height: normal; font-family: Helvetica; color: rgb(20, 25, 35); text-align: justify;\"> \t<strong>Enrique Viale \u2013 Argentina<\/strong><\/p>\n<p style=\"line-height: normal; font-family: Helvetica; color: rgb(20, 25, 35); text-align: justify;\"> \t<strong>William Sacher \u2013 Francia<\/strong><\/p>\n<p style=\"line-height: normal; font-family: Helvetica; color: rgb(20, 25, 35); text-align: justify;\"> \t<strong>Dunia Mokrani- Bolivia<\/strong><\/p>\n<p style=\"line-height: normal; font-family: Helvetica; color: rgb(20, 25, 35); text-align: justify;\"> \t<strong>Claudia L\u00f2pez-Bolivia<\/strong><\/p>\n<p style=\"line-height: normal; font-family: Helvetica; color: rgb(20, 25, 35); text-align: justify;\"> \t<strong>Jenny Robayo-Ecuador<\/strong><\/p>\n<p style=\"line-height: normal; font-family: Helvetica; color: rgb(20, 25, 35); text-align: justify;\"> \t<strong>Evelyn Linde \u2013 Alemania<\/strong><\/p>\n<p style=\"line-height: normal; font-family: Helvetica; color: rgb(20, 25, 35); text-align: justify;\"> \t<strong>Miriam Lang \u2013 Alemania<\/strong><\/p>\n<p style=\"line-height: normal; font-family: Helvetica; color: rgb(20, 25, 35); text-align: justify;\"> \t<strong>Karin Gabbert \u2013 Alemania<\/strong><\/p>\n<p style=\"line-height: normal; font-family: Helvetica; color: rgb(20, 25, 35); text-align: justify;\"> \t<strong>Floresmilo Simba\u00f1a \u2013 Ecuador<\/strong><\/p>\n<p style=\"line-height: normal; font-family: Helvetica; color: rgb(20, 25, 35); text-align: justify;\"> \t<strong>Gerhard Dilger \u2013Brasil<\/strong><\/p>\n<p style=\"line-height: normal; font-family: Helvetica; color: rgb(20, 25, 35); text-align: justify;\"> \t<strong>Marilyn Daza \u2013Per\u00fa<\/strong><\/p>\n<p style=\"line-height: normal; font-family: Helvetica; color: rgb(20, 25, 35); text-align: justify;\"> \t<strong>Esperanza Mart\u00ednez \u2013 Ecuador<\/strong><\/p>\n<p style=\"line-height: normal; font-family: Helvetica; color: rgb(20, 25, 35); text-align: justify;\"> \t<strong>Catalina Toro Perez \u2013 Colombia<\/strong><\/p>\n<p style=\"line-height: normal; font-family: Helvetica; color: rgb(20, 25, 35); text-align: justify;\"> \t<strong>Tatiana Roa Avenda\u00f1o \u2013 Colombia<\/strong><\/p>\n<p style=\"line-height: normal; font-family: Helvetica; color: rgb(20, 25, 35); text-align: justify;\"> \t<strong>Alejandro Mantilla Quijano-Colombia&nbsp;<\/strong><\/p>\n<p style=\"line-height: normal; font-family: Helvetica; color: rgb(20, 25, 35); text-align: justify;\"> \t<strong>Pilar Lizarraga Aranibar \u2013 Bolivia<\/strong><\/p>\n<p style=\"line-height: normal; font-family: Helvetica; color: rgb(20, 25, 35); text-align: justify;\"> \t<strong>V\u00edctor \u00c1lvarez R. \u2013Venezuela<\/strong><\/p>\n<p style=\"line-height: normal; font-family: Helvetica; color: rgb(20, 25, 35); text-align: justify;\"> \t<strong>Klaus Meschkat \u2013 Alemania<\/strong><\/p>\n<p style=\"line-height: normal; font-family: Helvetica; color: rgb(20, 25, 35); text-align: justify;\"> \t<strong>Patricia Zapata \u2013 M\u00e9xico<\/strong><\/p>\n<p style=\"line-height: normal; font-family: Helvetica; color: rgb(20, 25, 35); text-align: justify;\"> \t<strong>Alexandra Mart\u00ecnez- Venezuela<\/strong><\/p>\n<p style=\"line-height: normal; font-family: Helvetica; color: rgb(20, 25, 35); text-align: justify;\"> \t<strong>Elizabeth &lt;Peredo \u2013 Bolivia<\/strong><\/p>\n<p style=\"line-height: normal; font-family: Helvetica; color: rgb(20, 25, 35); text-align: justify;\"> \t<strong>Emiliano Teran Mantovani \u2013 Venezuela<\/strong><\/p>\n<p style=\"line-height: normal; font-family: Helvetica; color: rgb(20, 25, 35); text-align: justify;\"> \t<strong>Elisa vega &#8211; Bolivia<\/strong><\/p>\n<p style=\"line-height: normal; font-family: Helvetica; color: rgb(20, 25, 35); text-align: justify;\"> \t<strong>Camila Moreno \u2013 Brasil<\/strong><\/p>\n<p style=\"line-height: normal; font-family: Helvetica; color: rgb(20, 25, 35); text-align: justify;\"> \t<strong>Verena Glass \u2013 Brasil<\/strong><\/p>\n<p style=\"line-height: normal; font-family: Helvetica; color: rgb(20, 25, 35); text-align: justify;\"> \t<strong>Alejandra Santillana \u2013 Ecuador<\/strong><\/p>\n<p style=\"line-height: normal; font-family: Helvetica; color: rgb(20, 25, 35); text-align: justify;\"> \t<strong>Carlos Crespo \u2013 Ecuador<\/strong><\/p>\n<p style=\"line-height: normal; font-family: Helvetica; color: rgb(20, 25, 35); text-align: justify;\"> \t<strong>Bel\u00e9n Cevallos \u2013 Ecuador<\/strong><\/p>\n<p style=\"line-height: normal; font-family: Helvetica; color: rgb(20, 25, 35); text-align: justify;\"> \t<strong>Pablo Jos\u00e9 Iturralde \u2013 Ecuador<\/strong><\/p>\n<p style=\"line-height: normal; font-family: Helvetica; color: rgb(20, 25, 35); text-align: justify;\"> \t<strong>Raphael Hoetmer \u2013 Holanda\/Peru<\/strong><\/p>\n<p style=\"line-height: normal; font-family: Helvetica; color: rgb(20, 25, 35); text-align: justify;\"> \t<strong>Mario Rodriguez \u2013 Bolivia<\/strong><\/p>\n<p style=\"line-height: normal; font-family: Helvetica; color: rgb(20, 25, 35); text-align: justify;\"> \t<strong>Javier Gomez Aguilar \u2013 Bolivia<\/strong><\/p>\n<p style=\"line-height: normal; font-family: Helvetica; color: rgb(20, 25, 35); text-align: justify;\"> \t<strong>Ra\u00fal Prada Alcoreza \u2013 Bolivia<\/strong><\/p>\n<p style=\"line-height: normal; font-family: Helvetica; color: rgb(20, 25, 35); text-align: justify;\"> \t<strong>Pablo Bertinat \u2013 Argentina<\/strong><\/p>\n<p style=\"line-height: normal; font-family: Helvetica; color: rgb(20, 25, 35); text-align: justify;\"> \t<strong>Sandra R\u00e1tiva \u2013 Colombia<\/strong><\/p>\n<p style=\"line-height: normal; font-family: Helvetica; color: rgb(20, 25, 35); text-align: justify;\"> \t<strong>Jos\u00e9 Luis Exeni &#8211; Bolivia<\/strong><\/p>\n<div> \t&nbsp;<\/div>\n","protected":false},"excerpt":{"rendered":"<p>El 26 de septiembre pasado en Iguala, Guerrero, M\u00e9xico, la polic\u00eda municipal de la ciudad en alianza con un grupo<\/p>\n","protected":false},"author":3,"featured_media":0,"comment_status":"open","ping_status":"closed","sticky":false,"template":"","format":"standard","meta":{"colormag_page_container_layout":"default_layout","colormag_page_sidebar_layout":"default_layout","ngg_post_thumbnail":0,"footnotes":""},"categories":[19],"tags":[],"class_list":["post-1159","post","type-post","status-publish","format-standard","hentry","category-c19-proyectos-de-economia-extractiva"],"_links":{"self":[{"href":"https:\/\/pueblosencamino.org\/index.php?rest_route=\/wp\/v2\/posts\/1159","targetHints":{"allow":["GET"]}}],"collection":[{"href":"https:\/\/pueblosencamino.org\/index.php?rest_route=\/wp\/v2\/posts"}],"about":[{"href":"https:\/\/pueblosencamino.org\/index.php?rest_route=\/wp\/v2\/types\/post"}],"author":[{"embeddable":true,"href":"https:\/\/pueblosencamino.org\/index.php?rest_route=\/wp\/v2\/users\/3"}],"replies":[{"embeddable":true,"href":"https:\/\/pueblosencamino.org\/index.php?rest_route=%2Fwp%2Fv2%2Fcomments&post=1159"}],"version-history":[{"count":0,"href":"https:\/\/pueblosencamino.org\/index.php?rest_route=\/wp\/v2\/posts\/1159\/revisions"}],"wp:attachment":[{"href":"https:\/\/pueblosencamino.org\/index.php?rest_route=%2Fwp%2Fv2%2Fmedia&parent=1159"}],"wp:term":[{"taxonomy":"category","embeddable":true,"href":"https:\/\/pueblosencamino.org\/index.php?rest_route=%2Fwp%2Fv2%2Fcategories&post=1159"},{"taxonomy":"post_tag","embeddable":true,"href":"https:\/\/pueblosencamino.org\/index.php?rest_route=%2Fwp%2Fv2%2Ftags&post=1159"}],"curies":[{"name":"wp","href":"https:\/\/api.w.org\/{rel}","templated":true}]}}