{"id":1158,"date":"2014-10-09T03:18:44","date_gmt":"2014-10-09T03:18:44","guid":{"rendered":"http:\/\/pueblosencamino.org\/wp\/?p=1158"},"modified":"2014-10-09T03:18:44","modified_gmt":"2014-10-09T03:18:44","slug":"educacion-del-campo-que-pare-la-guerra-contra-el-pueblo-de-mexico-y-todos-los-pueblos","status":"publish","type":"post","link":"https:\/\/pueblosencamino.org\/?p=1158","title":{"rendered":"Educaci\u00f3n del Campo: \u00abQue pare la guerra contra el Pueblo de M\u00e9xico y todos los Pueblos\u00bb"},"content":{"rendered":"<p style=\"font-size: 12px; line-height: normal; font-family: Helvetica; text-align: justify;\"> \t<span style=\"font-size:14px;\"><i>M\u00e1s de 1000 delegadas y delegados de todo Brasil, as\u00ed como de Uruguay, Per\u00fa y Bolivia, quienes asisten al II Encuentro Internacional de Educaci\u00f3n del Campo y al Foro Regional del Centro y del Sur de R\u00edo Grande do Sul, Brasil: Educaci\u00f3n, Memoria y Resistencia Popular en la Formaci\u00f3n Social de Am\u00e9rica Latina firman este manifiesto de apoyo con estudiantes y maestros de Ayotzinapa, Guerrero, M\u00e9xico, ante la brutal agresi\u00f3n, secuestro y masacre de \u201cnormalistas\u201d. Compartimos el texto en su totalidad ya que habla por s\u00ed mismo y asume lo que compartimos: este acto de barbarie es un mensaje perverso de terror desde M\u00e9xico, por un sistema que extermina a los pueblos. Por ello terminan convoc\u00e1ndonos a la movilizaci\u00f3n, la solidaridad, la reciprocidad \u201cpara que los derechos y la vida misma sean respetados\u201d. <strong>AS\u00cd S\u00cd<\/strong><\/i><\/span><\/p>\n<p>  <!--more-->  <\/p>\n<p style=\"font-size: 12px; line-height: normal; font-family: Helvetica; min-height: 14px;\"> \t&nbsp;<\/p>\n<p style=\"font-size: 12px; line-height: normal; font-family: Helvetica; min-height: 14px;\"> \t<img decoding=\"async\" alt=\"\" src=\"http:\/\/metiendoruido.com\/wp-content\/uploads\/2013\/07\/mcsoldier.jpg\" style=\"width: 650px; height: 650px;\" \/><\/p>\n<p style=\"font-size: 12px; line-height: normal; font-family: Helvetica; min-height: 14px;\"> \t&nbsp;<\/p>\n<p style=\"font-size: 12px; line-height: normal; font-family: Helvetica; text-align: center;\"> \t<strong><i>LOS ABAJO FIRMANTES, ASISTENTES AL II ENCUENTRO INTERNACIONAL DE EDUCACION DEL CAMPO E FORUM REGIONAL DO CENTRO E SUL DE RS: EDUCACION MEMORIA E RESISTENCIA POPULAR NA FORMACAO SOCIAL DA AMERICA LATINA.<\/i><\/strong><\/p>\n<p style=\"font-size: 12px; line-height: normal; font-family: Helvetica; min-height: 14px;\"> \t&nbsp;<\/p>\n<p style=\"font-size: 12px; line-height: normal; font-family: Helvetica; text-align: center;\"> \t<strong><i>SOLIDARIDAD CON LOS ESTUDIANTES Y MAESTROS <\/i><\/strong><\/p>\n<p style=\"font-size: 12px; line-height: normal; font-family: Helvetica; text-align: center;\"> \t<strong><i>DE AYOTZINAPA EN IGUALA, GUERRERO-MEXICO.<\/i><\/strong><\/p>\n<p style=\"font-size: 12px; line-height: normal; font-family: Helvetica; min-height: 14px;\"> \t&nbsp;<\/p>\n<p style=\"font-size: 12px; line-height: normal; font-family: Helvetica; min-height: 14px;\"> \t<img decoding=\"async\" alt=\"\" src=\"http:\/\/www.siempre.com.mx\/wp-content\/uploads\/2013\/01\/ayotzinapa.jpg\" style=\"width: 650px; height: 433px;\" \/><\/p>\n<p style=\"font-size: 12px; line-height: normal; font-family: Helvetica; min-height: 14px;\"> \t&nbsp;<\/p>\n<p style=\"font-size: 12px; line-height: normal; font-family: Helvetica;\"> \t<i>EL PASADO 26 DE SEPTIEMBRE UNA ACCION PACIFICA DE ESTUDIANTES DE LA NORMAL RURAL DE AYOTZINAPA EN IGAUALA, MEXICO, FUE CRIMINALMENTE REPRIMIDA , CON ARMAS DE FUEGO Y RAFAGAS , POR LA POLICIA MUNICIPAL EN ASOCIACION CON GRUPOS DELINCUENCIALES DE NARCOTRAFICANTES, ASI COMO CONTRA UN BUS DE DEPORTISTAS DE UN EQUIPO DE FUTBOL , DONDE MURIERON 6 PERSONAS.<\/i><\/p>\n<p style=\"font-size: 12px; line-height: normal; font-family: Helvetica;\"> \t&nbsp;<\/p>\n<p style=\"font-size: 12px; line-height: normal; font-family: Helvetica;\"> \t<img decoding=\"async\" alt=\"\" src=\"http:\/\/4.bp.blogspot.com\/-KyItwYe9jRY\/Tuet9W7pVxI\/AAAAAAAABXE\/WYgXCPprf9U\/s1600\/Estudiantes-Ayotzinapa-La-tragedia-Chilpancingo+%283%29.jpg\" style=\"width: 650px; height: 433px;\" \/><\/p>\n<p style=\"font-size: 12px; line-height: normal; font-family: Helvetica; min-height: 14px;\"> \t&nbsp;<\/p>\n<p style=\"font-size: 12px; line-height: normal; font-family: Helvetica;\"> \t<i>ESE DIA, FRUTO DE LA REPRESION, \u201cDESAPARECIERON\u201d 43 ESTUDIANTES Y HACE UNOS DIAS SE ENCONTRO UNA FOSA CON 32 CADAVERES, QUE PRESUMIBLEMENTE CORRESPONDAN A LOS ESTUDIANTES,&nbsp; QUIENES, POR LOS EXAMENES FORENSES, FUERON DESHOLLADOS, TORTURADOS Y QUEMADOS VIVOS.<\/i><\/p>\n<p style=\"font-size: 12px; line-height: normal; font-family: Helvetica;\"> \t&nbsp;<\/p>\n<p style=\"font-size: 12px; line-height: normal; font-family: Helvetica;\"> \t<img decoding=\"async\" alt=\"\" src=\"http:\/\/www.ecestaticos.com\/imagestatic\/clipping\/afa\/463\/169\/afa46316915b6630e8de0901d47f1714.jpg?mtime=1412698485\" style=\"width: 650px; height: 291px;\" \/><\/p>\n<p style=\"font-size: 12px; line-height: normal; font-family: Helvetica; min-height: 14px;\"> \t&nbsp;<\/p>\n<p style=\"font-size: 12px; line-height: normal; font-family: Helvetica;\"> \t<i>EL PUEBLO MEXICANO, ASI COMO MUCHOS PUEBLOS DE LA AMERICA, SUFREN LAS CONSECUENCIAS DE LA REPRESION ESTATAL, QUE ASOCIADAS CON LOS GRANDES INTERESES CORPORATIVOS, PRETENDEN DESPOJAR DE LOS BIENES COMUNES O LOS DERECHOS DE LA POBLACION SENCILLA Y TRABAJADORA.<\/i><\/p>\n<p style=\"font-size: 12px; line-height: normal; font-family: Helvetica;\"> \t&nbsp;<\/p>\n<p style=\"font-size: 12px; line-height: normal; font-family: Helvetica;\"> \t<img decoding=\"async\" alt=\"\" src=\"http:\/\/www.liberaradio.com\/wp-content\/uploads\/2014\/10\/ayotzinapa.jpg.jpg\" style=\"width: 650px; height: 430px;\" \/><\/p>\n<p style=\"font-size: 12px; line-height: normal; font-family: Helvetica; min-height: 14px;\"> \t&nbsp;<\/p>\n<p style=\"font-size: 12px; line-height: normal; font-family: Helvetica;\"> \t<i>ESTE SEMINARIO, COMPUESTO EN SU MAYORIA POR ESTUDIANTES, PROFESORES, ORGANIZADORES Y ACTIVISTAS SOCIALES, HA SENTIDO PROFUNDAMENTE LO SUCEDIDO EN LA HERMANA REPUBLICA DE MEXICO, POR LO TANTO SE RESUELVE:<\/i><\/p>\n<p style=\"font-size: 12px; line-height: normal; font-family: Helvetica; min-height: 14px;\"> \t&nbsp;<\/p>\n<p style=\"font-size: 12px; line-height: normal; font-family: Helvetica;\"> \t<i>1.<span class=\"Apple-tab-span\" style=\"white-space:pre\"> <\/span>SOLIDARIDAD PLENA CON LOS ESTUDIANTES, PROFESORES, MADRES Y PADRES DE FAMILIA DE ESTA COMUNIDAD, QUIENES, LUEGO DE VARIOS DIAS CONTINUAN EN LA BUSQUEDA DE SUS SERES QUERIDOS Y EXIGEN EL RETORNO DE LOS 43 DESAPARECIDOS BAJO LA CONSIGNA DE \u201cVIVOS SE LOS LLEVARON, VIVOS LOS QUEREMOS\u201d.<\/i><\/p>\n<p style=\"font-size: 12px; line-height: normal; font-family: Helvetica;\"> \t&nbsp;<\/p>\n<p style=\"font-size: 12px; line-height: normal; font-family: Helvetica;\"> \t<img decoding=\"async\" alt=\"\" src=\"http:\/\/2.bp.blogspot.com\/-19hENkrvQJ4\/UXpoawBNalI\/AAAAAAAAFBE\/RLoN3_mqr_g\/s1600\/AYOTZINAPA.jpg\" style=\"width: 650px; height: 331px;\" \/><\/p>\n<p style=\"font-size: 12px; line-height: normal; font-family: Helvetica;\"> \t&nbsp;<\/p>\n<p style=\"font-size: 12px; line-height: normal; font-family: Helvetica;\"> \t<i>2.<span class=\"Apple-tab-span\" style=\"white-space:pre\"> <\/span>CONDENAMOS LOS ACTOS CRIMINALES DE GENOCIDIO, BRUTALIDAD Y HORROR POR PARTE DE LA POLICIA MUNICIPAL, SECTOR PUBLICO QUE COMPROBADAMENTE ACTUO EN CONJUNTO CON BANDAS DE NARCOTRAFICANTES, TAL ES ASI QUE EL ALCALDE DE IGUALA, ASI COMO EL ENCARGADO DE SEGURIDAD DEL MUNICIPIO, SE ENCUENTRAN PROFUGOS Y MAS DE 20 POLICIAS DETENIDOS.<\/i><\/p>\n<p style=\"font-size: 12px; line-height: normal; font-family: Helvetica;\"> \t&nbsp;<\/p>\n<p style=\"font-size: 12px; line-height: normal; font-family: Helvetica;\"> \t<i>3.<span class=\"Apple-tab-span\" style=\"white-space:pre\"> <\/span>HACEMOS UN LLAMADO A LA COMUNIDAD INTERNACIONAL DE LA GENTE DE NUESTROS PUEBLOS, A GOBERNANTES QUE SE AUTO-PROCLAMAN PROGRESISTAS Y DE IZQUIERDA A PRONUNCIARSE, MOVILIZARSE Y TOMAR ACCIONES QUE PERMITAN QUE LA GUERRA DESATADA CONTRA EL PUEBLO MEXICANO Y OTROS PUEBLOS PAREN, ENTENDIENDO QUE SOLO LA MOVILIZACION SOCIAL DE SOLIDARIDAD, RECIPROCIDAD Y APOYO MUTUO SON LOS UNICOS INSTRUMENTOS QUE TIENEN NUESTROS PUEBLOS PARA QUE SUS DERECHOS Y LA VIDA MISMA SEAN RESPETADOS.<\/i><\/p>\n<p style=\"font-size: 12px; line-height: normal; font-family: Helvetica;\"> \t&nbsp;<\/p>\n<p style=\"font-size: 12px; line-height: normal; font-family: Helvetica;\"> \t<img decoding=\"async\" alt=\"\" src=\"http:\/\/www.centrodememoriahistorica.gov.co\/micrositios\/informeGeneral\/images\/portada-basta-ya-informe.jpg\" style=\"width: 650px; height: 348px;\" \/><\/p>\n<p style=\"font-size: 12px; line-height: normal; font-family: Helvetica; min-height: 14px;\"> \t&nbsp;<\/p>\n<p style=\"font-size: 12px; line-height: normal; font-family: Helvetica;\"> \t<span style=\"font-size:16px;\"><strong>Siguen firmas de m\u00e1s de 1000 delegadas y delegados de todo Brasil, as\u00ed como de Uruguay, Per\u00fa y Bolivia, entre quienes se cuentan los compa\u00f1eros Hugo Blanco Galdos y \u00d3scar Olivera Foronda<\/strong><\/span><\/p>\n<p style=\"font-size: 12px; line-height: normal; font-family: Helvetica;\"> \t&nbsp;<\/p>\n<p style=\"font-size: 12px; line-height: normal; font-family: Helvetica;\"> \t<span style=\"font-size:16px;\"><strong>Santa Mar\u00eda, Rio Grande do Sul, Brasil, octubre 8 del 2014<\/strong><\/span><\/p>\n","protected":false},"excerpt":{"rendered":"<p>M\u00e1s de 1000 delegadas y delegados de todo Brasil, as\u00ed como de Uruguay, Per\u00fa y Bolivia, quienes asisten al II<\/p>\n","protected":false},"author":3,"featured_media":0,"comment_status":"open","ping_status":"closed","sticky":false,"template":"","format":"standard","meta":{"colormag_page_container_layout":"default_layout","colormag_page_sidebar_layout":"default_layout","ngg_post_thumbnail":0,"footnotes":""},"categories":[28],"tags":[],"class_list":["post-1158","post","type-post","status-publish","format-standard","hentry","category-c14-economias-alternativas-y-solidarias"],"_links":{"self":[{"href":"https:\/\/pueblosencamino.org\/index.php?rest_route=\/wp\/v2\/posts\/1158","targetHints":{"allow":["GET"]}}],"collection":[{"href":"https:\/\/pueblosencamino.org\/index.php?rest_route=\/wp\/v2\/posts"}],"about":[{"href":"https:\/\/pueblosencamino.org\/index.php?rest_route=\/wp\/v2\/types\/post"}],"author":[{"embeddable":true,"href":"https:\/\/pueblosencamino.org\/index.php?rest_route=\/wp\/v2\/users\/3"}],"replies":[{"embeddable":true,"href":"https:\/\/pueblosencamino.org\/index.php?rest_route=%2Fwp%2Fv2%2Fcomments&post=1158"}],"version-history":[{"count":0,"href":"https:\/\/pueblosencamino.org\/index.php?rest_route=\/wp\/v2\/posts\/1158\/revisions"}],"wp:attachment":[{"href":"https:\/\/pueblosencamino.org\/index.php?rest_route=%2Fwp%2Fv2%2Fmedia&parent=1158"}],"wp:term":[{"taxonomy":"category","embeddable":true,"href":"https:\/\/pueblosencamino.org\/index.php?rest_route=%2Fwp%2Fv2%2Fcategories&post=1158"},{"taxonomy":"post_tag","embeddable":true,"href":"https:\/\/pueblosencamino.org\/index.php?rest_route=%2Fwp%2Fv2%2Ftags&post=1158"}],"curies":[{"name":"wp","href":"https:\/\/api.w.org\/{rel}","templated":true}]}}